{"id":56917,"date":"2018-09-20T19:13:15","date_gmt":"2018-09-20T17:13:15","guid":{"rendered":"http:\/\/www.region-schwabach.de\/wordpress\/?p=56917"},"modified":"2018-09-20T19:22:40","modified_gmt":"2018-09-20T17:22:40","slug":"schneller-ermittlungserfolg-nach-einbruch-in-roth","status":"publish","type":"post","link":"https:\/\/www.region-schwabach.de\/wordpress\/schneller-ermittlungserfolg-nach-einbruch-in-roth\/","title":{"rendered":"Schneller Ermittlungserfolg nach Einbruch in Roth"},"content":{"rendered":"\t\t<div data-elementor-type=\"wp-post\" data-elementor-id=\"56917\" class=\"elementor elementor-56917 elementor-bc-flex-widget\">\n\t\t\t\t\t\t<section class=\"elementor-section elementor-top-section elementor-element elementor-element-1cuv9jr elementor-section-boxed elementor-section-height-default elementor-section-height-default\" data-id=\"1cuv9jr\" data-element_type=\"section\">\n\t\t\t\t\t\t<div class=\"elementor-container elementor-column-gap-default\">\n\t\t\t\t\t<div class=\"elementor-column elementor-col-66 elementor-top-column elementor-element elementor-element-q5zak7b\" data-id=\"q5zak7b\" data-element_type=\"column\">\n\t\t\t<div class=\"elementor-widget-wrap elementor-element-populated\">\n\t\t\t\t\t\t<div class=\"elementor-element elementor-element-763ecdd elementor-widget elementor-widget-text-editor\" data-id=\"763ecdd\" data-element_type=\"widget\" data-widget_type=\"text-editor.default\">\n\t\t\t\t<div class=\"elementor-widget-container\">\n\t\t\t\t\t\t\t<h3>Schneller Fahndungserfolg<\/h3><p>Roth &#8211; Der Einbruch in ein Fotogesch\u00e4ft in Roth Anfang September konnte durch die Polizei schnell aufgekl\u00e4rt werden &#8211; zwei Personen wurden als Tatverd\u00e4chtige ermittelt, nachdem einer der beiden T\u00e4ter Teile des Diebesgutes auf einer Internetplattform zum Verkauf angeboten hatte .<\/p><h3>Gesch\u00e4digter entdeckt Diebesgut im Internet<\/h3><p>Dem Inhaber des bestohlenen Fotogesch\u00e4fts war die entsprechende Anzeige im Internet aufgefallen, und er verst\u00e4ndigte umgehend die Polizei, die dann bei einem fingierten Treffen den Verk\u00e4ufer samt Teilen des Diebesgutes, sowie einen weiteren Beteiligten festnehmen konnte. Im Laufe der weiteren Ermittlungen wurden dann in diversen Verstecken weitere wertvolle Teile der Tatbeute gefunden.<\/p><h3>Tatverd\u00e4chtigen u. U. noch f\u00fcr weitere Einbr\u00fcche verantwortlich<\/h3><p>Ob die beiden Tatverd\u00e4chtigen u. U. noch f\u00fcr weitere Einbr\u00fcche in Frage kommen ist nun Gegenstand der weiteren Ermittlungen der Polizei Roth.<\/p><p><a href=\"https:\/\/www.region-schwabach.de\/wordpress\/einbruch-in-fotostudio-in-roth\/\" target=\"_blank\" rel=\"noopener\">Die Originalmeldung zum Einbruch in das Fotogesch\u00e4ft gibt es hier &#8230;<\/a><\/p>\t\t\t\t\t\t<\/div>\n\t\t\t\t<\/div>\n\t\t\t\t<div class=\"elementor-element elementor-element-ace1283 elementor-widget-divider--view-line elementor-widget elementor-widget-divider\" data-id=\"ace1283\" data-element_type=\"widget\" data-widget_type=\"divider.default\">\n\t\t\t\t<div class=\"elementor-widget-container\">\n\t\t\t\t\t<div class=\"elementor-divider\">\n\t\t\t<span class=\"elementor-divider-separator\">\n\t\t\t\t\t\t<\/span>\n\t\t<\/div>\n\t\t\t\t<\/div>\n\t\t\t\t<\/div>\n\t\t\t\t<div class=\"elementor-element elementor-element-1l7zbzo elementor-widget elementor-widget-google_maps\" data-id=\"1l7zbzo\" data-element_type=\"widget\" data-widget_type=\"google_maps.default\">\n\t\t\t\t<div class=\"elementor-widget-container\">\n\t\t\t\t\t<div class=\"elementor-custom-embed\">\n\t\t\t<iframe loading=\"lazy\"\n\t\t\t\t\tsrc=\"https:\/\/maps.google.com\/maps?q=Gartenstra%C3%9Fe%2C%20Roth%2C%20Deutschland&#038;t=m&#038;z=17&#038;output=embed&#038;iwloc=near\"\n\t\t\t\t\ttitle=\"Gartenstra\u00dfe, Roth, Deutschland\"\n\t\t\t\t\taria-label=\"Gartenstra\u00dfe, Roth, Deutschland\"\n\t\t\t><\/iframe>\n\t\t<\/div>\n\t\t\t\t<\/div>\n\t\t\t\t<\/div>\n\t\t\t\t\t<\/div>\n\t\t<\/div>\n\t\t\t\t<div class=\"elementor-column elementor-col-33 elementor-top-column elementor-element elementor-element-0w0urt1\" data-id=\"0w0urt1\" data-element_type=\"column\">\n\t\t\t<div class=\"elementor-widget-wrap elementor-element-populated\">\n\t\t\t\t\t\t<div class=\"elementor-element elementor-element-mo6nk5i elementor-widget elementor-widget-image\" data-id=\"mo6nk5i\" data-element_type=\"widget\" data-widget_type=\"image.default\">\n\t\t\t\t<div class=\"elementor-widget-container\">\n\t\t\t\t\t\t\t\t\t\t\t\t\t\t<a href=\"http:\/\/www.region-schwabach.de\/wordpress\/werben-auf-region-schwabach\/\" target=\"_blank\">\n\t\t\t\t\t\t\t<img fetchpriority=\"high\" decoding=\"async\" width=\"1024\" height=\"1024\" src=\"https:\/\/www.region-schwabach.de\/wordpress\/wp-content\/uploads\/2017\/06\/werbung8-1024x1024.png\" class=\"attachment-large size-large wp-image-2484\" alt=\"\" srcset=\"https:\/\/www.region-schwabach.de\/wordpress\/wp-content\/uploads\/2017\/06\/werbung8-1024x1024.png 1024w, https:\/\/www.region-schwabach.de\/wordpress\/wp-content\/uploads\/2017\/06\/werbung8-150x150.png 150w, https:\/\/www.region-schwabach.de\/wordpress\/wp-content\/uploads\/2017\/06\/werbung8-300x300.png 300w, https:\/\/www.region-schwabach.de\/wordpress\/wp-content\/uploads\/2017\/06\/werbung8-768x768.png 768w, https:\/\/www.region-schwabach.de\/wordpress\/wp-content\/uploads\/2017\/06\/werbung8-600x600.png 600w, https:\/\/www.region-schwabach.de\/wordpress\/wp-content\/uploads\/2017\/06\/werbung8.png 1200w\" sizes=\"(max-width: 1024px) 100vw, 1024px\" \/>\t\t\t\t\t\t\t\t<\/a>\n\t\t\t\t\t\t\t\t\t\t\t\t\t<\/div>\n\t\t\t\t<\/div>\n\t\t\t\t\t<\/div>\n\t\t<\/div>\n\t\t\t\t\t<\/div>\n\t\t<\/section>\n\t\t\t\t<\/div>\n\t\t","protected":false},"excerpt":{"rendered":"<div class=\"mh-excerpt\"><p>Schneller Fahndungserfolg Roth &#8211; Der Einbruch in ein Fotogesch\u00e4ft in Roth Anfang September konnte durch die Polizei schnell aufgekl\u00e4rt werden &#8211; zwei Personen wurden als Tatverd\u00e4chtige ermittelt, nachdem einer der beiden T\u00e4ter Teile des Diebesgutes <a class=\"mh-excerpt-more\" href=\"https:\/\/www.region-schwabach.de\/wordpress\/schneller-ermittlungserfolg-nach-einbruch-in-roth\/\" title=\"Schneller Ermittlungserfolg nach Einbruch in Roth\">[&#8230;]<\/a><\/p>\n<\/div>","protected":false},"author":1,"featured_media":56918,"comment_status":"open","ping_status":"open","sticky":false,"template":"","format":"standard","meta":{"_cbd_carousel_blocks":"[]","footnotes":""},"categories":[15],"tags":[818,3459,2169,217,5829,3709,981,32,3881,6029],"class_list":{"0":"post-56917","1":"post","2":"type-post","3":"status-publish","4":"format-standard","5":"has-post-thumbnail","7":"category-polizeimeldungen","8":"tag-anfang-september","9":"tag-aufklaerung","10":"tag-diebesgut","11":"tag-einbruch","12":"tag-fotogeschaeft","13":"tag-internetplattform","14":"tag-polizei","15":"tag-roth","16":"tag-september-2018","17":"tag-tatverdaechtige"},"_links":{"self":[{"href":"https:\/\/www.region-schwabach.de\/wordpress\/wp-json\/wp\/v2\/posts\/56917","targetHints":{"allow":["GET"]}}],"collection":[{"href":"https:\/\/www.region-schwabach.de\/wordpress\/wp-json\/wp\/v2\/posts"}],"about":[{"href":"https:\/\/www.region-schwabach.de\/wordpress\/wp-json\/wp\/v2\/types\/post"}],"author":[{"embeddable":true,"href":"https:\/\/www.region-schwabach.de\/wordpress\/wp-json\/wp\/v2\/users\/1"}],"replies":[{"embeddable":true,"href":"https:\/\/www.region-schwabach.de\/wordpress\/wp-json\/wp\/v2\/comments?post=56917"}],"version-history":[{"count":0,"href":"https:\/\/www.region-schwabach.de\/wordpress\/wp-json\/wp\/v2\/posts\/56917\/revisions"}],"wp:featuredmedia":[{"embeddable":true,"href":"https:\/\/www.region-schwabach.de\/wordpress\/wp-json\/wp\/v2\/media\/56918"}],"wp:attachment":[{"href":"https:\/\/www.region-schwabach.de\/wordpress\/wp-json\/wp\/v2\/media?parent=56917"}],"wp:term":[{"taxonomy":"category","embeddable":true,"href":"https:\/\/www.region-schwabach.de\/wordpress\/wp-json\/wp\/v2\/categories?post=56917"},{"taxonomy":"post_tag","embeddable":true,"href":"https:\/\/www.region-schwabach.de\/wordpress\/wp-json\/wp\/v2\/tags?post=56917"}],"curies":[{"name":"wp","href":"https:\/\/api.w.org\/{rel}","templated":true}]}}