{"id":56933,"date":"2018-09-21T09:02:59","date_gmt":"2018-09-21T07:02:59","guid":{"rendered":"http:\/\/www.region-schwabach.de\/wordpress\/?p=56933"},"modified":"2018-09-21T09:12:02","modified_gmt":"2018-09-21T07:12:02","slug":"verkehrssicherheitsaktion-zum-thema-ablenkung-im-strassenverkehr","status":"publish","type":"post","link":"https:\/\/www.region-schwabach.de\/wordpress\/verkehrssicherheitsaktion-zum-thema-ablenkung-im-strassenverkehr\/","title":{"rendered":"Verkehrssicherheitsaktion zum Thema \u201eAblenkung im Stra\u00dfenverkehr\u201c"},"content":{"rendered":"\t\t<div data-elementor-type=\"wp-post\" data-elementor-id=\"56933\" class=\"elementor elementor-56933 elementor-bc-flex-widget\">\n\t\t\t\t\t\t<section class=\"elementor-section elementor-top-section elementor-element elementor-element-1cuv9jr elementor-section-boxed elementor-section-height-default elementor-section-height-default\" data-id=\"1cuv9jr\" data-element_type=\"section\">\n\t\t\t\t\t\t<div class=\"elementor-container elementor-column-gap-default\">\n\t\t\t\t\t<div class=\"elementor-column elementor-col-66 elementor-top-column elementor-element elementor-element-q5zak7b\" data-id=\"q5zak7b\" data-element_type=\"column\">\n\t\t\t<div class=\"elementor-widget-wrap elementor-element-populated\">\n\t\t\t\t\t\t<div class=\"elementor-element elementor-element-763ecdd elementor-widget elementor-widget-text-editor\" data-id=\"763ecdd\" data-element_type=\"widget\" data-widget_type=\"text-editor.default\">\n\t\t\t\t<div class=\"elementor-widget-container\">\n\t\t\t\t\t\t\t<h3><strong>L\u00e4nder\u00fcbergreifende Verkehrssicherheitsaktion zum Thema \u201e Ablenkung im Stra\u00dfenverkehr<\/strong><strong>\u201c<\/strong><\/h3><p>Hilpoltstein &#8211;\u00a0Am Donnerstag, den 20.09.2018, fand im Zeitraum von 06.00 bis 22.00 Uhr oben genannte Verkehrssicherheitsaktion statt. Auch im Dienstbereich der PI Hilpoltstein wurden zahlreiche Kontrollen des flie\u00dfenden Verkehres durchgef\u00fchrt, die schwerpunktm\u00e4\u00dfig auf das Thema \u201eAblenkung\u201c insbesondere durch Benutzung des Mobiltelefons oder Bedienung des Navigationsger\u00e4tes w\u00e4hrend der Fahrt abzielten.<\/p><h3>Ca. 1.000\u00a0Verkehrsteilnehmer kontrolliert<\/h3><p>Insgesamt wurden ca. 1000 Verkehrsteilnehmer an Kontrollstellen im Stadtgebiet Hilpoltstein, Greding, sowie im Marktgemeindebereich Allersberg kontrolliert. Insgesamt wurden drei \u201eHandyverst\u00f6\u00dfe\u201c beim F\u00fchren von Kraftfahrzeugen festgestellt. Hinzu kam die Ahndung von sechs Verst\u00f6\u00dfen gegen die Gurtanlegepflicht und eine Beanstandung wegen mangelhaft gesicherter Ladung. Im landesweiten Vergleich wurden im Dienstbereich der PI Hilpoltstein erfreulicherweise unterdurchschnittlich viele Verst\u00f6\u00dfe festgestellt.<\/p>\t\t\t\t\t\t<\/div>\n\t\t\t\t<\/div>\n\t\t\t\t<div class=\"elementor-element elementor-element-ace1283 elementor-widget-divider--view-line elementor-widget elementor-widget-divider\" data-id=\"ace1283\" data-element_type=\"widget\" data-widget_type=\"divider.default\">\n\t\t\t\t<div class=\"elementor-widget-container\">\n\t\t\t\t\t<div class=\"elementor-divider\">\n\t\t\t<span class=\"elementor-divider-separator\">\n\t\t\t\t\t\t<\/span>\n\t\t<\/div>\n\t\t\t\t<\/div>\n\t\t\t\t<\/div>\n\t\t\t\t<div class=\"elementor-element elementor-element-1l7zbzo elementor-widget elementor-widget-google_maps\" data-id=\"1l7zbzo\" data-element_type=\"widget\" data-widget_type=\"google_maps.default\">\n\t\t\t\t<div class=\"elementor-widget-container\">\n\t\t\t\t\t<div class=\"elementor-custom-embed\">\n\t\t\t<iframe loading=\"lazy\"\n\t\t\t\t\tsrc=\"https:\/\/maps.google.com\/maps?q=Hilpoltstein%2C%20Deutschland&#038;t=m&#038;z=11&#038;output=embed&#038;iwloc=near\"\n\t\t\t\t\ttitle=\"Hilpoltstein, Deutschland\"\n\t\t\t\t\taria-label=\"Hilpoltstein, Deutschland\"\n\t\t\t><\/iframe>\n\t\t<\/div>\n\t\t\t\t<\/div>\n\t\t\t\t<\/div>\n\t\t\t\t\t<\/div>\n\t\t<\/div>\n\t\t\t\t<div class=\"elementor-column elementor-col-33 elementor-top-column elementor-element elementor-element-0w0urt1\" data-id=\"0w0urt1\" data-element_type=\"column\">\n\t\t\t<div class=\"elementor-widget-wrap elementor-element-populated\">\n\t\t\t\t\t\t<div class=\"elementor-element elementor-element-mo6nk5i elementor-widget elementor-widget-image\" data-id=\"mo6nk5i\" data-element_type=\"widget\" data-widget_type=\"image.default\">\n\t\t\t\t<div class=\"elementor-widget-container\">\n\t\t\t\t\t\t\t\t\t\t\t\t\t\t<a href=\"http:\/\/www.region-schwabach.de\/wordpress\/werben-auf-region-schwabach\/\" target=\"_blank\">\n\t\t\t\t\t\t\t<img fetchpriority=\"high\" decoding=\"async\" width=\"1024\" height=\"1024\" src=\"https:\/\/www.region-schwabach.de\/wordpress\/wp-content\/uploads\/2017\/06\/werbung8-1024x1024.png\" class=\"attachment-large size-large wp-image-2484\" alt=\"\" srcset=\"https:\/\/www.region-schwabach.de\/wordpress\/wp-content\/uploads\/2017\/06\/werbung8-1024x1024.png 1024w, https:\/\/www.region-schwabach.de\/wordpress\/wp-content\/uploads\/2017\/06\/werbung8-150x150.png 150w, https:\/\/www.region-schwabach.de\/wordpress\/wp-content\/uploads\/2017\/06\/werbung8-300x300.png 300w, https:\/\/www.region-schwabach.de\/wordpress\/wp-content\/uploads\/2017\/06\/werbung8-768x768.png 768w, https:\/\/www.region-schwabach.de\/wordpress\/wp-content\/uploads\/2017\/06\/werbung8-600x600.png 600w, https:\/\/www.region-schwabach.de\/wordpress\/wp-content\/uploads\/2017\/06\/werbung8.png 1200w\" sizes=\"(max-width: 1024px) 100vw, 1024px\" \/>\t\t\t\t\t\t\t\t<\/a>\n\t\t\t\t\t\t\t\t\t\t\t\t\t<\/div>\n\t\t\t\t<\/div>\n\t\t\t\t\t<\/div>\n\t\t<\/div>\n\t\t\t\t\t<\/div>\n\t\t<\/section>\n\t\t\t\t<\/div>\n\t\t","protected":false},"excerpt":{"rendered":"<div class=\"mh-excerpt\"><p>L\u00e4nder\u00fcbergreifende Verkehrssicherheitsaktion zum Thema \u201e Ablenkung im Stra\u00dfenverkehr\u201c Hilpoltstein &#8211;\u00a0Am Donnerstag, den 20.09.2018, fand im Zeitraum von 06.00 bis 22.00 Uhr oben genannte Verkehrssicherheitsaktion statt. Auch im Dienstbereich der PI Hilpoltstein wurden zahlreiche Kontrollen des <a class=\"mh-excerpt-more\" href=\"https:\/\/www.region-schwabach.de\/wordpress\/verkehrssicherheitsaktion-zum-thema-ablenkung-im-strassenverkehr\/\" title=\"Verkehrssicherheitsaktion zum Thema \u201eAblenkung im Stra\u00dfenverkehr\u201c\">[&#8230;]<\/a><\/p>\n<\/div>","protected":false},"author":1,"featured_media":56934,"comment_status":"open","ping_status":"open","sticky":false,"template":"","format":"standard","meta":{"_cbd_carousel_blocks":"[]","footnotes":""},"categories":[15],"tags":[6039,3136,458,6040,297,6038,6041,981,6037],"class_list":{"0":"post-56933","1":"post","2":"type-post","3":"status-publish","4":"format-standard","5":"has-post-thumbnail","7":"category-polizeimeldungen","8":"tag-ablenkung-im-strassenverkehr","9":"tag-20-09-2018","10":"tag-gurtanlegepflicht","11":"tag-handyverstoesse","12":"tag-hilpoltstein","13":"tag-kontrollen","14":"tag-mangelhaft-gesicherte-ladung","15":"tag-polizei","16":"tag-verkehrssicherheitsaktion"},"_links":{"self":[{"href":"https:\/\/www.region-schwabach.de\/wordpress\/wp-json\/wp\/v2\/posts\/56933","targetHints":{"allow":["GET"]}}],"collection":[{"href":"https:\/\/www.region-schwabach.de\/wordpress\/wp-json\/wp\/v2\/posts"}],"about":[{"href":"https:\/\/www.region-schwabach.de\/wordpress\/wp-json\/wp\/v2\/types\/post"}],"author":[{"embeddable":true,"href":"https:\/\/www.region-schwabach.de\/wordpress\/wp-json\/wp\/v2\/users\/1"}],"replies":[{"embeddable":true,"href":"https:\/\/www.region-schwabach.de\/wordpress\/wp-json\/wp\/v2\/comments?post=56933"}],"version-history":[{"count":0,"href":"https:\/\/www.region-schwabach.de\/wordpress\/wp-json\/wp\/v2\/posts\/56933\/revisions"}],"wp:featuredmedia":[{"embeddable":true,"href":"https:\/\/www.region-schwabach.de\/wordpress\/wp-json\/wp\/v2\/media\/56934"}],"wp:attachment":[{"href":"https:\/\/www.region-schwabach.de\/wordpress\/wp-json\/wp\/v2\/media?parent=56933"}],"wp:term":[{"taxonomy":"category","embeddable":true,"href":"https:\/\/www.region-schwabach.de\/wordpress\/wp-json\/wp\/v2\/categories?post=56933"},{"taxonomy":"post_tag","embeddable":true,"href":"https:\/\/www.region-schwabach.de\/wordpress\/wp-json\/wp\/v2\/tags?post=56933"}],"curies":[{"name":"wp","href":"https:\/\/api.w.org\/{rel}","templated":true}]}}