{"id":57591,"date":"2018-09-25T00:04:22","date_gmt":"2018-09-24T22:04:22","guid":{"rendered":"http:\/\/www.region-schwabach.de\/wordpress\/?p=57591"},"modified":"2018-09-24T20:44:11","modified_gmt":"2018-09-24T18:44:11","slug":"eroeffnung-der-hallenbadsaison-in-schwabach-am-25-september-2018","status":"publish","type":"post","link":"https:\/\/www.region-schwabach.de\/wordpress\/eroeffnung-der-hallenbadsaison-in-schwabach-am-25-september-2018\/","title":{"rendered":"Er\u00f6ffnung der Hallenbadsaison in Schwabach am 25. September 2018"},"content":{"rendered":"\t\t<div data-elementor-type=\"wp-post\" data-elementor-id=\"57591\" class=\"elementor elementor-57591 elementor-bc-flex-widget\">\n\t\t\t\t\t\t<section class=\"elementor-section elementor-top-section elementor-element elementor-element-678181b elementor-section-boxed elementor-section-height-default elementor-section-height-default\" data-id=\"678181b\" data-element_type=\"section\">\n\t\t\t\t\t\t<div class=\"elementor-container elementor-column-gap-default\">\n\t\t\t\t\t<div class=\"elementor-column elementor-col-66 elementor-top-column elementor-element elementor-element-6b34026\" data-id=\"6b34026\" data-element_type=\"column\">\n\t\t\t<div class=\"elementor-widget-wrap elementor-element-populated\">\n\t\t\t\t\t\t<div class=\"elementor-element elementor-element-443ab98 elementor-widget elementor-widget-text-editor\" data-id=\"443ab98\" data-element_type=\"widget\" data-widget_type=\"text-editor.default\">\n\t\t\t\t<div class=\"elementor-widget-container\">\n\t\t\t\t\t\t\t<h3>Badebetrieb im Schwabacher Hallenbad ab heute m\u00f6glich<\/h3><p>Schwabach &#8211; Nachdem die Er\u00f6ffnung der Badesaison im Schwabacher Hallenbad letzte Woche wegen eines Defekts kurzfristig abgesagt werden mu\u00dfte (siehe Meldung unten) ist es heute nun soweit: das Hallenbad \u00f6ffnet seine Pforten f\u00fcr die diesj\u00e4hrige Saison.<\/p><p>\u00a0<\/p><h3>Meldung vom 18.09.2018<\/h3><h3>Badebetrieb im Hallenbad nicht m\u00f6glich<\/h3><p>Schwabach &#8211; Eigentlich sollte ja am heutigen Dienstag, den 18. September 2018, die Badesaison im Schwabacher Hallenbad beginnen. Da jedoch jetzt kurz vorher in der dar\u00fcber liegenden Herrendusche der Turnhalle ein Schaden entdeckt wurde &#8211; und deshalb eine Nutzung nicht m\u00f6glich ist &#8211; wurde die Er\u00f6ffnung auf unbestimmte Zeit verschoben. Die Nutzung der Turnhalle ist jedoch nicht betroffen.<\/p><h3>\u00d6ffnung nach fachm\u00e4nnischer Reparatur<\/h3><p>B\u00e4derleitung und Geb\u00e4udemanagement der Stadt Schwabach haben sich dazu entschlossen, das Hallenbad vorerst nicht zu \u00f6ffnen, bis der Schaden genau begutachtet und anschlie\u00dfend fachm\u00e4nnisch behoben wurde.<\/p><p>Schulen und Vereine sind informiert worden, da\u00df ein Badebetrieb im Hallenbad zurzeit nicht m\u00f6glich ist.<\/p><h3>Aufs Parkbad ausweichen<\/h3><p>Gl\u00fcck im Ungl\u00fcck: Badeg\u00e4ste k\u00f6nnen noch bis Sonntag, den 23. September 2018 ins Parkbad ausweichen, da dort die Saison um eine Woche verl\u00e4ngert wurde.<\/p><h3>Weiterf\u00fchrende Links:<\/h3><p><a href=\"https:\/\/www.stadtwerke-schwabach.de\/Baeder\/Hallenbad-Schwabach\/\" target=\"_blank\" rel=\"noopener\">Homepage Hallenbad Schwabach &#8230;<\/a><\/p>\t\t\t\t\t\t<\/div>\n\t\t\t\t<\/div>\n\t\t\t\t<div class=\"elementor-element elementor-element-21c3450 elementor-widget-divider--view-line elementor-widget elementor-widget-divider\" data-id=\"21c3450\" data-element_type=\"widget\" data-widget_type=\"divider.default\">\n\t\t\t\t<div class=\"elementor-widget-container\">\n\t\t\t\t\t<div class=\"elementor-divider\">\n\t\t\t<span class=\"elementor-divider-separator\">\n\t\t\t\t\t\t<\/span>\n\t\t<\/div>\n\t\t\t\t<\/div>\n\t\t\t\t<\/div>\n\t\t\t\t<div class=\"elementor-element elementor-element-f4c690c elementor-widget elementor-widget-google_maps\" data-id=\"f4c690c\" data-element_type=\"widget\" data-widget_type=\"google_maps.default\">\n\t\t\t\t<div class=\"elementor-widget-container\">\n\t\t\t\t\t<div class=\"elementor-custom-embed\">\n\t\t\t<iframe loading=\"lazy\"\n\t\t\t\t\tsrc=\"https:\/\/maps.google.com\/maps?q=Bismarckstra%C3%9Fe%208%2C%20Schwabach%2C%20Deutschland&#038;t=m&#038;z=17&#038;output=embed&#038;iwloc=near\"\n\t\t\t\t\ttitle=\"Bismarckstra\u00dfe 8, Schwabach, Deutschland\"\n\t\t\t\t\taria-label=\"Bismarckstra\u00dfe 8, Schwabach, Deutschland\"\n\t\t\t><\/iframe>\n\t\t<\/div>\n\t\t\t\t<\/div>\n\t\t\t\t<\/div>\n\t\t\t\t\t<\/div>\n\t\t<\/div>\n\t\t\t\t<div class=\"elementor-column elementor-col-33 elementor-top-column elementor-element elementor-element-f645137\" data-id=\"f645137\" data-element_type=\"column\">\n\t\t\t<div class=\"elementor-widget-wrap elementor-element-populated\">\n\t\t\t\t\t\t<div class=\"elementor-element elementor-element-25043c1 elementor-widget elementor-widget-image\" data-id=\"25043c1\" data-element_type=\"widget\" data-widget_type=\"image.default\">\n\t\t\t\t<div class=\"elementor-widget-container\">\n\t\t\t\t\t\t\t\t\t\t\t\t\t<img fetchpriority=\"high\" decoding=\"async\" width=\"300\" height=\"300\" src=\"https:\/\/www.region-schwabach.de\/wordpress\/wp-content\/uploads\/2018\/04\/werbung1-300x300.png\" class=\"attachment-medium size-medium wp-image-35382\" alt=\"\" srcset=\"https:\/\/www.region-schwabach.de\/wordpress\/wp-content\/uploads\/2018\/04\/werbung1-300x300.png 300w, https:\/\/www.region-schwabach.de\/wordpress\/wp-content\/uploads\/2018\/04\/werbung1-150x150.png 150w, https:\/\/www.region-schwabach.de\/wordpress\/wp-content\/uploads\/2018\/04\/werbung1-768x768.png 768w, https:\/\/www.region-schwabach.de\/wordpress\/wp-content\/uploads\/2018\/04\/werbung1-1024x1024.png 1024w, https:\/\/www.region-schwabach.de\/wordpress\/wp-content\/uploads\/2018\/04\/werbung1.png 1200w\" sizes=\"(max-width: 300px) 100vw, 300px\" \/>\t\t\t\t\t\t\t\t\t\t\t\t\t<\/div>\n\t\t\t\t<\/div>\n\t\t\t\t\t<\/div>\n\t\t<\/div>\n\t\t\t\t\t<\/div>\n\t\t<\/section>\n\t\t\t\t<\/div>\n\t\t","protected":false},"excerpt":{"rendered":"<div class=\"mh-excerpt\"><p>Badebetrieb im Schwabacher Hallenbad ab heute m\u00f6glich Schwabach &#8211; Nachdem die Er\u00f6ffnung der Badesaison im Schwabacher Hallenbad letzte Woche wegen eines Defekts kurzfristig abgesagt werden mu\u00dfte (siehe Meldung unten) ist es heute nun soweit: das <a class=\"mh-excerpt-more\" href=\"https:\/\/www.region-schwabach.de\/wordpress\/eroeffnung-der-hallenbadsaison-in-schwabach-am-25-september-2018\/\" title=\"Er\u00f6ffnung der Hallenbadsaison in Schwabach am 25. September 2018\">[&#8230;]<\/a><\/p>\n<\/div>","protected":false},"author":1,"featured_media":56719,"comment_status":"open","ping_status":"open","sticky":false,"template":"","format":"standard","meta":{"_cbd_carousel_blocks":"[]","footnotes":""},"categories":[16,1,2549,231],"tags":[2021,5732,5987,5988,4008,3550,2546,713,19,4477,1007],"class_list":{"0":"post-57591","1":"post","2":"type-post","3":"status-publish","4":"format-standard","5":"has-post-thumbnail","7":"category-aktuell","8":"category-allgemein","9":"category-stadtwerke","10":"category-veranstaltungsnews","11":"tag-18-09-2018","12":"tag-25-09-2018","13":"tag-badebetrieb","14":"tag-badebetrieb-nicht-moeglich","15":"tag-defekt","16":"tag-eroeffnung","17":"tag-parkbad","18":"tag-schaden","19":"tag-schwabach","20":"tag-stadtwerke","21":"tag-turnhalle"},"_links":{"self":[{"href":"https:\/\/www.region-schwabach.de\/wordpress\/wp-json\/wp\/v2\/posts\/57591","targetHints":{"allow":["GET"]}}],"collection":[{"href":"https:\/\/www.region-schwabach.de\/wordpress\/wp-json\/wp\/v2\/posts"}],"about":[{"href":"https:\/\/www.region-schwabach.de\/wordpress\/wp-json\/wp\/v2\/types\/post"}],"author":[{"embeddable":true,"href":"https:\/\/www.region-schwabach.de\/wordpress\/wp-json\/wp\/v2\/users\/1"}],"replies":[{"embeddable":true,"href":"https:\/\/www.region-schwabach.de\/wordpress\/wp-json\/wp\/v2\/comments?post=57591"}],"version-history":[{"count":0,"href":"https:\/\/www.region-schwabach.de\/wordpress\/wp-json\/wp\/v2\/posts\/57591\/revisions"}],"wp:featuredmedia":[{"embeddable":true,"href":"https:\/\/www.region-schwabach.de\/wordpress\/wp-json\/wp\/v2\/media\/56719"}],"wp:attachment":[{"href":"https:\/\/www.region-schwabach.de\/wordpress\/wp-json\/wp\/v2\/media?parent=57591"}],"wp:term":[{"taxonomy":"category","embeddable":true,"href":"https:\/\/www.region-schwabach.de\/wordpress\/wp-json\/wp\/v2\/categories?post=57591"},{"taxonomy":"post_tag","embeddable":true,"href":"https:\/\/www.region-schwabach.de\/wordpress\/wp-json\/wp\/v2\/tags?post=57591"}],"curies":[{"name":"wp","href":"https:\/\/api.w.org\/{rel}","templated":true}]}}