{"id":57601,"date":"2018-09-25T05:03:53","date_gmt":"2018-09-25T03:03:53","guid":{"rendered":"http:\/\/www.region-schwabach.de\/wordpress\/?p=57601"},"modified":"2018-09-25T05:18:23","modified_gmt":"2018-09-25T03:18:23","slug":"sturmtief-fabienne-mit-erheblichen-schaeden-in-schwabach","status":"publish","type":"post","link":"https:\/\/www.region-schwabach.de\/wordpress\/sturmtief-fabienne-mit-erheblichen-schaeden-in-schwabach\/","title":{"rendered":"Sturmtief \u201eFabienne\u201c mit erheblichen Sch\u00e4den in Schwabach"},"content":{"rendered":"\t\t<div data-elementor-type=\"wp-post\" data-elementor-id=\"57601\" class=\"elementor elementor-57601 elementor-bc-flex-widget\">\n\t\t\t\t\t\t<section class=\"elementor-section elementor-top-section elementor-element elementor-element-1cuv9jr elementor-section-boxed elementor-section-height-default elementor-section-height-default\" data-id=\"1cuv9jr\" data-element_type=\"section\">\n\t\t\t\t\t\t<div class=\"elementor-container elementor-column-gap-default\">\n\t\t\t\t\t<div class=\"elementor-column elementor-col-66 elementor-top-column elementor-element elementor-element-q5zak7b\" data-id=\"q5zak7b\" data-element_type=\"column\">\n\t\t\t<div class=\"elementor-widget-wrap elementor-element-populated\">\n\t\t\t\t\t\t<div class=\"elementor-element elementor-element-763ecdd elementor-widget elementor-widget-text-editor\" data-id=\"763ecdd\" data-element_type=\"widget\" data-widget_type=\"text-editor.default\">\n\t\t\t\t<div class=\"elementor-widget-container\">\n\t\t\t\t\t\t\t<h3><strong>Unwetter\u00a0<\/strong>richtet erheblichen Schaden an<\/h3><p>Dienstbereich Schwabach &#8211; Wegen des Unwetters am Sonntag, den 23.09.2018, mu\u00dfte die Polizei im Bereich der Polizeiinspektion\u00a0Schwabach zu einer Vielzahl von Eins\u00e4tzen ausr\u00fccken, wovon die meisten im Zusammenhang mit umgest\u00fcrzten B\u00e4umen standen.<\/p><h3>Strom mu\u00dfte abgestellt werden<\/h3><p>In Schwabach knickte ein umgest\u00fcrzter Baum zun\u00e4chst einen Laternenmast um, und fiel dann gegen einen Strommast, welcher dadurch besch\u00e4digt wurde. Die Feuerwehr Schwabach mu\u00dfte den Bereich komplett sperren, und die Stadtwerke Schwabach sogar den Strom abstellen, da sich die Oberleitungen im Baum verfangen hatten, so da\u00df dieser unter Strom stand.<\/p><h3>Ca 20 Eins\u00e4tze im Bereich Schwabach<\/h3><p>Insgesamt mu\u00dften die Polizei Schwabach und die umliegenden Feuerwehren innerhalb einer Stunde zu ca. 20 Eins\u00e4tzen, um B\u00e4ume zu zers\u00e4gen, Stra\u00dfen abzugesperren und zu r\u00e4umen. Gearkete Fahrzeuge wurden besch\u00e4digt, und zahlreiche Alarmanlagen l\u00f6sten einen Fehlalarm aus.<\/p><h3>Nur Sachsch\u00e4aden entstanden<\/h3><p>Zum Gl\u00fcck entstanden jedoch trotzdem nur Sachsch\u00e4den, und im Bereich der Polizeiinspektion Schwabach wurde Gott sei Dank niemand verletzt.<\/p>\t\t\t\t\t\t<\/div>\n\t\t\t\t<\/div>\n\t\t\t\t<div class=\"elementor-element elementor-element-ace1283 elementor-widget-divider--view-line elementor-widget elementor-widget-divider\" data-id=\"ace1283\" data-element_type=\"widget\" data-widget_type=\"divider.default\">\n\t\t\t\t<div class=\"elementor-widget-container\">\n\t\t\t\t\t<div class=\"elementor-divider\">\n\t\t\t<span class=\"elementor-divider-separator\">\n\t\t\t\t\t\t<\/span>\n\t\t<\/div>\n\t\t\t\t<\/div>\n\t\t\t\t<\/div>\n\t\t\t\t<div class=\"elementor-element elementor-element-1l7zbzo elementor-widget elementor-widget-google_maps\" data-id=\"1l7zbzo\" data-element_type=\"widget\" data-widget_type=\"google_maps.default\">\n\t\t\t\t<div class=\"elementor-widget-container\">\n\t\t\t\t\t<div class=\"elementor-custom-embed\">\n\t\t\t<iframe loading=\"lazy\"\n\t\t\t\t\tsrc=\"https:\/\/maps.google.com\/maps?q=Schwabach%2C%20Deutschland&#038;t=m&#038;z=12&#038;output=embed&#038;iwloc=near\"\n\t\t\t\t\ttitle=\"Schwabach, Deutschland\"\n\t\t\t\t\taria-label=\"Schwabach, Deutschland\"\n\t\t\t><\/iframe>\n\t\t<\/div>\n\t\t\t\t<\/div>\n\t\t\t\t<\/div>\n\t\t\t\t\t<\/div>\n\t\t<\/div>\n\t\t\t\t<div class=\"elementor-column elementor-col-33 elementor-top-column elementor-element elementor-element-0w0urt1\" data-id=\"0w0urt1\" data-element_type=\"column\">\n\t\t\t<div class=\"elementor-widget-wrap elementor-element-populated\">\n\t\t\t\t\t\t<div class=\"elementor-element elementor-element-mo6nk5i elementor-widget elementor-widget-image\" data-id=\"mo6nk5i\" data-element_type=\"widget\" data-widget_type=\"image.default\">\n\t\t\t\t<div class=\"elementor-widget-container\">\n\t\t\t\t\t\t\t\t\t\t\t\t\t\t<a href=\"http:\/\/www.region-schwabach.de\/wordpress\/werben-auf-region-schwabach\/\" target=\"_blank\">\n\t\t\t\t\t\t\t<img fetchpriority=\"high\" decoding=\"async\" width=\"1024\" height=\"1024\" src=\"https:\/\/www.region-schwabach.de\/wordpress\/wp-content\/uploads\/2017\/06\/werbung8-1024x1024.png\" class=\"attachment-large size-large wp-image-2484\" alt=\"\" srcset=\"https:\/\/www.region-schwabach.de\/wordpress\/wp-content\/uploads\/2017\/06\/werbung8-1024x1024.png 1024w, https:\/\/www.region-schwabach.de\/wordpress\/wp-content\/uploads\/2017\/06\/werbung8-150x150.png 150w, https:\/\/www.region-schwabach.de\/wordpress\/wp-content\/uploads\/2017\/06\/werbung8-300x300.png 300w, https:\/\/www.region-schwabach.de\/wordpress\/wp-content\/uploads\/2017\/06\/werbung8-768x768.png 768w, https:\/\/www.region-schwabach.de\/wordpress\/wp-content\/uploads\/2017\/06\/werbung8-600x600.png 600w, https:\/\/www.region-schwabach.de\/wordpress\/wp-content\/uploads\/2017\/06\/werbung8.png 1200w\" sizes=\"(max-width: 1024px) 100vw, 1024px\" \/>\t\t\t\t\t\t\t\t<\/a>\n\t\t\t\t\t\t\t\t\t\t\t\t\t<\/div>\n\t\t\t\t<\/div>\n\t\t\t\t\t<\/div>\n\t\t<\/div>\n\t\t\t\t\t<\/div>\n\t\t<\/section>\n\t\t\t\t<\/div>\n\t\t","protected":false},"excerpt":{"rendered":"<div class=\"mh-excerpt\"><p>Unwetter\u00a0richtet erheblichen Schaden an Dienstbereich Schwabach &#8211; Wegen des Unwetters am Sonntag, den 23.09.2018, mu\u00dfte die Polizei im Bereich der Polizeiinspektion\u00a0Schwabach zu einer Vielzahl von Eins\u00e4tzen ausr\u00fccken, wovon die meisten im Zusammenhang mit umgest\u00fcrzten B\u00e4umen <a class=\"mh-excerpt-more\" href=\"https:\/\/www.region-schwabach.de\/wordpress\/sturmtief-fabienne-mit-erheblichen-schaeden-in-schwabach\/\" title=\"Sturmtief \u201eFabienne\u201c mit erheblichen Sch\u00e4den in Schwabach\">[&#8230;]<\/a><\/p>\n<\/div>","protected":false},"author":1,"featured_media":57602,"comment_status":"open","ping_status":"open","sticky":false,"template":"","format":"standard","meta":{"_cbd_carousel_blocks":"[]","footnotes":""},"categories":[15],"tags":[5730,5731,6062,2037,296,6051,6060,981,401,713,19,4477,6061,6050],"class_list":{"0":"post-57601","1":"post","2":"type-post","3":"status-publish","4":"format-standard","5":"has-post-thumbnail","7":"category-polizeimeldungen","8":"tag-23-09-2018","9":"tag-24-09-2018","10":"tag-alarmanlagen","11":"tag-einsaetze","12":"tag-feuerwehr","13":"tag-keine-verletzten","14":"tag-laternenmast","15":"tag-polizei","16":"tag-sachschaden","17":"tag-schaden","18":"tag-schwabach","19":"tag-stadtwerke","20":"tag-strommast","21":"tag-umgestuerzte-baeume"},"_links":{"self":[{"href":"https:\/\/www.region-schwabach.de\/wordpress\/wp-json\/wp\/v2\/posts\/57601","targetHints":{"allow":["GET"]}}],"collection":[{"href":"https:\/\/www.region-schwabach.de\/wordpress\/wp-json\/wp\/v2\/posts"}],"about":[{"href":"https:\/\/www.region-schwabach.de\/wordpress\/wp-json\/wp\/v2\/types\/post"}],"author":[{"embeddable":true,"href":"https:\/\/www.region-schwabach.de\/wordpress\/wp-json\/wp\/v2\/users\/1"}],"replies":[{"embeddable":true,"href":"https:\/\/www.region-schwabach.de\/wordpress\/wp-json\/wp\/v2\/comments?post=57601"}],"version-history":[{"count":0,"href":"https:\/\/www.region-schwabach.de\/wordpress\/wp-json\/wp\/v2\/posts\/57601\/revisions"}],"wp:featuredmedia":[{"embeddable":true,"href":"https:\/\/www.region-schwabach.de\/wordpress\/wp-json\/wp\/v2\/media\/57602"}],"wp:attachment":[{"href":"https:\/\/www.region-schwabach.de\/wordpress\/wp-json\/wp\/v2\/media?parent=57601"}],"wp:term":[{"taxonomy":"category","embeddable":true,"href":"https:\/\/www.region-schwabach.de\/wordpress\/wp-json\/wp\/v2\/categories?post=57601"},{"taxonomy":"post_tag","embeddable":true,"href":"https:\/\/www.region-schwabach.de\/wordpress\/wp-json\/wp\/v2\/tags?post=57601"}],"curies":[{"name":"wp","href":"https:\/\/api.w.org\/{rel}","templated":true}]}}