{"id":57657,"date":"2018-09-26T00:04:28","date_gmt":"2018-09-25T22:04:28","guid":{"rendered":"http:\/\/www.region-schwabach.de\/wordpress\/?p=57657"},"modified":"2018-09-26T04:14:01","modified_gmt":"2018-09-26T02:14:01","slug":"lesung-von-dr-sabine-weigand-im-aurex-war-gut-besucht","status":"publish","type":"post","link":"https:\/\/www.region-schwabach.de\/wordpress\/lesung-von-dr-sabine-weigand-im-aurex-war-gut-besucht\/","title":{"rendered":"Lesung von Dr. Sabine Weigand im AUREX war gut besucht"},"content":{"rendered":"\t\t<div data-elementor-type=\"wp-post\" data-elementor-id=\"57657\" class=\"elementor elementor-57657 elementor-bc-flex-widget\">\n\t\t\t\t\t\t<section class=\"elementor-section elementor-top-section elementor-element elementor-element-678181b elementor-section-boxed elementor-section-height-default elementor-section-height-default\" data-id=\"678181b\" data-element_type=\"section\">\n\t\t\t\t\t\t<div class=\"elementor-container elementor-column-gap-default\">\n\t\t\t\t\t<div class=\"elementor-column elementor-col-66 elementor-top-column elementor-element elementor-element-6b34026\" data-id=\"6b34026\" data-element_type=\"column\">\n\t\t\t<div class=\"elementor-widget-wrap elementor-element-populated\">\n\t\t\t\t\t\t<div class=\"elementor-element elementor-element-443ab98 elementor-widget elementor-widget-text-editor\" data-id=\"443ab98\" data-element_type=\"widget\" data-widget_type=\"text-editor.default\">\n\t\t\t\t<div class=\"elementor-widget-container\">\n\t\t\t\t\t\t\t<h3 class=\"entry-title\">Schwabach &#8211; Inklusive Lesung im AUREX:<br \/>\u201eDie Manufaktur der D\u00fcfte\u201c f\u00fcr alle<\/h3><p>Schwabach &#8211;\u00a0Bei vollem Haus las Dr. Sabine Weigand aus ihrem neuesten Buch \u201eDie Manufaktur der D\u00fcfte\u201c im AUREX vor. Eingeladen hatte der Runde Tisch Inklusion, der Seniorenrat und die Inklusionsbeauftragte der Stadt Schwabach Sabine Reek-Rade.<\/p><h3>Funktion der Induktiven H\u00f6ranlage<\/h3><p>Zu Beginn erkl\u00e4rte Martin Thanner, Koordinierungsstelle f\u00fcr Senioren mit H\u00f6rbehinderung, die Funktion der Induktiven H\u00f6ranlage, wie sie im Saal des AUREX seit der Sanierung installiert ist. Thanner beschrieb den H\u00f6rger\u00e4tetragenden die Vorteile eines H\u00f6rger\u00e4tes mit sogenannter \u201eT-Spule\u201c zum induktiven H\u00f6ren. Damit kann man einer Lesung trotz H\u00f6rminderung perfekt folgen.<\/p><h3>Geschichte des Schwabachers Fritz Robot<\/h3><p>Sabine Weigand brachte das Publikum mit der Geschichte des Schwabacher Fritz Robot zum Schmunzeln. Der Seifenhersteller hatte seine Lebenserinnerungen niedergeschrieben, die die Autorin in ihr Buch einflie\u00dfen lie\u00df und zitierte ihn: \u201eIch lernte, dass man Seife k\u00fcssen muss, um festzustellen, ob sie fertig war.\u201c<\/p><h3>&#8222;So wird Kultur f\u00fcr alle erlebbar.\u201c<\/h3><p>Eine Besucherin der Lesung freute sich: \u201eDies war meine erste Lesung, die ich besucht habe. Bisher war das f\u00fcr mich nicht interessant, da ich als Cochlear-Implantat-Tr\u00e4ger ohne Induktionsschleife nichts verstanden h\u00e4tte. Vielen Dank f\u00fcr diese M\u00f6glichkeit an der Veranstaltung teilzuhaben. So wird Kultur f\u00fcr alle erlebbar.\u201c<\/p><p><strong>Foto:<\/strong> Dr. Sabine Weigand und Inklusionsbeauftragte Sabine Reek-Rade er\u00f6ffnen die Lesung.<\/p>\t\t\t\t\t\t<\/div>\n\t\t\t\t<\/div>\n\t\t\t\t<div class=\"elementor-element elementor-element-0c834d7 elementor-widget-divider--view-line elementor-widget elementor-widget-divider\" data-id=\"0c834d7\" data-element_type=\"widget\" data-widget_type=\"divider.default\">\n\t\t\t\t<div class=\"elementor-widget-container\">\n\t\t\t\t\t<div class=\"elementor-divider\">\n\t\t\t<span class=\"elementor-divider-separator\">\n\t\t\t\t\t\t<\/span>\n\t\t<\/div>\n\t\t\t\t<\/div>\n\t\t\t\t<\/div>\n\t\t\t\t<div class=\"elementor-element elementor-element-325f51f elementor-widget elementor-widget-google_maps\" data-id=\"325f51f\" data-element_type=\"widget\" data-widget_type=\"google_maps.default\">\n\t\t\t\t<div class=\"elementor-widget-container\">\n\t\t\t\t\t<div class=\"elementor-custom-embed\">\n\t\t\t<iframe loading=\"lazy\"\n\t\t\t\t\tsrc=\"https:\/\/maps.google.com\/maps?q=K%C3%B6nigsstra%C3%9Fe%2020a%2C%20Schwabach%2C%20Deutschland&#038;t=m&#038;z=17&#038;output=embed&#038;iwloc=near\"\n\t\t\t\t\ttitle=\"K\u00f6nigsstra\u00dfe 20a, Schwabach, Deutschland\"\n\t\t\t\t\taria-label=\"K\u00f6nigsstra\u00dfe 20a, Schwabach, Deutschland\"\n\t\t\t><\/iframe>\n\t\t<\/div>\n\t\t\t\t<\/div>\n\t\t\t\t<\/div>\n\t\t\t\t\t<\/div>\n\t\t<\/div>\n\t\t\t\t<div class=\"elementor-column elementor-col-33 elementor-top-column elementor-element elementor-element-f645137\" data-id=\"f645137\" data-element_type=\"column\">\n\t\t\t<div class=\"elementor-widget-wrap elementor-element-populated\">\n\t\t\t\t\t\t<div class=\"elementor-element elementor-element-25043c1 elementor-widget elementor-widget-image\" data-id=\"25043c1\" data-element_type=\"widget\" data-widget_type=\"image.default\">\n\t\t\t\t<div class=\"elementor-widget-container\">\n\t\t\t\t\t\t\t\t\t\t\t\t\t<img fetchpriority=\"high\" decoding=\"async\" width=\"300\" height=\"300\" src=\"https:\/\/www.region-schwabach.de\/wordpress\/wp-content\/uploads\/2018\/04\/werbung1-300x300.png\" class=\"attachment-medium size-medium wp-image-35382\" alt=\"\" srcset=\"https:\/\/www.region-schwabach.de\/wordpress\/wp-content\/uploads\/2018\/04\/werbung1-300x300.png 300w, https:\/\/www.region-schwabach.de\/wordpress\/wp-content\/uploads\/2018\/04\/werbung1-150x150.png 150w, https:\/\/www.region-schwabach.de\/wordpress\/wp-content\/uploads\/2018\/04\/werbung1-768x768.png 768w, https:\/\/www.region-schwabach.de\/wordpress\/wp-content\/uploads\/2018\/04\/werbung1-1024x1024.png 1024w, https:\/\/www.region-schwabach.de\/wordpress\/wp-content\/uploads\/2018\/04\/werbung1.png 1200w\" sizes=\"(max-width: 300px) 100vw, 300px\" \/>\t\t\t\t\t\t\t\t\t\t\t\t\t<\/div>\n\t\t\t\t<\/div>\n\t\t\t\t\t<\/div>\n\t\t<\/div>\n\t\t\t\t\t<\/div>\n\t\t<\/section>\n\t\t\t\t<\/div>\n\t\t","protected":false},"excerpt":{"rendered":"<div class=\"mh-excerpt\"><p>Schwabach &#8211; Inklusive Lesung im AUREX:\u201eDie Manufaktur der D\u00fcfte\u201c f\u00fcr alle Schwabach &#8211;\u00a0Bei vollem Haus las Dr. Sabine Weigand aus ihrem neuesten Buch \u201eDie Manufaktur der D\u00fcfte\u201c im AUREX vor. Eingeladen hatte der Runde Tisch <a class=\"mh-excerpt-more\" href=\"https:\/\/www.region-schwabach.de\/wordpress\/lesung-von-dr-sabine-weigand-im-aurex-war-gut-besucht\/\" title=\"Lesung von Dr. Sabine Weigand im AUREX war gut besucht\">[&#8230;]<\/a><\/p>\n<\/div>","protected":false},"author":1,"featured_media":57658,"comment_status":"open","ping_status":"open","sticky":false,"template":"","format":"standard","meta":{"_cbd_carousel_blocks":"[]","footnotes":""},"categories":[16,1,287,61,231],"tags":[5731,4517,6066,6013,2679,4275,1480,6011,6014,6012,19,4070],"class_list":{"0":"post-57657","1":"post","2":"type-post","3":"status-publish","4":"format-standard","5":"has-post-thumbnail","7":"category-aktuell","8":"category-allgemein","9":"category-jugend-und-familie","10":"category-rathaus","11":"category-veranstaltungsnews","12":"tag-24-09-2018","13":"tag-aurex","14":"tag-gut-besucht","15":"tag-inklusionsbeauftragte","16":"tag-koenigstrasse","17":"tag-lesung","18":"tag-rathaus","19":"tag-runde-tisch-inklusion","20":"tag-sabine-reek-rade","21":"tag-sabine-weigand","22":"tag-schwabach","23":"tag-seniorenrat"},"_links":{"self":[{"href":"https:\/\/www.region-schwabach.de\/wordpress\/wp-json\/wp\/v2\/posts\/57657","targetHints":{"allow":["GET"]}}],"collection":[{"href":"https:\/\/www.region-schwabach.de\/wordpress\/wp-json\/wp\/v2\/posts"}],"about":[{"href":"https:\/\/www.region-schwabach.de\/wordpress\/wp-json\/wp\/v2\/types\/post"}],"author":[{"embeddable":true,"href":"https:\/\/www.region-schwabach.de\/wordpress\/wp-json\/wp\/v2\/users\/1"}],"replies":[{"embeddable":true,"href":"https:\/\/www.region-schwabach.de\/wordpress\/wp-json\/wp\/v2\/comments?post=57657"}],"version-history":[{"count":0,"href":"https:\/\/www.region-schwabach.de\/wordpress\/wp-json\/wp\/v2\/posts\/57657\/revisions"}],"wp:featuredmedia":[{"embeddable":true,"href":"https:\/\/www.region-schwabach.de\/wordpress\/wp-json\/wp\/v2\/media\/57658"}],"wp:attachment":[{"href":"https:\/\/www.region-schwabach.de\/wordpress\/wp-json\/wp\/v2\/media?parent=57657"}],"wp:term":[{"taxonomy":"category","embeddable":true,"href":"https:\/\/www.region-schwabach.de\/wordpress\/wp-json\/wp\/v2\/categories?post=57657"},{"taxonomy":"post_tag","embeddable":true,"href":"https:\/\/www.region-schwabach.de\/wordpress\/wp-json\/wp\/v2\/tags?post=57657"}],"curies":[{"name":"wp","href":"https:\/\/api.w.org\/{rel}","templated":true}]}}