{"id":57661,"date":"2018-09-26T00:03:41","date_gmt":"2018-09-25T22:03:41","guid":{"rendered":"http:\/\/www.region-schwabach.de\/wordpress\/?p=57661"},"modified":"2018-09-26T04:13:46","modified_gmt":"2018-09-26T02:13:46","slug":"stadtgaertnerei-kann-wiesen-in-schwabach-nicht-mehr-pflegen","status":"publish","type":"post","link":"https:\/\/www.region-schwabach.de\/wordpress\/stadtgaertnerei-kann-wiesen-in-schwabach-nicht-mehr-pflegen\/","title":{"rendered":"Stadtg\u00e4rtnerei kann Wiesen in Schwabach nicht mehr pflegen"},"content":{"rendered":"\t\t<div data-elementor-type=\"wp-post\" data-elementor-id=\"57661\" class=\"elementor elementor-57661 elementor-bc-flex-widget\">\n\t\t\t\t\t\t<section class=\"elementor-section elementor-top-section elementor-element elementor-element-678181b elementor-section-boxed elementor-section-height-default elementor-section-height-default\" data-id=\"678181b\" data-element_type=\"section\">\n\t\t\t\t\t\t<div class=\"elementor-container elementor-column-gap-default\">\n\t\t\t\t\t<div class=\"elementor-column elementor-col-66 elementor-top-column elementor-element elementor-element-6b34026\" data-id=\"6b34026\" data-element_type=\"column\">\n\t\t\t<div class=\"elementor-widget-wrap elementor-element-populated\">\n\t\t\t\t\t\t<div class=\"elementor-element elementor-element-443ab98 elementor-widget elementor-widget-text-editor\" data-id=\"443ab98\" data-element_type=\"widget\" data-widget_type=\"text-editor.default\">\n\t\t\t\t<div class=\"elementor-widget-container\">\n\t\t\t\t\t\t\t<h3>Stadtg\u00e4rtnerei kann Wiesen nicht mehr\u00a0pflegen:<br \/>R\u00fccksichtslose Hundehalter sorgen f\u00fcr \u00c4rger<\/h3><p>Schwabach &#8211;\u00a0\u201eWenn einem Gro\u00dfes widerf\u00e4hrt\u2026 das ist schon eine T\u00fcte wert.\u201c \u2013 Diesen\u00a0launigen Spruch hat sich das Baubetriebsamt f\u00fcr neue Beschilderungen in\u00a0Stra\u00dfenbeeten \u00fcberlegt. Aber eigentlich ist den Besch\u00e4ftigten dort schon l\u00e4ngst\u00a0das Lachen vergangen.<\/p><h3>Stadtg\u00e4rtnerei kann teilweise ihre Arbeit nicht mehr ausf\u00fchren<\/h3><p>Es gibt Stra\u00dfenbegleitgr\u00fcn in Schwabach, das die\u00a0Stadtg\u00e4rtnerei nicht mehr pflegen kann, weil es \u00fcbers\u00e4t ist von Hundekot. \u201eEs\u00a0gibt viele eklige Ecken\u201c, so Stadtg\u00e4rtnerin Cornelia Grebe-Donhauser. \u201eDa\u00a0k\u00f6nnen wir unsere Leute nicht mehr arbeiten lassen, das ist einfach zu\u00a0unhygienisch.\u201c<\/p><h3>Schilder aufgestellt<\/h3><p>Einige besonders belastete Stellen hat das Baubetriebsamt nun\u00a0mit Schildern best\u00fcckt, die darauf hinweisen, dass die Hinterlassenschaften\u00a0von Hunden von den Haltern beseitigt werden m\u00fcssen. Zus\u00e4tzlich haben die\u00a0Mitarbeiter einmal alle Hundehaufen dort mit Flatterband markiert, um die\u00a0Problematik zu verdeutlichen.<\/p><h3>Auch\u00a0Kinderspielpl\u00e4tze betroffen<\/h3><p>Sogar vor Kinderspielpl\u00e4tzen machen r\u00fccksichtslose Hundehalter beim Gassi-Gehen nicht Halt und lassen ihre Tiere auch in Sandk\u00e4sten machen. Das kann\u00a0f\u00fcr die Kinder, die dort spielen, zu Erkrankungen f\u00fchren, denn Hundekot kann\u00a0zum Beispiel eine Infektion mit W\u00fcrmern verursachen.<\/p><h3>Problemfall &#8222;Futterwiesen &#8222;<\/h3><p>Ein besonderes Problem\u00a0stellt Hundekot auf Futterwiesen von Landwirten dar. Wenn das Vieh\u00a0diesen mit dem Wiesenheu zu sich nimmt, f\u00fchrt er sogar zu Totgeburten.<\/p><h3>B\u00fcrger sind sauer<\/h3><p>\u201eVielen Schwabacherinnen und Schwabachern stinkt es gewaltig, dass viele\u00a0Wege und Beete mit Hunde-Hinterlassenschaften verdreckt sind\u201c, so\u00a0B\u00fcrgermeister Dr. Thomas Donhauser, bei der Stadt zust\u00e4ndig f\u00fcr das\u00a0Beschwerdemanagement. \u201eIch bitte deshalb alle Hundehalter, r\u00fccksichtsvoll zu\u00a0sein und Hundekot-T\u00fcten zu verwenden.<\/p><h3>Spender gibt es an\u00a0vielen Standorten<\/h3><p>Entsprechende Spender gibt es an\u00a0vielen Standorten und auch im B\u00fcrgerb\u00fcro im Rathaus werden sie kostenlos\u00a0ausgegeben. Die meisten Hundehalter verhalten sich auch richtig. Aber die\u00a0\u00b4schwarzen Schafe` werden leider mehr.\u201c<\/p><h3>Ordnungswidrigkeit<\/h3><p>Nach dem Ortsrecht der Stadt Schwabach m\u00fcssen Hunde in Gr\u00fcnanlagen und\u00a0auf Freizeitfl\u00e4chen an der Leine gef\u00fchrt werden. Und auf Spiel- und Bolzpl\u00e4tzen\u00a0sowie auf Vorbehaltsfl\u00e4chen f\u00fcr \u00d6kologie d\u00fcrfen Hunde nicht\u00a0mitgebracht werden. Eine Ausnahme bilden hier Blindenf\u00fchr- und Behindertenbegleithunde.\u00a0Wer gegen diese Gr\u00fcnanlagensatzung verst\u00f6\u00dft, begeht eine\u00a0Ordnungswidrigkeit und muss mit einem Bu\u00dfgeld rechnen.<\/p><p><strong>Foto:<\/strong> Ein besonders verdreckter Gr\u00fcnstreifen f\u00fchrt entlang der Wolkersdorfer<br \/>Hauptstra\u00dfe. Hier hat die Stadtg\u00e4rtnerei das Problem anschaulich gemacht.<\/p>\t\t\t\t\t\t<\/div>\n\t\t\t\t<\/div>\n\t\t\t\t<div class=\"elementor-element elementor-element-b95230e elementor-widget-divider--view-line elementor-widget elementor-widget-divider\" data-id=\"b95230e\" data-element_type=\"widget\" data-widget_type=\"divider.default\">\n\t\t\t\t<div class=\"elementor-widget-container\">\n\t\t\t\t\t<div class=\"elementor-divider\">\n\t\t\t<span class=\"elementor-divider-separator\">\n\t\t\t\t\t\t<\/span>\n\t\t<\/div>\n\t\t\t\t<\/div>\n\t\t\t\t<\/div>\n\t\t\t\t<div class=\"elementor-element elementor-element-804b00f elementor-widget elementor-widget-google_maps\" data-id=\"804b00f\" data-element_type=\"widget\" data-widget_type=\"google_maps.default\">\n\t\t\t\t<div class=\"elementor-widget-container\">\n\t\t\t\t\t<div class=\"elementor-custom-embed\">\n\t\t\t<iframe loading=\"lazy\"\n\t\t\t\t\tsrc=\"https:\/\/maps.google.com\/maps?q=Schwabach%2C%20Deutschland&#038;t=m&#038;z=12&#038;output=embed&#038;iwloc=near\"\n\t\t\t\t\ttitle=\"Schwabach, Deutschland\"\n\t\t\t\t\taria-label=\"Schwabach, Deutschland\"\n\t\t\t><\/iframe>\n\t\t<\/div>\n\t\t\t\t<\/div>\n\t\t\t\t<\/div>\n\t\t\t\t\t<\/div>\n\t\t<\/div>\n\t\t\t\t<div class=\"elementor-column elementor-col-33 elementor-top-column elementor-element elementor-element-f645137\" data-id=\"f645137\" data-element_type=\"column\">\n\t\t\t<div class=\"elementor-widget-wrap elementor-element-populated\">\n\t\t\t\t\t\t<div class=\"elementor-element elementor-element-25043c1 elementor-widget elementor-widget-image\" data-id=\"25043c1\" data-element_type=\"widget\" data-widget_type=\"image.default\">\n\t\t\t\t<div class=\"elementor-widget-container\">\n\t\t\t\t\t\t\t\t\t\t\t\t\t<img fetchpriority=\"high\" decoding=\"async\" width=\"300\" height=\"300\" src=\"https:\/\/www.region-schwabach.de\/wordpress\/wp-content\/uploads\/2018\/04\/werbung1-300x300.png\" class=\"attachment-medium size-medium wp-image-35382\" alt=\"\" srcset=\"https:\/\/www.region-schwabach.de\/wordpress\/wp-content\/uploads\/2018\/04\/werbung1-300x300.png 300w, https:\/\/www.region-schwabach.de\/wordpress\/wp-content\/uploads\/2018\/04\/werbung1-150x150.png 150w, https:\/\/www.region-schwabach.de\/wordpress\/wp-content\/uploads\/2018\/04\/werbung1-768x768.png 768w, https:\/\/www.region-schwabach.de\/wordpress\/wp-content\/uploads\/2018\/04\/werbung1-1024x1024.png 1024w, https:\/\/www.region-schwabach.de\/wordpress\/wp-content\/uploads\/2018\/04\/werbung1.png 1200w\" sizes=\"(max-width: 300px) 100vw, 300px\" \/>\t\t\t\t\t\t\t\t\t\t\t\t\t<\/div>\n\t\t\t\t<\/div>\n\t\t\t\t\t<\/div>\n\t\t<\/div>\n\t\t\t\t\t<\/div>\n\t\t<\/section>\n\t\t\t\t<\/div>\n\t\t","protected":false},"excerpt":{"rendered":"<div class=\"mh-excerpt\"><p>Stadtg\u00e4rtnerei kann Wiesen nicht mehr\u00a0pflegen: R\u00fccksichtslose Hundehalter sorgen f\u00fcr \u00c4rger Schwabach &#8211;\u00a0\u201eWenn einem Gro\u00dfes widerf\u00e4hrt\u2026 das ist schon eine T\u00fcte wert.\u201c \u2013 Diesen\u00a0launigen Spruch hat sich das Baubetriebsamt f\u00fcr neue Beschilderungen in\u00a0Stra\u00dfenbeeten \u00fcberlegt. Aber eigentlich <a class=\"mh-excerpt-more\" href=\"https:\/\/www.region-schwabach.de\/wordpress\/stadtgaertnerei-kann-wiesen-in-schwabach-nicht-mehr-pflegen\/\" title=\"Stadtg\u00e4rtnerei kann Wiesen in Schwabach nicht mehr pflegen\">[&#8230;]<\/a><\/p>\n<\/div>","protected":false},"author":1,"featured_media":57663,"comment_status":"open","ping_status":"open","sticky":false,"template":"","format":"standard","meta":{"_cbd_carousel_blocks":"[]","footnotes":""},"categories":[16,287,4306,61,203],"tags":[6067,5157,6068,1150,6071,1480,19,3881,5850,6069,6070],"class_list":{"0":"post-57661","1":"post","2":"type-post","3":"status-publish","4":"format-standard","5":"has-post-thumbnail","7":"category-aktuell","8":"category-jugend-und-familie","9":"category-ratgeber","10":"category-rathaus","11":"category-umwelt-nachrichten","12":"tag-aerger","13":"tag-baubetriebsamt","14":"tag-beschilderungen","15":"tag-hundehalter","16":"tag-hundekot","17":"tag-rathaus","18":"tag-schwabach","19":"tag-september-2018","20":"tag-stadtgaertnerei","21":"tag-strassenbeete","22":"tag-strassenbegleitgruen"},"_links":{"self":[{"href":"https:\/\/www.region-schwabach.de\/wordpress\/wp-json\/wp\/v2\/posts\/57661","targetHints":{"allow":["GET"]}}],"collection":[{"href":"https:\/\/www.region-schwabach.de\/wordpress\/wp-json\/wp\/v2\/posts"}],"about":[{"href":"https:\/\/www.region-schwabach.de\/wordpress\/wp-json\/wp\/v2\/types\/post"}],"author":[{"embeddable":true,"href":"https:\/\/www.region-schwabach.de\/wordpress\/wp-json\/wp\/v2\/users\/1"}],"replies":[{"embeddable":true,"href":"https:\/\/www.region-schwabach.de\/wordpress\/wp-json\/wp\/v2\/comments?post=57661"}],"version-history":[{"count":0,"href":"https:\/\/www.region-schwabach.de\/wordpress\/wp-json\/wp\/v2\/posts\/57661\/revisions"}],"wp:featuredmedia":[{"embeddable":true,"href":"https:\/\/www.region-schwabach.de\/wordpress\/wp-json\/wp\/v2\/media\/57663"}],"wp:attachment":[{"href":"https:\/\/www.region-schwabach.de\/wordpress\/wp-json\/wp\/v2\/media?parent=57661"}],"wp:term":[{"taxonomy":"category","embeddable":true,"href":"https:\/\/www.region-schwabach.de\/wordpress\/wp-json\/wp\/v2\/categories?post=57661"},{"taxonomy":"post_tag","embeddable":true,"href":"https:\/\/www.region-schwabach.de\/wordpress\/wp-json\/wp\/v2\/tags?post=57661"}],"curies":[{"name":"wp","href":"https:\/\/api.w.org\/{rel}","templated":true}]}}