{"id":57668,"date":"2018-11-13T00:03:13","date_gmt":"2018-11-12T23:03:13","guid":{"rendered":"http:\/\/www.region-schwabach.de\/wordpress\/?p=57668"},"modified":"2018-11-13T01:03:44","modified_gmt":"2018-11-13T00:03:44","slug":"buergersprechstunden-der-kriminalpolizei-schwabach","status":"publish","type":"post","link":"https:\/\/www.region-schwabach.de\/wordpress\/buergersprechstunden-der-kriminalpolizei-schwabach\/","title":{"rendered":"B\u00fcrgersprechstunden der Kriminalpolizei Schwabach"},"content":{"rendered":"\t\t<div data-elementor-type=\"wp-post\" data-elementor-id=\"57668\" class=\"elementor elementor-57668 elementor-bc-flex-widget\">\n\t\t\t\t\t\t<section class=\"elementor-section elementor-top-section elementor-element elementor-element-1cuv9jr elementor-section-boxed elementor-section-height-default elementor-section-height-default\" data-id=\"1cuv9jr\" data-element_type=\"section\">\n\t\t\t\t\t\t<div class=\"elementor-container elementor-column-gap-default\">\n\t\t\t\t\t<div class=\"elementor-column elementor-col-66 elementor-top-column elementor-element elementor-element-q5zak7b\" data-id=\"q5zak7b\" data-element_type=\"column\">\n\t\t\t<div class=\"elementor-widget-wrap elementor-element-populated\">\n\t\t\t\t\t\t<div class=\"elementor-element elementor-element-763ecdd elementor-widget elementor-widget-text-editor\" data-id=\"763ecdd\" data-element_type=\"widget\" data-widget_type=\"text-editor.default\">\n\t\t\t\t<div class=\"elementor-widget-container\">\n\t\t\t\t\t\t\t<h3 class=\"story-headline\">B\u00fcrgersprechstunden der Kriminalpolizei Schwabach<\/h3><p>Mittelfranken (ots) &#8211;\u00a0Ob Informationen zum Einbruchschutz oder die Aufkl\u00e4rung bez\u00fcglich der neuesten Tricks der Telefonbetr\u00fcger &#8211; im Alltag ergeben sich f\u00fcr viele Menschen immer wieder Fragestellungen mit Bezug zur Kriminalpr\u00e4vention. Die entsprechenden Antworten k\u00f6nnen B\u00fcrgerinnen und B\u00fcrger in einem pers\u00f6nlichen Gespr\u00e4ch erfahren.<\/p><p>Die Kriminalpolizei Schwabach l\u00e4dt hierzu an folgenden Terminen zur B\u00fcrgersprechstunde in Rath\u00e4user, B\u00fcrgerh\u00e4user oder B\u00fcrgerb\u00fcros in der n\u00e4heren Umgebung ein:<\/p><ul style=\"list-style-type: disc;\"><li>Donnerstag, 27.09.2018, 14:00 &#8211; 18:00 Uhr <br \/>Rathaus Rednitzhembach, Rathausplatz 1, 91126 Rednitzhembach<\/li><li>Dienstag, 09.10.2018, 14:00 &#8211; 18:00 Uhr<br \/>Rother Stra\u00dfe 1, 91186 B\u00fcchenbach<\/li><li>Donnerstag, 08.11.2018, 14:00 &#8211; 18:00 Uhr<br \/>Marktplatz 11-13, 91171 Greding<\/li><li>Dienstag, 13.11.2018, 14:00 &#8211; 18:00 Uhr<br \/>Neues Rathaus Wendelstein, Schwabacher Stra\u00dfe 8, 90530 Wendelstein<\/li><\/ul><p>Herr Kriminalhauptkommissar Peter Herbst steht allen interessierten B\u00fcrgerinnen und B\u00fcrgern als pers\u00f6nlicher Ansprechpartner zur Verf\u00fcgung.<\/p><p><strong>Alexandra Federl\/n<\/strong><\/p><p>Original-Content von Polizeipr\u00e4sidium Mittelfranken<\/p>\t\t\t\t\t\t<\/div>\n\t\t\t\t<\/div>\n\t\t\t\t<div class=\"elementor-element elementor-element-ace1283 elementor-widget-divider--view-line elementor-widget elementor-widget-divider\" data-id=\"ace1283\" data-element_type=\"widget\" data-widget_type=\"divider.default\">\n\t\t\t\t<div class=\"elementor-widget-container\">\n\t\t\t\t\t<div class=\"elementor-divider\">\n\t\t\t<span class=\"elementor-divider-separator\">\n\t\t\t\t\t\t<\/span>\n\t\t<\/div>\n\t\t\t\t<\/div>\n\t\t\t\t<\/div>\n\t\t\t\t<div class=\"elementor-element elementor-element-1l7zbzo elementor-widget elementor-widget-google_maps\" data-id=\"1l7zbzo\" data-element_type=\"widget\" data-widget_type=\"google_maps.default\">\n\t\t\t\t<div class=\"elementor-widget-container\">\n\t\t\t\t\t<div class=\"elementor-custom-embed\">\n\t\t\t<iframe loading=\"lazy\"\n\t\t\t\t\tsrc=\"https:\/\/maps.google.com\/maps?q=Schwabach%2C%20Deutschland&#038;t=m&#038;z=10&#038;output=embed&#038;iwloc=near\"\n\t\t\t\t\ttitle=\"Schwabach, Deutschland\"\n\t\t\t\t\taria-label=\"Schwabach, Deutschland\"\n\t\t\t><\/iframe>\n\t\t<\/div>\n\t\t\t\t<\/div>\n\t\t\t\t<\/div>\n\t\t\t\t\t<\/div>\n\t\t<\/div>\n\t\t\t\t<div class=\"elementor-column elementor-col-33 elementor-top-column elementor-element elementor-element-0w0urt1\" data-id=\"0w0urt1\" data-element_type=\"column\">\n\t\t\t<div class=\"elementor-widget-wrap\">\n\t\t\t\t\t\t\t<\/div>\n\t\t<\/div>\n\t\t\t\t\t<\/div>\n\t\t<\/section>\n\t\t\t\t<\/div>\n\t\t","protected":false},"excerpt":{"rendered":"<div class=\"mh-excerpt\"><p>B\u00fcrgersprechstunden der Kriminalpolizei Schwabach Mittelfranken (ots) &#8211;\u00a0Ob Informationen zum Einbruchschutz oder die Aufkl\u00e4rung bez\u00fcglich der neuesten Tricks der Telefonbetr\u00fcger &#8211; im Alltag ergeben sich f\u00fcr viele Menschen immer wieder Fragestellungen mit Bezug zur Kriminalpr\u00e4vention. Die <a class=\"mh-excerpt-more\" href=\"https:\/\/www.region-schwabach.de\/wordpress\/buergersprechstunden-der-kriminalpolizei-schwabach\/\" title=\"B\u00fcrgersprechstunden der Kriminalpolizei Schwabach\">[&#8230;]<\/a><\/p>\n<\/div>","protected":false},"author":1,"featured_media":57669,"comment_status":"open","ping_status":"open","sticky":false,"template":"","format":"standard","meta":{"_cbd_carousel_blocks":"[]","footnotes":""},"categories":[16,15,4306],"tags":[6076,6075,6077,5734,492,6072,6073,1354,5444,4194,981,493,6074,31],"class_list":{"0":"post-57668","1":"post","2":"type-post","3":"status-publish","4":"format-standard","5":"has-post-thumbnail","7":"category-aktuell","8":"category-polizeimeldungen","9":"category-ratgeber","10":"tag-08-11-2018","11":"tag-09-10-2018","12":"tag-13-11-2018","13":"tag-27-09-2018","14":"tag-buechenbach","15":"tag-buergersprechstunde","16":"tag-einbruchschutz","17":"tag-greding","18":"tag-informationen","19":"tag-kriminalpolizei","20":"tag-polizei","21":"tag-rednitzhembach","22":"tag-telefonbetrueger","23":"tag-wendelstein"},"_links":{"self":[{"href":"https:\/\/www.region-schwabach.de\/wordpress\/wp-json\/wp\/v2\/posts\/57668","targetHints":{"allow":["GET"]}}],"collection":[{"href":"https:\/\/www.region-schwabach.de\/wordpress\/wp-json\/wp\/v2\/posts"}],"about":[{"href":"https:\/\/www.region-schwabach.de\/wordpress\/wp-json\/wp\/v2\/types\/post"}],"author":[{"embeddable":true,"href":"https:\/\/www.region-schwabach.de\/wordpress\/wp-json\/wp\/v2\/users\/1"}],"replies":[{"embeddable":true,"href":"https:\/\/www.region-schwabach.de\/wordpress\/wp-json\/wp\/v2\/comments?post=57668"}],"version-history":[{"count":0,"href":"https:\/\/www.region-schwabach.de\/wordpress\/wp-json\/wp\/v2\/posts\/57668\/revisions"}],"wp:featuredmedia":[{"embeddable":true,"href":"https:\/\/www.region-schwabach.de\/wordpress\/wp-json\/wp\/v2\/media\/57669"}],"wp:attachment":[{"href":"https:\/\/www.region-schwabach.de\/wordpress\/wp-json\/wp\/v2\/media?parent=57668"}],"wp:term":[{"taxonomy":"category","embeddable":true,"href":"https:\/\/www.region-schwabach.de\/wordpress\/wp-json\/wp\/v2\/categories?post=57668"},{"taxonomy":"post_tag","embeddable":true,"href":"https:\/\/www.region-schwabach.de\/wordpress\/wp-json\/wp\/v2\/tags?post=57668"}],"curies":[{"name":"wp","href":"https:\/\/api.w.org\/{rel}","templated":true}]}}