{"id":57692,"date":"2018-09-27T00:02:45","date_gmt":"2018-09-26T22:02:45","guid":{"rendered":"http:\/\/www.region-schwabach.de\/wordpress\/?p=57692"},"modified":"2018-09-27T00:11:54","modified_gmt":"2018-09-26T22:11:54","slug":"apfelrausch-krimilesung-mit-der-autorin-monika-martin","status":"publish","type":"post","link":"https:\/\/www.region-schwabach.de\/wordpress\/apfelrausch-krimilesung-mit-der-autorin-monika-martin\/","title":{"rendered":"Apfelrausch &#8211; Krimilesung mit der Autorin Monika Martin"},"content":{"rendered":"\t\t<div data-elementor-type=\"wp-post\" data-elementor-id=\"57692\" class=\"elementor elementor-57692 elementor-bc-flex-widget\">\n\t\t\t\t\t\t<section class=\"elementor-section elementor-top-section elementor-element elementor-element-678181b elementor-section-boxed elementor-section-height-default elementor-section-height-default\" data-id=\"678181b\" data-element_type=\"section\">\n\t\t\t\t\t\t<div class=\"elementor-container elementor-column-gap-default\">\n\t\t\t\t\t<div class=\"elementor-column elementor-col-66 elementor-top-column elementor-element elementor-element-6b34026\" data-id=\"6b34026\" data-element_type=\"column\">\n\t\t\t<div class=\"elementor-widget-wrap elementor-element-populated\">\n\t\t\t\t\t\t<div class=\"elementor-element elementor-element-443ab98 elementor-widget elementor-widget-text-editor\" data-id=\"443ab98\" data-element_type=\"widget\" data-widget_type=\"text-editor.default\">\n\t\t\t\t<div class=\"elementor-widget-container\">\n\t\t\t\t\t\t\t<h3 class=\"entry-title\">Donnerstag, 27. September, 20.00 Uhr<br \/>Apfelrausch \u2013 Krimilesung mit der Autorin Monika Martin<\/h3><p>Schwabach &#8211; Am Donnerstag, den 27.09. 2018, findet im Bistro \u00c4hre (nicht wie urspr\u00fcnglich angek\u00fcndigt im Internationales Frauencaf\u00e9), in der Z\u00f6llnertorstr. 8 in Schwabach um 20.00 Uhr die Krimi-Lesung &#8222;Apfelrausch&#8220; mit der Autorin Monika Martin statt.<\/p><h3>Kommisar Attila ermittelt in S\u00fcdtirol<\/h3><p>Edith K\u00f6ssler referiert bei der Obstgenossenschaft Kaltern\/S\u00fcdtirol \u00fcber den Einsatz eines umstrittenen Verfahrens zur Lagerhaltung von Kernobst. Im Laufe der Veranstaltung kommt es zu Meinungsverschiedenheiten und Provokationen seitens einzelner Apfelbauern.\u00a0<\/p><p>Noch am selben Abend wird sie erschlagen und in einem verlassenen Haus am Mendelpass versteckt.<\/p><p>Der eigensinnige Commissario Roberto Pagani, strafversetzt nach Bozen, nimmt die Ermittlungen auf. Zu seinem Entsetzen muss er mit seinem alten Bekannten Kommissar Attila zusammenarbeiten.<\/p><h3>Weiterf\u00fchrende Links:<\/h3><p><a href=\"https:\/\/www.monika-martin-krimi.de\/\" target=\"_blank\" rel=\"noopener\">Zur Homepage der Autorin Monika Martin geht&#8217;s hier &#8230;<\/a><\/p>\t\t\t\t\t\t<\/div>\n\t\t\t\t<\/div>\n\t\t\t\t<div class=\"elementor-element elementor-element-0c834d7 elementor-widget-divider--view-line elementor-widget elementor-widget-divider\" data-id=\"0c834d7\" data-element_type=\"widget\" data-widget_type=\"divider.default\">\n\t\t\t\t<div class=\"elementor-widget-container\">\n\t\t\t\t\t<div class=\"elementor-divider\">\n\t\t\t<span class=\"elementor-divider-separator\">\n\t\t\t\t\t\t<\/span>\n\t\t<\/div>\n\t\t\t\t<\/div>\n\t\t\t\t<\/div>\n\t\t\t\t<div class=\"elementor-element elementor-element-325f51f elementor-widget elementor-widget-google_maps\" data-id=\"325f51f\" data-element_type=\"widget\" data-widget_type=\"google_maps.default\">\n\t\t\t\t<div class=\"elementor-widget-container\">\n\t\t\t\t\t<div class=\"elementor-custom-embed\">\n\t\t\t<iframe loading=\"lazy\"\n\t\t\t\t\tsrc=\"https:\/\/maps.google.com\/maps?q=Z%C3%B6llnertorstra%C3%9Fe%208%2C%20Schwabach%2C%20Deutschland&#038;t=m&#038;z=17&#038;output=embed&#038;iwloc=near\"\n\t\t\t\t\ttitle=\"Z\u00f6llnertorstra\u00dfe 8, Schwabach, Deutschland\"\n\t\t\t\t\taria-label=\"Z\u00f6llnertorstra\u00dfe 8, Schwabach, Deutschland\"\n\t\t\t><\/iframe>\n\t\t<\/div>\n\t\t\t\t<\/div>\n\t\t\t\t<\/div>\n\t\t\t\t\t<\/div>\n\t\t<\/div>\n\t\t\t\t<div class=\"elementor-column elementor-col-33 elementor-top-column elementor-element elementor-element-f645137\" data-id=\"f645137\" data-element_type=\"column\">\n\t\t\t<div class=\"elementor-widget-wrap elementor-element-populated\">\n\t\t\t\t\t\t<div class=\"elementor-element elementor-element-25043c1 elementor-widget elementor-widget-image\" data-id=\"25043c1\" data-element_type=\"widget\" data-widget_type=\"image.default\">\n\t\t\t\t<div class=\"elementor-widget-container\">\n\t\t\t\t\t\t\t\t\t\t\t\t\t<img fetchpriority=\"high\" decoding=\"async\" width=\"300\" height=\"300\" src=\"https:\/\/www.region-schwabach.de\/wordpress\/wp-content\/uploads\/2018\/04\/werbung1-300x300.png\" class=\"attachment-medium size-medium wp-image-35382\" alt=\"\" srcset=\"https:\/\/www.region-schwabach.de\/wordpress\/wp-content\/uploads\/2018\/04\/werbung1-300x300.png 300w, https:\/\/www.region-schwabach.de\/wordpress\/wp-content\/uploads\/2018\/04\/werbung1-150x150.png 150w, https:\/\/www.region-schwabach.de\/wordpress\/wp-content\/uploads\/2018\/04\/werbung1-768x768.png 768w, https:\/\/www.region-schwabach.de\/wordpress\/wp-content\/uploads\/2018\/04\/werbung1-1024x1024.png 1024w, https:\/\/www.region-schwabach.de\/wordpress\/wp-content\/uploads\/2018\/04\/werbung1.png 1200w\" sizes=\"(max-width: 300px) 100vw, 300px\" \/>\t\t\t\t\t\t\t\t\t\t\t\t\t<\/div>\n\t\t\t\t<\/div>\n\t\t\t\t\t<\/div>\n\t\t<\/div>\n\t\t\t\t\t<\/div>\n\t\t<\/section>\n\t\t\t\t<\/div>\n\t\t","protected":false},"excerpt":{"rendered":"<div class=\"mh-excerpt\"><p>Donnerstag, 27. September, 20.00 Uhr Apfelrausch \u2013 Krimilesung mit der Autorin Monika Martin Schwabach &#8211; Am Donnerstag, den 27.09. 2018, findet im Bistro \u00c4hre (nicht wie urspr\u00fcnglich angek\u00fcndigt im Internationales Frauencaf\u00e9), in der Z\u00f6llnertorstr. 8 <a class=\"mh-excerpt-more\" href=\"https:\/\/www.region-schwabach.de\/wordpress\/apfelrausch-krimilesung-mit-der-autorin-monika-martin\/\" title=\"Apfelrausch &#8211; Krimilesung mit der Autorin Monika Martin\">[&#8230;]<\/a><\/p>\n<\/div>","protected":false},"author":1,"featured_media":57693,"comment_status":"open","ping_status":"open","sticky":false,"template":"","format":"standard","meta":{"_cbd_carousel_blocks":"[]","footnotes":""},"categories":[16,287,231],"tags":[5734,6082,6085,6086,6084,4275,6083,19,1625],"class_list":{"0":"post-57692","1":"post","2":"type-post","3":"status-publish","4":"format-standard","5":"has-post-thumbnail","7":"category-aktuell","8":"category-jugend-und-familie","9":"category-veranstaltungsnews","10":"tag-27-09-2018","11":"tag-bistro-aehre","12":"tag-internationales-frauencafe","13":"tag-kommisar-attila-ermittelt-in-suedtirol","14":"tag-krimi-lesung","15":"tag-lesung","16":"tag-monika-martin","17":"tag-schwabach","18":"tag-zoellnertorstrasse"},"_links":{"self":[{"href":"https:\/\/www.region-schwabach.de\/wordpress\/wp-json\/wp\/v2\/posts\/57692","targetHints":{"allow":["GET"]}}],"collection":[{"href":"https:\/\/www.region-schwabach.de\/wordpress\/wp-json\/wp\/v2\/posts"}],"about":[{"href":"https:\/\/www.region-schwabach.de\/wordpress\/wp-json\/wp\/v2\/types\/post"}],"author":[{"embeddable":true,"href":"https:\/\/www.region-schwabach.de\/wordpress\/wp-json\/wp\/v2\/users\/1"}],"replies":[{"embeddable":true,"href":"https:\/\/www.region-schwabach.de\/wordpress\/wp-json\/wp\/v2\/comments?post=57692"}],"version-history":[{"count":0,"href":"https:\/\/www.region-schwabach.de\/wordpress\/wp-json\/wp\/v2\/posts\/57692\/revisions"}],"wp:featuredmedia":[{"embeddable":true,"href":"https:\/\/www.region-schwabach.de\/wordpress\/wp-json\/wp\/v2\/media\/57693"}],"wp:attachment":[{"href":"https:\/\/www.region-schwabach.de\/wordpress\/wp-json\/wp\/v2\/media?parent=57692"}],"wp:term":[{"taxonomy":"category","embeddable":true,"href":"https:\/\/www.region-schwabach.de\/wordpress\/wp-json\/wp\/v2\/categories?post=57692"},{"taxonomy":"post_tag","embeddable":true,"href":"https:\/\/www.region-schwabach.de\/wordpress\/wp-json\/wp\/v2\/tags?post=57692"}],"curies":[{"name":"wp","href":"https:\/\/api.w.org\/{rel}","templated":true}]}}