{"id":57699,"date":"2018-10-28T00:04:29","date_gmt":"2018-10-27T22:04:29","guid":{"rendered":"http:\/\/www.region-schwabach.de\/wordpress\/?p=57699"},"modified":"2018-11-02T22:56:06","modified_gmt":"2018-11-02T21:56:06","slug":"nikolai-von-magnus-skulpturen-bildhauerei","status":"publish","type":"post","link":"https:\/\/www.region-schwabach.de\/wordpress\/nikolai-von-magnus-skulpturen-bildhauerei\/","title":{"rendered":"Nikolai von Magnus &#8211; SKULPTUREN &#8211; Bildhauerei"},"content":{"rendered":"\t\t<div data-elementor-type=\"wp-post\" data-elementor-id=\"57699\" class=\"elementor elementor-57699 elementor-bc-flex-widget\">\n\t\t\t\t\t\t<section class=\"elementor-section elementor-top-section elementor-element elementor-element-678181b elementor-section-boxed elementor-section-height-default elementor-section-height-default\" data-id=\"678181b\" data-element_type=\"section\">\n\t\t\t\t\t\t<div class=\"elementor-container elementor-column-gap-default\">\n\t\t\t\t\t<div class=\"elementor-column elementor-col-66 elementor-top-column elementor-element elementor-element-6b34026\" data-id=\"6b34026\" data-element_type=\"column\">\n\t\t\t<div class=\"elementor-widget-wrap elementor-element-populated\">\n\t\t\t\t\t\t<div class=\"elementor-element elementor-element-443ab98 elementor-widget elementor-widget-text-editor\" data-id=\"443ab98\" data-element_type=\"widget\" data-widget_type=\"text-editor.default\">\n\t\t\t\t<div class=\"elementor-widget-container\">\n\t\t\t\t\t\t\t<h3 class=\"entry-title\">Nikolai von Magnus \u2013 SKULPTUREN \u2013 Bildhauerei\u00a0in der St\u00e4dtischen Galerie in Schwabach<\/h3><p class=\"idgroup_7 group_container\">Schwabach \u2013 Von Freitag, den 28.09.2018, bis Sonntag, den 28.10.2018, zeigt der K\u00fcnstlerbund Schwabach in der St\u00e4dtischen Galerie in Schwabach unter dem Motto &#8222;Nikolai von Magnus &#8211; SKULPTUREN &#8211; Bildhauerei&#8220; zahlreiche Werke von Nikolai von Magnus.<\/p><h3>Vernissage<\/h3><p>Die Vernissage zu der Ausstellung findet am Freitag, den 28. September, um 19.00 Uhr statt.<\/p><h3 class=\"idgroup_7 group_container\">Ausstellungszeiten<\/h3><p>Ge\u00f6ffnet ist die Ausstellung in der St\u00e4dtischen Galerie (K\u00f6nigsplatz 29A) zu folgenden Zeiten:<\/p><table style=\"border-collapse: collapse; width: 100%; height: 144px;\" border=\"1\"><tbody><tr style=\"height: 24px;\"><td style=\"width: 33.3333%; height: 24px;\">Tag<\/td><td style=\"width: 33.3333%; height: 24px;\">Von &#8230;<\/td><td style=\"width: 33.3333%; height: 24px;\">&#8230; bis<\/td><\/tr><tr style=\"height: 24px;\"><td style=\"width: 33.3333%; height: 24px;\">\u00a0<\/td><td style=\"width: 33.3333%; height: 24px;\">\u00a0<\/td><td style=\"width: 33.3333%; height: 24px;\">\u00a0<\/td><\/tr><tr style=\"height: 24px;\"><td style=\"width: 33.3333%; height: 24px;\">Donnerstag<\/td><td style=\"width: 33.3333%; height: 24px;\">11.00 Uhr<\/td><td style=\"width: 33.3333%; height: 24px;\">18.00 Uhr<\/td><\/tr><tr style=\"height: 24px;\"><td style=\"width: 33.3333%; height: 24px;\">Freitag<\/td><td style=\"width: 33.3333%; height: 24px;\">11.00 Uhr<\/td><td style=\"width: 33.3333%; height: 24px;\">18.00 Uhr<\/td><\/tr><tr style=\"height: 24px;\"><td style=\"width: 33.3333%; height: 24px;\">Samstag<\/td><td style=\"width: 33.3333%; height: 24px;\">10.00 Uhr<\/td><td style=\"width: 33.3333%; height: 24px;\">13.00 Uhr<\/td><\/tr><tr style=\"height: 24px;\"><td style=\"width: 33.3333%; height: 24px;\">Sonntag<\/td><td style=\"width: 33.3333%; height: 24px;\">13.00 Uhr<\/td><td style=\"width: 33.3333%; height: 24px;\">16.00 Uhr<\/td><\/tr><\/tbody><\/table><div>\u00a0<\/div><h3>Weiterf\u00fchrende Links:<\/h3><div><a href=\"http:\/\/www.kuenstlerbund-schwabach.de\/ausstellungen\/index.html\" target=\"_blank\" rel=\"noopener\">Hier geht&#8217;s zur Homepage des K\u00fcnstlerbundes &#8230;<\/a><\/div>\t\t\t\t\t\t<\/div>\n\t\t\t\t<\/div>\n\t\t\t\t<div class=\"elementor-element elementor-element-a29781d elementor-widget-divider--view-line elementor-widget elementor-widget-divider\" data-id=\"a29781d\" data-element_type=\"widget\" data-widget_type=\"divider.default\">\n\t\t\t\t<div class=\"elementor-widget-container\">\n\t\t\t\t\t<div class=\"elementor-divider\">\n\t\t\t<span class=\"elementor-divider-separator\">\n\t\t\t\t\t\t<\/span>\n\t\t<\/div>\n\t\t\t\t<\/div>\n\t\t\t\t<\/div>\n\t\t\t\t<div class=\"elementor-element elementor-element-cd4eeaf elementor-widget elementor-widget-google_maps\" data-id=\"cd4eeaf\" data-element_type=\"widget\" data-widget_type=\"google_maps.default\">\n\t\t\t\t<div class=\"elementor-widget-container\">\n\t\t\t\t\t<div class=\"elementor-custom-embed\">\n\t\t\t<iframe loading=\"lazy\"\n\t\t\t\t\tsrc=\"https:\/\/maps.google.com\/maps?q=K%C3%B6nigsplatz%2029A%2C%20Schwabach%2C%20Deutschland&#038;t=m&#038;z=17&#038;output=embed&#038;iwloc=near\"\n\t\t\t\t\ttitle=\"K\u00f6nigsplatz 29A, Schwabach, Deutschland\"\n\t\t\t\t\taria-label=\"K\u00f6nigsplatz 29A, Schwabach, Deutschland\"\n\t\t\t><\/iframe>\n\t\t<\/div>\n\t\t\t\t<\/div>\n\t\t\t\t<\/div>\n\t\t\t\t\t<\/div>\n\t\t<\/div>\n\t\t\t\t<div class=\"elementor-column elementor-col-33 elementor-top-column elementor-element elementor-element-f645137\" data-id=\"f645137\" data-element_type=\"column\">\n\t\t\t<div class=\"elementor-widget-wrap\">\n\t\t\t\t\t\t\t<\/div>\n\t\t<\/div>\n\t\t\t\t\t<\/div>\n\t\t<\/section>\n\t\t\t\t<\/div>\n\t\t","protected":false},"excerpt":{"rendered":"<div class=\"mh-excerpt\"><p>Nikolai von Magnus \u2013 SKULPTUREN \u2013 Bildhauerei\u00a0in der St\u00e4dtischen Galerie in Schwabach Schwabach \u2013 Von Freitag, den 28.09.2018, bis Sonntag, den 28.10.2018, zeigt der K\u00fcnstlerbund Schwabach in der St\u00e4dtischen Galerie in Schwabach unter dem Motto <a class=\"mh-excerpt-more\" href=\"https:\/\/www.region-schwabach.de\/wordpress\/nikolai-von-magnus-skulpturen-bildhauerei\/\" title=\"Nikolai von Magnus &#8211; SKULPTUREN &#8211; Bildhauerei\">[&#8230;]<\/a><\/p>\n<\/div>","protected":false},"author":1,"featured_media":57700,"comment_status":"open","ping_status":"open","sticky":false,"template":"","format":"standard","meta":{"_cbd_carousel_blocks":"[]","footnotes":""},"categories":[16,1,287,61,231,140],"tags":[6088,6090,4813,6087,5014,1480,19,3881,6089,4045],"class_list":{"0":"post-57699","1":"post","2":"type-post","3":"status-publish","4":"format-standard","5":"has-post-thumbnail","7":"category-aktuell","8":"category-allgemein","9":"category-jugend-und-familie","10":"category-rathaus","11":"category-veranstaltungsnews","12":"category-vereine","13":"tag-28-september-2018-bis-28-oktober-2018","14":"tag-bildhauerei","15":"tag-kuenstlerbund","16":"tag-nikolai-von-magnus","17":"tag-oktober-2018","18":"tag-rathaus","19":"tag-schwabach","20":"tag-september-2018","21":"tag-skulpturen","22":"tag-staedtische-galerie"},"_links":{"self":[{"href":"https:\/\/www.region-schwabach.de\/wordpress\/wp-json\/wp\/v2\/posts\/57699","targetHints":{"allow":["GET"]}}],"collection":[{"href":"https:\/\/www.region-schwabach.de\/wordpress\/wp-json\/wp\/v2\/posts"}],"about":[{"href":"https:\/\/www.region-schwabach.de\/wordpress\/wp-json\/wp\/v2\/types\/post"}],"author":[{"embeddable":true,"href":"https:\/\/www.region-schwabach.de\/wordpress\/wp-json\/wp\/v2\/users\/1"}],"replies":[{"embeddable":true,"href":"https:\/\/www.region-schwabach.de\/wordpress\/wp-json\/wp\/v2\/comments?post=57699"}],"version-history":[{"count":0,"href":"https:\/\/www.region-schwabach.de\/wordpress\/wp-json\/wp\/v2\/posts\/57699\/revisions"}],"wp:featuredmedia":[{"embeddable":true,"href":"https:\/\/www.region-schwabach.de\/wordpress\/wp-json\/wp\/v2\/media\/57700"}],"wp:attachment":[{"href":"https:\/\/www.region-schwabach.de\/wordpress\/wp-json\/wp\/v2\/media?parent=57699"}],"wp:term":[{"taxonomy":"category","embeddable":true,"href":"https:\/\/www.region-schwabach.de\/wordpress\/wp-json\/wp\/v2\/categories?post=57699"},{"taxonomy":"post_tag","embeddable":true,"href":"https:\/\/www.region-schwabach.de\/wordpress\/wp-json\/wp\/v2\/tags?post=57699"}],"curies":[{"name":"wp","href":"https:\/\/api.w.org\/{rel}","templated":true}]}}