{"id":57856,"date":"2018-09-28T00:03:24","date_gmt":"2018-09-27T22:03:24","guid":{"rendered":"http:\/\/www.region-schwabach.de\/wordpress\/?p=57856"},"modified":"2018-09-27T21:17:03","modified_gmt":"2018-09-27T19:17:03","slug":"oeffentliche-sitzung-des-stadtrats-am-28-september-2018","status":"publish","type":"post","link":"https:\/\/www.region-schwabach.de\/wordpress\/oeffentliche-sitzung-des-stadtrats-am-28-september-2018\/","title":{"rendered":"\u00d6ffentliche Sitzung des Stadtrats am 28. September 2018"},"content":{"rendered":"\t\t<div data-elementor-type=\"wp-post\" data-elementor-id=\"57856\" class=\"elementor elementor-57856 elementor-bc-flex-widget\">\n\t\t\t\t\t\t<section class=\"elementor-section elementor-top-section elementor-element elementor-element-678181b elementor-section-boxed elementor-section-height-default elementor-section-height-default\" data-id=\"678181b\" data-element_type=\"section\">\n\t\t\t\t\t\t<div class=\"elementor-container elementor-column-gap-default\">\n\t\t\t\t\t<div class=\"elementor-column elementor-col-66 elementor-top-column elementor-element elementor-element-6b34026\" data-id=\"6b34026\" data-element_type=\"column\">\n\t\t\t<div class=\"elementor-widget-wrap elementor-element-populated\">\n\t\t\t\t\t\t<div class=\"elementor-element elementor-element-443ab98 elementor-widget elementor-widget-text-editor\" data-id=\"443ab98\" data-element_type=\"widget\" data-widget_type=\"text-editor.default\">\n\t\t\t\t<div class=\"elementor-widget-container\">\n\t\t\t\t\t\t\t<h3>\u00d6ffentliche Sitzung des Stadtrats<\/h3><p>Am Freitag, den 28.09.2018, findet im Sitzungssaal des B\u00fcrgerhauses, K\u00f6nigsplatz 33 a, I. OG um 16.00 Uhr die\u00a0\u00f6ffentliche Sitzung des Stadtrats mit foldender\u00a0Tagesordnung statt:<\/p><ol><li><p>Best\u00e4tigung der Beschl\u00fcsse; Gesellschafterversammlung der GEWOBAU der Stadt Schwabach GmbH; Gesellschafterversammlung der SGS Stadtstrukturgesellschaft mbH;<\/p><\/li><li><p>KommunalBIT A\u00f6R; Jahresabschluss 2017<\/p><\/li><li><p>Umbesetzung des Jugendhilfeausschusses<\/p><\/li><li><p>Satzung zur \u00c4nderung der Beitrags- und Geb\u00fchrensatzung zur Entw\u00e4sserungssatzung der Stadt Schwabach (BGS\/EWS)<\/p><\/li><li><p>Jahresabschluss der Stadt Schwabach 2017 mit Schlussbilanz und Rechenschaftsbericht<\/p><\/li><li><p>Hospitalstiftung; Jahresabschluss 2017 mit Schlussbilanz und Rechenschaftsbericht<\/p><\/li><li><p>Eisentraut\u2019sche Wohlt\u00e4tigkeitsstiftung; Jahresabschluss 2017 mit Schlussbilanz und Rechenschaftsbericht<\/p><\/li><li><p>Ludwig- und Theresien-Waisenhausstiftung; Jahresabschluss 2017 mit Schlussbilanz und Rechenschaftsbericht<\/p><\/li><li><p>Entwurf des Haushaltsplanes 2019<\/p><\/li><li><p>F\u00f6rderung und Vorfahrt des verdichteten und gef\u00f6rderten Wohnungsbaus in Schwabach (Antrag der SPD-Stadtratsfraktion)<\/p><\/li><li><p>Anfragen und Anregungen<\/p><\/li><li><p>Genehmigung der Niederschriften der Stadtratssitzung vom 27.07.2018 und der Sitzung des Ferienausschusses vom 15.08.2018<\/p><\/li><\/ol>\t\t\t\t\t\t<\/div>\n\t\t\t\t<\/div>\n\t\t\t\t<div class=\"elementor-element elementor-element-21c3450 elementor-widget-divider--view-line elementor-widget elementor-widget-divider\" data-id=\"21c3450\" data-element_type=\"widget\" data-widget_type=\"divider.default\">\n\t\t\t\t<div class=\"elementor-widget-container\">\n\t\t\t\t\t<div class=\"elementor-divider\">\n\t\t\t<span class=\"elementor-divider-separator\">\n\t\t\t\t\t\t<\/span>\n\t\t<\/div>\n\t\t\t\t<\/div>\n\t\t\t\t<\/div>\n\t\t\t\t<div class=\"elementor-element elementor-element-f4c690c elementor-widget elementor-widget-google_maps\" data-id=\"f4c690c\" data-element_type=\"widget\" data-widget_type=\"google_maps.default\">\n\t\t\t\t<div class=\"elementor-widget-container\">\n\t\t\t\t\t<div class=\"elementor-custom-embed\">\n\t\t\t<iframe loading=\"lazy\"\n\t\t\t\t\tsrc=\"https:\/\/maps.google.com\/maps?q=K%C3%B6nigsplatz%2033a%2C%20Schwabach%2C%20Deutschland&#038;t=m&#038;z=17&#038;output=embed&#038;iwloc=near\"\n\t\t\t\t\ttitle=\"K\u00f6nigsplatz 33a, Schwabach, Deutschland\"\n\t\t\t\t\taria-label=\"K\u00f6nigsplatz 33a, Schwabach, Deutschland\"\n\t\t\t><\/iframe>\n\t\t<\/div>\n\t\t\t\t<\/div>\n\t\t\t\t<\/div>\n\t\t\t\t\t<\/div>\n\t\t<\/div>\n\t\t\t\t<div class=\"elementor-column elementor-col-33 elementor-top-column elementor-element elementor-element-f645137\" data-id=\"f645137\" data-element_type=\"column\">\n\t\t\t<div class=\"elementor-widget-wrap elementor-element-populated\">\n\t\t\t\t\t\t<div class=\"elementor-element elementor-element-25043c1 elementor-widget elementor-widget-image\" data-id=\"25043c1\" data-element_type=\"widget\" data-widget_type=\"image.default\">\n\t\t\t\t<div class=\"elementor-widget-container\">\n\t\t\t\t\t\t\t\t\t\t\t\t\t<img fetchpriority=\"high\" decoding=\"async\" width=\"300\" height=\"300\" src=\"https:\/\/www.region-schwabach.de\/wordpress\/wp-content\/uploads\/2018\/04\/werbung1-300x300.png\" class=\"attachment-medium size-medium wp-image-35382\" alt=\"\" srcset=\"https:\/\/www.region-schwabach.de\/wordpress\/wp-content\/uploads\/2018\/04\/werbung1-300x300.png 300w, https:\/\/www.region-schwabach.de\/wordpress\/wp-content\/uploads\/2018\/04\/werbung1-150x150.png 150w, https:\/\/www.region-schwabach.de\/wordpress\/wp-content\/uploads\/2018\/04\/werbung1-768x768.png 768w, https:\/\/www.region-schwabach.de\/wordpress\/wp-content\/uploads\/2018\/04\/werbung1-1024x1024.png 1024w, https:\/\/www.region-schwabach.de\/wordpress\/wp-content\/uploads\/2018\/04\/werbung1.png 1200w\" sizes=\"(max-width: 300px) 100vw, 300px\" \/>\t\t\t\t\t\t\t\t\t\t\t\t\t<\/div>\n\t\t\t\t<\/div>\n\t\t\t\t\t<\/div>\n\t\t<\/div>\n\t\t\t\t\t<\/div>\n\t\t<\/section>\n\t\t\t\t<\/div>\n\t\t","protected":false},"excerpt":{"rendered":"<div class=\"mh-excerpt\"><p>\u00d6ffentliche Sitzung des Stadtrats Am Freitag, den 28.09.2018, findet im Sitzungssaal des B\u00fcrgerhauses, K\u00f6nigsplatz 33 a, I. OG um 16.00 Uhr die\u00a0\u00f6ffentliche Sitzung des Stadtrats mit foldender\u00a0Tagesordnung statt: Best\u00e4tigung der Beschl\u00fcsse; Gesellschafterversammlung der GEWOBAU der <a class=\"mh-excerpt-more\" href=\"https:\/\/www.region-schwabach.de\/wordpress\/oeffentliche-sitzung-des-stadtrats-am-28-september-2018\/\" title=\"\u00d6ffentliche Sitzung des Stadtrats am 28. September 2018\">[&#8230;]<\/a><\/p>\n<\/div>","protected":false},"author":1,"featured_media":39357,"comment_status":"open","ping_status":"open","sticky":false,"template":"","format":"standard","meta":{"_cbd_carousel_blocks":"[]","footnotes":""},"categories":[16,1,79,61],"tags":[5735,3604,3959,3960,1480,19,3605],"class_list":{"0":"post-57856","1":"post","2":"type-post","3":"status-publish","4":"format-standard","5":"has-post-thumbnail","7":"category-aktuell","8":"category-allgemein","9":"category-politik","10":"category-rathaus","11":"tag-28-09-2018","12":"tag-buergerhaus","13":"tag-koenigsplatz-33-a","14":"tag-oeffentliche-sitzung-des-stadtrats","15":"tag-rathaus","16":"tag-schwabach","17":"tag-sitzungsaal"},"_links":{"self":[{"href":"https:\/\/www.region-schwabach.de\/wordpress\/wp-json\/wp\/v2\/posts\/57856","targetHints":{"allow":["GET"]}}],"collection":[{"href":"https:\/\/www.region-schwabach.de\/wordpress\/wp-json\/wp\/v2\/posts"}],"about":[{"href":"https:\/\/www.region-schwabach.de\/wordpress\/wp-json\/wp\/v2\/types\/post"}],"author":[{"embeddable":true,"href":"https:\/\/www.region-schwabach.de\/wordpress\/wp-json\/wp\/v2\/users\/1"}],"replies":[{"embeddable":true,"href":"https:\/\/www.region-schwabach.de\/wordpress\/wp-json\/wp\/v2\/comments?post=57856"}],"version-history":[{"count":0,"href":"https:\/\/www.region-schwabach.de\/wordpress\/wp-json\/wp\/v2\/posts\/57856\/revisions"}],"wp:featuredmedia":[{"embeddable":true,"href":"https:\/\/www.region-schwabach.de\/wordpress\/wp-json\/wp\/v2\/media\/39357"}],"wp:attachment":[{"href":"https:\/\/www.region-schwabach.de\/wordpress\/wp-json\/wp\/v2\/media?parent=57856"}],"wp:term":[{"taxonomy":"category","embeddable":true,"href":"https:\/\/www.region-schwabach.de\/wordpress\/wp-json\/wp\/v2\/categories?post=57856"},{"taxonomy":"post_tag","embeddable":true,"href":"https:\/\/www.region-schwabach.de\/wordpress\/wp-json\/wp\/v2\/tags?post=57856"}],"curies":[{"name":"wp","href":"https:\/\/api.w.org\/{rel}","templated":true}]}}