{"id":57860,"date":"2018-09-30T00:01:19","date_gmt":"2018-09-29T22:01:19","guid":{"rendered":"http:\/\/www.region-schwabach.de\/wordpress\/?p=57860"},"modified":"2018-09-30T04:47:12","modified_gmt":"2018-09-30T02:47:12","slug":"amt-fuer-digitalisierung-breitband-und-vermessung-mit-neuen-oeffnungszeiten","status":"publish","type":"post","link":"https:\/\/www.region-schwabach.de\/wordpress\/amt-fuer-digitalisierung-breitband-und-vermessung-mit-neuen-oeffnungszeiten\/","title":{"rendered":"Amt f\u00fcr Digitalisierung, Breitband und Vermessung mit neuen \u00d6ffnungszeiten"},"content":{"rendered":"\t\t<div data-elementor-type=\"wp-post\" data-elementor-id=\"57860\" class=\"elementor elementor-57860 elementor-bc-flex-widget\">\n\t\t\t\t\t\t<section class=\"elementor-section elementor-top-section elementor-element elementor-element-678181b elementor-section-boxed elementor-section-height-default elementor-section-height-default\" data-id=\"678181b\" data-element_type=\"section\">\n\t\t\t\t\t\t<div class=\"elementor-container elementor-column-gap-default\">\n\t\t\t\t\t<div class=\"elementor-column elementor-col-66 elementor-top-column elementor-element elementor-element-6b34026\" data-id=\"6b34026\" data-element_type=\"column\">\n\t\t\t<div class=\"elementor-widget-wrap elementor-element-populated\">\n\t\t\t\t\t\t<div class=\"elementor-element elementor-element-443ab98 elementor-widget elementor-widget-text-editor\" data-id=\"443ab98\" data-element_type=\"widget\" data-widget_type=\"text-editor.default\">\n\t\t\t\t<div class=\"elementor-widget-container\">\n\t\t\t\t\t\t\t<h3>Neue \u00d6ffnungszeiten am Amt f\u00fcr Digitalisierung, Breitband und Vermessung<\/h3><p>Ab 1. Oktober 2018 \u00e4ndern sich die \u00d6ffnungszeiten am Amt f\u00fcr Digitalisierung, Breitband und Vermessung in der Theodor-Heuss-Stra\u00dfe 61 in Schwabach.<\/p><h3>Die \u00d6ffnungszeiten im \u00dcberblick:<\/h3><table style=\"border-collapse: collapse; width: 100%;\" border=\"1\"><tbody><tr><td style=\"width: 50%;\">Tag<\/td><td style=\"width: 25%;\">von<\/td><td style=\"width: 25%;\">bis<\/td><\/tr><tr><td style=\"width: 50%;\">\u00a0<\/td><td style=\"width: 25%;\">\u00a0<\/td><td style=\"width: 25%;\">\u00a0<\/td><\/tr><tr><td style=\"width: 50%;\">Montag<\/td><td style=\"width: 25%;\">08.00 Uhr<\/td><td style=\"width: 25%;\">12.30 Uhr<\/td><\/tr><tr><td style=\"width: 50%;\">Dienstag<\/td><td style=\"width: 25%;\">08.00 Uhr<\/td><td style=\"width: 25%;\">12.30 Uhr<\/td><\/tr><tr><td style=\"width: 50%;\">Mittwoch<\/td><td style=\"width: 25%;\">08.00 Uhr<\/td><td style=\"width: 25%;\">12.30 Uhr<\/td><\/tr><tr><td style=\"width: 50%;\">Donnerstag<\/td><td style=\"width: 25%;\">08.00 Uhr<\/td><td style=\"width: 25%;\">16.00 Uhr<\/td><\/tr><tr><td style=\"width: 50%;\">Freitag<\/td><td style=\"width: 25%;\">08.00 Uhr<\/td><td style=\"width: 25%;\">12.30 Uhr<\/td><\/tr><\/tbody><\/table><p>Au\u00dferhalb der \u00d6ffnungszeiten sind Termine nach Vereinbarung m\u00f6glich.<\/p><h3>Weiterf\u00fchrende Links:<\/h3><p><a href=\"http:\/\/www.adbv-schwabach.de\/\" target=\"_blank\" rel=\"noopener\">Zur Homepage vom Amt f\u00fcr Digitalisierung, Breitband und Vermessung geht es hier &#8230;<\/a><\/p>\t\t\t\t\t\t<\/div>\n\t\t\t\t<\/div>\n\t\t\t\t<div class=\"elementor-element elementor-element-a29781d elementor-widget-divider--view-line elementor-widget elementor-widget-divider\" data-id=\"a29781d\" data-element_type=\"widget\" data-widget_type=\"divider.default\">\n\t\t\t\t<div class=\"elementor-widget-container\">\n\t\t\t\t\t<div class=\"elementor-divider\">\n\t\t\t<span class=\"elementor-divider-separator\">\n\t\t\t\t\t\t<\/span>\n\t\t<\/div>\n\t\t\t\t<\/div>\n\t\t\t\t<\/div>\n\t\t\t\t<div class=\"elementor-element elementor-element-2a05a02 elementor-widget elementor-widget-google_maps\" data-id=\"2a05a02\" data-element_type=\"widget\" data-widget_type=\"google_maps.default\">\n\t\t\t\t<div class=\"elementor-widget-container\">\n\t\t\t\t\t<div class=\"elementor-custom-embed\">\n\t\t\t<iframe loading=\"lazy\"\n\t\t\t\t\tsrc=\"https:\/\/maps.google.com\/maps?q=Theodor-Heuss-Stra%C3%9Fe%2061%2C%20Schwabach%2C%20Deutschland&#038;t=m&#038;z=17&#038;output=embed&#038;iwloc=near\"\n\t\t\t\t\ttitle=\"Theodor-Heuss-Stra\u00dfe 61, Schwabach, Deutschland\"\n\t\t\t\t\taria-label=\"Theodor-Heuss-Stra\u00dfe 61, Schwabach, Deutschland\"\n\t\t\t><\/iframe>\n\t\t<\/div>\n\t\t\t\t<\/div>\n\t\t\t\t<\/div>\n\t\t\t\t\t<\/div>\n\t\t<\/div>\n\t\t\t\t<div class=\"elementor-column elementor-col-33 elementor-top-column elementor-element elementor-element-f645137\" data-id=\"f645137\" data-element_type=\"column\">\n\t\t\t<div class=\"elementor-widget-wrap elementor-element-populated\">\n\t\t\t\t\t\t<div class=\"elementor-element elementor-element-25043c1 elementor-widget elementor-widget-image\" data-id=\"25043c1\" data-element_type=\"widget\" data-widget_type=\"image.default\">\n\t\t\t\t<div class=\"elementor-widget-container\">\n\t\t\t\t\t\t\t\t\t\t\t\t\t<img fetchpriority=\"high\" decoding=\"async\" width=\"300\" height=\"300\" src=\"https:\/\/www.region-schwabach.de\/wordpress\/wp-content\/uploads\/2018\/04\/werbung1-300x300.png\" class=\"attachment-medium size-medium wp-image-35382\" alt=\"\" srcset=\"https:\/\/www.region-schwabach.de\/wordpress\/wp-content\/uploads\/2018\/04\/werbung1-300x300.png 300w, https:\/\/www.region-schwabach.de\/wordpress\/wp-content\/uploads\/2018\/04\/werbung1-150x150.png 150w, https:\/\/www.region-schwabach.de\/wordpress\/wp-content\/uploads\/2018\/04\/werbung1-768x768.png 768w, https:\/\/www.region-schwabach.de\/wordpress\/wp-content\/uploads\/2018\/04\/werbung1-1024x1024.png 1024w, https:\/\/www.region-schwabach.de\/wordpress\/wp-content\/uploads\/2018\/04\/werbung1.png 1200w\" sizes=\"(max-width: 300px) 100vw, 300px\" \/>\t\t\t\t\t\t\t\t\t\t\t\t\t<\/div>\n\t\t\t\t<\/div>\n\t\t\t\t\t<\/div>\n\t\t<\/div>\n\t\t\t\t\t<\/div>\n\t\t<\/section>\n\t\t\t\t<\/div>\n\t\t","protected":false},"excerpt":{"rendered":"<div class=\"mh-excerpt\"><p>Neue \u00d6ffnungszeiten am Amt f\u00fcr Digitalisierung, Breitband und Vermessung Ab 1. Oktober 2018 \u00e4ndern sich die \u00d6ffnungszeiten am Amt f\u00fcr Digitalisierung, Breitband und Vermessung in der Theodor-Heuss-Stra\u00dfe 61 in Schwabach. Die \u00d6ffnungszeiten im \u00dcberblick: Tag <a class=\"mh-excerpt-more\" href=\"https:\/\/www.region-schwabach.de\/wordpress\/amt-fuer-digitalisierung-breitband-und-vermessung-mit-neuen-oeffnungszeiten\/\" title=\"Amt f\u00fcr Digitalisierung, Breitband und Vermessung mit neuen \u00d6ffnungszeiten\">[&#8230;]<\/a><\/p>\n<\/div>","protected":false},"author":1,"featured_media":57861,"comment_status":"open","ping_status":"open","sticky":false,"template":"","format":"standard","meta":{"_cbd_carousel_blocks":"[]","footnotes":""},"categories":[16,1,61],"tags":[6112,6113,6114,6115,5698,1480,19,2970],"class_list":{"0":"post-57860","1":"post","2":"type-post","3":"status-publish","4":"format-standard","5":"has-post-thumbnail","7":"category-aktuell","8":"category-allgemein","9":"category-rathaus","10":"tag-01-10-2018","11":"tag-ab-1-oktober-2018","12":"tag-amt-fuer-digitalisierung","13":"tag-breitband-und-vermessung","14":"tag-neue-oeffnungszeiten","15":"tag-rathaus","16":"tag-schwabach","17":"tag-theodor-heuss-strasse"},"_links":{"self":[{"href":"https:\/\/www.region-schwabach.de\/wordpress\/wp-json\/wp\/v2\/posts\/57860","targetHints":{"allow":["GET"]}}],"collection":[{"href":"https:\/\/www.region-schwabach.de\/wordpress\/wp-json\/wp\/v2\/posts"}],"about":[{"href":"https:\/\/www.region-schwabach.de\/wordpress\/wp-json\/wp\/v2\/types\/post"}],"author":[{"embeddable":true,"href":"https:\/\/www.region-schwabach.de\/wordpress\/wp-json\/wp\/v2\/users\/1"}],"replies":[{"embeddable":true,"href":"https:\/\/www.region-schwabach.de\/wordpress\/wp-json\/wp\/v2\/comments?post=57860"}],"version-history":[{"count":0,"href":"https:\/\/www.region-schwabach.de\/wordpress\/wp-json\/wp\/v2\/posts\/57860\/revisions"}],"wp:featuredmedia":[{"embeddable":true,"href":"https:\/\/www.region-schwabach.de\/wordpress\/wp-json\/wp\/v2\/media\/57861"}],"wp:attachment":[{"href":"https:\/\/www.region-schwabach.de\/wordpress\/wp-json\/wp\/v2\/media?parent=57860"}],"wp:term":[{"taxonomy":"category","embeddable":true,"href":"https:\/\/www.region-schwabach.de\/wordpress\/wp-json\/wp\/v2\/categories?post=57860"},{"taxonomy":"post_tag","embeddable":true,"href":"https:\/\/www.region-schwabach.de\/wordpress\/wp-json\/wp\/v2\/tags?post=57860"}],"curies":[{"name":"wp","href":"https:\/\/api.w.org\/{rel}","templated":true}]}}