{"id":58172,"date":"2018-09-30T12:04:27","date_gmt":"2018-09-30T10:04:27","guid":{"rendered":"http:\/\/www.region-schwabach.de\/wordpress\/?p=58172"},"modified":"2018-09-30T12:15:55","modified_gmt":"2018-09-30T10:15:55","slug":"graffiti-sprayer-in-schwabach-festgenommen","status":"publish","type":"post","link":"https:\/\/www.region-schwabach.de\/wordpress\/graffiti-sprayer-in-schwabach-festgenommen\/","title":{"rendered":"Graffiti-Sprayer in Schwabach festgenommen"},"content":{"rendered":"\t\t<div data-elementor-type=\"wp-post\" data-elementor-id=\"58172\" class=\"elementor elementor-58172 elementor-bc-flex-widget\">\n\t\t\t\t\t\t<section class=\"elementor-section elementor-top-section elementor-element elementor-element-1cuv9jr elementor-section-boxed elementor-section-height-default elementor-section-height-default\" data-id=\"1cuv9jr\" data-element_type=\"section\">\n\t\t\t\t\t\t<div class=\"elementor-container elementor-column-gap-default\">\n\t\t\t\t\t<div class=\"elementor-column elementor-col-66 elementor-top-column elementor-element elementor-element-q5zak7b\" data-id=\"q5zak7b\" data-element_type=\"column\">\n\t\t\t<div class=\"elementor-widget-wrap elementor-element-populated\">\n\t\t\t\t\t\t<div class=\"elementor-element elementor-element-86qws23 elementor-widget elementor-widget-text-editor\" data-id=\"86qws23\" data-element_type=\"widget\" data-widget_type=\"text-editor.default\">\n\t\t\t\t<div class=\"elementor-widget-container\">\n\t\t\t\t\t\t\t<h3><strong>Dreitorbr\u00fccke mit Graffiti bespr\u00fcht<\/strong><\/h3><p>Schwabach &#8211; Am Sonntag, den 30.09.18, beobachtete die Schwabacher Polizei in den fr\u00fchen Morgenstunden, wie drei junge M\u00e4nner im Bereich der Dreitorbr\u00fccke in Schwabach ein 2 x 4 Meter gro\u00dfes TAG (UT) mit Spraydosen anbrachten.<\/p><h3><strong>Graffiti-Sprayer festgenommen<\/strong><\/h3><p>Nach einer kurzen Flucht konnten die drei jungen M\u00e4nner im Alter von 17 und 24 Jahre festgenommen werden. Im Rahmen der anschlie\u00dfenden Vernehmungen gestanden die drei T\u00e4ter, auch noch am Parkhaus am Schwabacher Bahnhof &#8222;k\u00fcnstlerisch&#8220; aktiv gewesen zu sein.<\/p><h3>Sprayer-Utensilien sichergestellt<\/h3><p>Die umfangreichen Sprayer-Utensilien der drei T\u00e4ter wurden sichergestellt, und der Minderj\u00e4hrige seiner Mutter \u00fcbergeben. Die beiden Anderen wurden nach der Sachbehandlung entlassen. Die drei jungen M\u00e4nner erwartet nun neben der Schadensregulierung auch ein Strafverfahren wegen Sachbesch\u00e4digung.<\/p>\t\t\t\t\t\t<\/div>\n\t\t\t\t<\/div>\n\t\t\t\t<div class=\"elementor-element elementor-element-ace1283 elementor-widget-divider--view-line elementor-widget elementor-widget-divider\" data-id=\"ace1283\" data-element_type=\"widget\" data-widget_type=\"divider.default\">\n\t\t\t\t<div class=\"elementor-widget-container\">\n\t\t\t\t\t<div class=\"elementor-divider\">\n\t\t\t<span class=\"elementor-divider-separator\">\n\t\t\t\t\t\t<\/span>\n\t\t<\/div>\n\t\t\t\t<\/div>\n\t\t\t\t<\/div>\n\t\t\t\t<div class=\"elementor-element elementor-element-1l7zbzo elementor-widget elementor-widget-google_maps\" data-id=\"1l7zbzo\" data-element_type=\"widget\" data-widget_type=\"google_maps.default\">\n\t\t\t\t<div class=\"elementor-widget-container\">\n\t\t\t\t\t<div class=\"elementor-custom-embed\">\n\t\t\t<iframe loading=\"lazy\"\n\t\t\t\t\tsrc=\"https:\/\/maps.google.com\/maps?q=49.330756%2C%2011.037282&#038;t=m&#038;z=17&#038;output=embed&#038;iwloc=near\"\n\t\t\t\t\ttitle=\"49.330756, 11.037282\"\n\t\t\t\t\taria-label=\"49.330756, 11.037282\"\n\t\t\t><\/iframe>\n\t\t<\/div>\n\t\t\t\t<\/div>\n\t\t\t\t<\/div>\n\t\t\t\t\t<\/div>\n\t\t<\/div>\n\t\t\t\t<div class=\"elementor-column elementor-col-33 elementor-top-column elementor-element elementor-element-0w0urt1\" data-id=\"0w0urt1\" data-element_type=\"column\">\n\t\t\t<div class=\"elementor-widget-wrap elementor-element-populated\">\n\t\t\t\t\t\t<div class=\"elementor-element elementor-element-mo6nk5i elementor-widget elementor-widget-image\" data-id=\"mo6nk5i\" data-element_type=\"widget\" data-widget_type=\"image.default\">\n\t\t\t\t<div class=\"elementor-widget-container\">\n\t\t\t\t\t\t\t\t\t\t\t\t\t\t<a href=\"http:\/\/www.region-schwabach.de\/wordpress\/werben-auf-region-schwabach\/\" target=\"_blank\">\n\t\t\t\t\t\t\t<img fetchpriority=\"high\" decoding=\"async\" width=\"1024\" height=\"1024\" src=\"https:\/\/www.region-schwabach.de\/wordpress\/wp-content\/uploads\/2017\/06\/werbung8-1024x1024.png\" class=\"attachment-large size-large wp-image-2484\" alt=\"\" srcset=\"https:\/\/www.region-schwabach.de\/wordpress\/wp-content\/uploads\/2017\/06\/werbung8-1024x1024.png 1024w, https:\/\/www.region-schwabach.de\/wordpress\/wp-content\/uploads\/2017\/06\/werbung8-150x150.png 150w, https:\/\/www.region-schwabach.de\/wordpress\/wp-content\/uploads\/2017\/06\/werbung8-300x300.png 300w, https:\/\/www.region-schwabach.de\/wordpress\/wp-content\/uploads\/2017\/06\/werbung8-768x768.png 768w, https:\/\/www.region-schwabach.de\/wordpress\/wp-content\/uploads\/2017\/06\/werbung8-600x600.png 600w, https:\/\/www.region-schwabach.de\/wordpress\/wp-content\/uploads\/2017\/06\/werbung8.png 1200w\" sizes=\"(max-width: 1024px) 100vw, 1024px\" \/>\t\t\t\t\t\t\t\t<\/a>\n\t\t\t\t\t\t\t\t\t\t\t\t\t<\/div>\n\t\t\t\t<\/div>\n\t\t\t\t\t<\/div>\n\t\t<\/div>\n\t\t\t\t\t<\/div>\n\t\t<\/section>\n\t\t\t\t<\/div>\n\t\t","protected":false},"excerpt":{"rendered":"<div class=\"mh-excerpt\"><p>Dreitorbr\u00fccke mit Graffiti bespr\u00fcht Schwabach &#8211; Am Sonntag, den 30.09.18, beobachtete die Schwabacher Polizei in den fr\u00fchen Morgenstunden, wie drei junge M\u00e4nner im Bereich der Dreitorbr\u00fccke in Schwabach ein 2 x 4 Meter gro\u00dfes TAG <a class=\"mh-excerpt-more\" href=\"https:\/\/www.region-schwabach.de\/wordpress\/graffiti-sprayer-in-schwabach-festgenommen\/\" title=\"Graffiti-Sprayer in Schwabach festgenommen\">[&#8230;]<\/a><\/p>\n<\/div>","protected":false},"author":1,"featured_media":58173,"comment_status":"open","ping_status":"open","sticky":false,"template":"","format":"standard","meta":{"_cbd_carousel_blocks":"[]","footnotes":""},"categories":[15],"tags":[5737,274,6161,43,764,1686,3108,3554,981,487,6164,19,6162,1078,6163],"class_list":{"0":"post-58172","1":"post","2":"type-post","3":"status-publish","4":"format-standard","5":"has-post-thumbnail","7":"category-polizeimeldungen","8":"tag-30-09-2018","9":"tag-bahnhof","10":"tag-dreitorbruecke","11":"tag-festnahme","12":"tag-flucht","13":"tag-graffiti","14":"tag-maenner","15":"tag-parkhaus","16":"tag-polizei","17":"tag-sachbeschaedigung","18":"tag-schadensregulierung","19":"tag-schwabach","20":"tag-spraydosen","21":"tag-strafverfahren","22":"tag-tag"},"_links":{"self":[{"href":"https:\/\/www.region-schwabach.de\/wordpress\/wp-json\/wp\/v2\/posts\/58172","targetHints":{"allow":["GET"]}}],"collection":[{"href":"https:\/\/www.region-schwabach.de\/wordpress\/wp-json\/wp\/v2\/posts"}],"about":[{"href":"https:\/\/www.region-schwabach.de\/wordpress\/wp-json\/wp\/v2\/types\/post"}],"author":[{"embeddable":true,"href":"https:\/\/www.region-schwabach.de\/wordpress\/wp-json\/wp\/v2\/users\/1"}],"replies":[{"embeddable":true,"href":"https:\/\/www.region-schwabach.de\/wordpress\/wp-json\/wp\/v2\/comments?post=58172"}],"version-history":[{"count":0,"href":"https:\/\/www.region-schwabach.de\/wordpress\/wp-json\/wp\/v2\/posts\/58172\/revisions"}],"wp:featuredmedia":[{"embeddable":true,"href":"https:\/\/www.region-schwabach.de\/wordpress\/wp-json\/wp\/v2\/media\/58173"}],"wp:attachment":[{"href":"https:\/\/www.region-schwabach.de\/wordpress\/wp-json\/wp\/v2\/media?parent=58172"}],"wp:term":[{"taxonomy":"category","embeddable":true,"href":"https:\/\/www.region-schwabach.de\/wordpress\/wp-json\/wp\/v2\/categories?post=58172"},{"taxonomy":"post_tag","embeddable":true,"href":"https:\/\/www.region-schwabach.de\/wordpress\/wp-json\/wp\/v2\/tags?post=58172"}],"curies":[{"name":"wp","href":"https:\/\/api.w.org\/{rel}","templated":true}]}}