{"id":58299,"date":"2018-09-30T16:45:03","date_gmt":"2018-09-30T14:45:03","guid":{"rendered":"http:\/\/www.region-schwabach.de\/wordpress\/?p=58299"},"modified":"2018-09-30T16:58:18","modified_gmt":"2018-09-30T14:58:18","slug":"radmuttern-von-pkw-in-roth-gelockert","status":"publish","type":"post","link":"https:\/\/www.region-schwabach.de\/wordpress\/radmuttern-von-pkw-in-roth-gelockert\/","title":{"rendered":"Radmuttern von PKW in Roth gelockert"},"content":{"rendered":"\t\t<div data-elementor-type=\"wp-post\" data-elementor-id=\"58299\" class=\"elementor elementor-58299 elementor-bc-flex-widget\">\n\t\t\t\t\t\t<section class=\"elementor-section elementor-top-section elementor-element elementor-element-1cuv9jr elementor-section-boxed elementor-section-height-default elementor-section-height-default\" data-id=\"1cuv9jr\" data-element_type=\"section\">\n\t\t\t\t\t\t<div class=\"elementor-container elementor-column-gap-default\">\n\t\t\t\t\t<div class=\"elementor-column elementor-col-66 elementor-top-column elementor-element elementor-element-q5zak7b\" data-id=\"q5zak7b\" data-element_type=\"column\">\n\t\t\t<div class=\"elementor-widget-wrap elementor-element-populated\">\n\t\t\t\t\t\t<div class=\"elementor-element elementor-element-86qws23 elementor-widget elementor-widget-text-editor\" data-id=\"86qws23\" data-element_type=\"widget\" data-widget_type=\"text-editor.default\">\n\t\t\t\t<div class=\"elementor-widget-container\">\n\t\t\t\t\t\t\t<h3><strong>Radmuttern gelockert<\/strong><\/h3><p>Roth &#8211; Zu zwei gef\u00e4hrlichen Eingriffen in den Stra\u00dfenverkehr ist es in der Nacht von Freitag, den 28.09.2018, auf Samstag, den 29.09.2018im Bereich der Hilpoltsteiner Stra\u00dfe und Gartenstra\u00dfe in Roth gekommen, wo ein bislang unbekannter T\u00e4ter die Radmuttern vom linken Hinterrad bei zwei ordnungsgem\u00e4\u00df geparkten PKWs gelockert hat.<\/p><h3>Einmal rechtzeitig, einmal zu sp\u00e4t bemerkt<\/h3><p>Im ersten Fall bemerkte die PKW-Fahrerin die geisteskranke Tat rechtzeitig, und konnte durch das Festziehen der Radmuttern Schlimmeres gerade noch verhindern. Weniger Gl\u00fcck hatte der PKW-Lenker des zweiten Fahrzeugs, der auf der Staatsstra\u00dfe zwischen Roth und Eckersm\u00fchlen, w\u00e4hrend der Fahrt das linke Hinterrad, aber Gl\u00fcck im Ungl\u00fcck dennoch einen Unfall vermeiden konnte.<\/p><h3>Bitte der Polizei<\/h3><p>In diesem Zusammenhang bittet die Rother Polizei um Hinweise auf den T\u00e4ter und warnt zugleich alle Parker im Bereich Gartenstra\u00dfe\/Hilpoltsteiner Stra\u00dfe, besonderes Augenmerk auf die richtige Befestigung ihrer R\u00e4der vor Fahrtantritt zu achten.<\/p><h3>Polizei bittet um Mithilfe<\/h3><p>Personen, die verd\u00e4chtige Beobachtungen gemacht haben, werden gebeten, diese der Polizei in Roth unter der Rufnummer 09171-9744-0 mitzuteilen.<\/p>\t\t\t\t\t\t<\/div>\n\t\t\t\t<\/div>\n\t\t\t\t<div class=\"elementor-element elementor-element-ace1283 elementor-widget-divider--view-line elementor-widget elementor-widget-divider\" data-id=\"ace1283\" data-element_type=\"widget\" data-widget_type=\"divider.default\">\n\t\t\t\t<div class=\"elementor-widget-container\">\n\t\t\t\t\t<div class=\"elementor-divider\">\n\t\t\t<span class=\"elementor-divider-separator\">\n\t\t\t\t\t\t<\/span>\n\t\t<\/div>\n\t\t\t\t<\/div>\n\t\t\t\t<\/div>\n\t\t\t\t<div class=\"elementor-element elementor-element-1l7zbzo elementor-widget elementor-widget-google_maps\" data-id=\"1l7zbzo\" data-element_type=\"widget\" data-widget_type=\"google_maps.default\">\n\t\t\t\t<div class=\"elementor-widget-container\">\n\t\t\t\t\t<div class=\"elementor-custom-embed\">\n\t\t\t<iframe loading=\"lazy\"\n\t\t\t\t\tsrc=\"https:\/\/maps.google.com\/maps?q=49.324358%2C%2011.032968&#038;t=m&#038;z=17&#038;output=embed&#038;iwloc=near\"\n\t\t\t\t\ttitle=\"49.324358, 11.032968\"\n\t\t\t\t\taria-label=\"49.324358, 11.032968\"\n\t\t\t><\/iframe>\n\t\t<\/div>\n\t\t\t\t<\/div>\n\t\t\t\t<\/div>\n\t\t\t\t\t<\/div>\n\t\t<\/div>\n\t\t\t\t<div class=\"elementor-column elementor-col-33 elementor-top-column elementor-element elementor-element-0w0urt1\" data-id=\"0w0urt1\" data-element_type=\"column\">\n\t\t\t<div class=\"elementor-widget-wrap elementor-element-populated\">\n\t\t\t\t\t\t<div class=\"elementor-element elementor-element-mo6nk5i elementor-widget elementor-widget-image\" data-id=\"mo6nk5i\" data-element_type=\"widget\" data-widget_type=\"image.default\">\n\t\t\t\t<div class=\"elementor-widget-container\">\n\t\t\t\t\t\t\t\t\t\t\t\t\t\t<a href=\"http:\/\/www.region-schwabach.de\/wordpress\/werben-auf-region-schwabach\/\" target=\"_blank\">\n\t\t\t\t\t\t\t<img fetchpriority=\"high\" decoding=\"async\" width=\"1024\" height=\"1024\" src=\"https:\/\/www.region-schwabach.de\/wordpress\/wp-content\/uploads\/2017\/06\/werbung8-1024x1024.png\" class=\"attachment-large size-large wp-image-2484\" alt=\"\" srcset=\"https:\/\/www.region-schwabach.de\/wordpress\/wp-content\/uploads\/2017\/06\/werbung8-1024x1024.png 1024w, https:\/\/www.region-schwabach.de\/wordpress\/wp-content\/uploads\/2017\/06\/werbung8-150x150.png 150w, https:\/\/www.region-schwabach.de\/wordpress\/wp-content\/uploads\/2017\/06\/werbung8-300x300.png 300w, https:\/\/www.region-schwabach.de\/wordpress\/wp-content\/uploads\/2017\/06\/werbung8-768x768.png 768w, https:\/\/www.region-schwabach.de\/wordpress\/wp-content\/uploads\/2017\/06\/werbung8-600x600.png 600w, https:\/\/www.region-schwabach.de\/wordpress\/wp-content\/uploads\/2017\/06\/werbung8.png 1200w\" sizes=\"(max-width: 1024px) 100vw, 1024px\" \/>\t\t\t\t\t\t\t\t<\/a>\n\t\t\t\t\t\t\t\t\t\t\t\t\t<\/div>\n\t\t\t\t<\/div>\n\t\t\t\t\t<\/div>\n\t\t<\/div>\n\t\t\t\t\t<\/div>\n\t\t<\/section>\n\t\t\t\t<\/div>\n\t\t","protected":false},"excerpt":{"rendered":"<div class=\"mh-excerpt\"><p>Radmuttern gelockert Roth &#8211; Zu zwei gef\u00e4hrlichen Eingriffen in den Stra\u00dfenverkehr ist es in der Nacht von Freitag, den 28.09.2018, auf Samstag, den 29.09.2018im Bereich der Hilpoltsteiner Stra\u00dfe und Gartenstra\u00dfe in Roth gekommen, wo ein <a class=\"mh-excerpt-more\" href=\"https:\/\/www.region-schwabach.de\/wordpress\/radmuttern-von-pkw-in-roth-gelockert\/\" title=\"Radmuttern von PKW in Roth gelockert\">[&#8230;]<\/a><\/p>\n<\/div>","protected":false},"author":1,"featured_media":58300,"comment_status":"open","ping_status":"open","sticky":false,"template":"","format":"standard","meta":{"_cbd_carousel_blocks":"[]","footnotes":""},"categories":[15],"tags":[1599,1063,1046,6170,463,981,6169,32,713,1093],"class_list":{"0":"post-58299","1":"post","2":"type-post","3":"status-publish","4":"format-standard","5":"has-post-thumbnail","7":"category-polizeimeldungen","8":"tag-gartenstrasse","9":"tag-gefaehrlicher-eingriff-in-den-strassenverkehr","10":"tag-hilpoltsteiner-strasse","11":"tag-hinterrad-verloren","12":"tag-pkw","13":"tag-polizei","14":"tag-radmuttern","15":"tag-roth","16":"tag-schaden","17":"tag-staatsstrasse"},"_links":{"self":[{"href":"https:\/\/www.region-schwabach.de\/wordpress\/wp-json\/wp\/v2\/posts\/58299","targetHints":{"allow":["GET"]}}],"collection":[{"href":"https:\/\/www.region-schwabach.de\/wordpress\/wp-json\/wp\/v2\/posts"}],"about":[{"href":"https:\/\/www.region-schwabach.de\/wordpress\/wp-json\/wp\/v2\/types\/post"}],"author":[{"embeddable":true,"href":"https:\/\/www.region-schwabach.de\/wordpress\/wp-json\/wp\/v2\/users\/1"}],"replies":[{"embeddable":true,"href":"https:\/\/www.region-schwabach.de\/wordpress\/wp-json\/wp\/v2\/comments?post=58299"}],"version-history":[{"count":0,"href":"https:\/\/www.region-schwabach.de\/wordpress\/wp-json\/wp\/v2\/posts\/58299\/revisions"}],"wp:featuredmedia":[{"embeddable":true,"href":"https:\/\/www.region-schwabach.de\/wordpress\/wp-json\/wp\/v2\/media\/58300"}],"wp:attachment":[{"href":"https:\/\/www.region-schwabach.de\/wordpress\/wp-json\/wp\/v2\/media?parent=58299"}],"wp:term":[{"taxonomy":"category","embeddable":true,"href":"https:\/\/www.region-schwabach.de\/wordpress\/wp-json\/wp\/v2\/categories?post=58299"},{"taxonomy":"post_tag","embeddable":true,"href":"https:\/\/www.region-schwabach.de\/wordpress\/wp-json\/wp\/v2\/tags?post=58299"}],"curies":[{"name":"wp","href":"https:\/\/api.w.org\/{rel}","templated":true}]}}