{"id":58314,"date":"2018-10-05T00:02:20","date_gmt":"2018-10-04T22:02:20","guid":{"rendered":"http:\/\/www.region-schwabach.de\/wordpress\/?p=58314"},"modified":"2018-10-12T21:41:30","modified_gmt":"2018-10-12T19:41:30","slug":"vorverkauf-fuer-lesart-startet-am-5-oktober-2018","status":"publish","type":"post","link":"https:\/\/www.region-schwabach.de\/wordpress\/vorverkauf-fuer-lesart-startet-am-5-oktober-2018\/","title":{"rendered":"Vorverkauf f\u00fcr LesArt startet am 5. Oktober 2018"},"content":{"rendered":"\t\t<div data-elementor-type=\"wp-post\" data-elementor-id=\"58314\" class=\"elementor elementor-58314 elementor-bc-flex-widget\">\n\t\t\t\t\t\t<section class=\"elementor-section elementor-top-section elementor-element elementor-element-678181b elementor-section-boxed elementor-section-height-default elementor-section-height-default\" data-id=\"678181b\" data-element_type=\"section\">\n\t\t\t\t\t\t<div class=\"elementor-container elementor-column-gap-default\">\n\t\t\t\t\t<div class=\"elementor-column elementor-col-66 elementor-top-column elementor-element elementor-element-6b34026\" data-id=\"6b34026\" data-element_type=\"column\">\n\t\t\t<div class=\"elementor-widget-wrap elementor-element-populated\">\n\t\t\t\t\t\t<div class=\"elementor-element elementor-element-443ab98 elementor-widget elementor-widget-text-editor\" data-id=\"443ab98\" data-element_type=\"widget\" data-widget_type=\"text-editor.default\">\n\t\t\t\t<div class=\"elementor-widget-container\">\n\t\t\t\t\t\t\t<h3>Vorverkauf f\u00fcr LesArt startet am 5. Oktober<\/h3><p>Schwabach &#8211; Vom 3. bis 12. November sind 12 renommierte Autoren und eine musikalische\u00a0B\u00fchnenshow f\u00fcr die ganze Familie zu Gast bei der Schwabacher LesArt. Ab 5.\u00a0Oktober beginnt der Vorverkauf.<\/p><h3>Stars, Schauspieler, Preistr\u00e4ger,\u00a0Bestsellerautoren,\u00a0Reise-Journalisten<\/h3><p>Es kommen Stars wie Udo Wachtveitl, der\u00a0bayerische Tatort-Kommissar, die vielfach ausgezeichnete Schauspielerin Eva\u00a0Mattes, der Lyriker und B\u00fcchner-Preistr\u00e4ger Jan Wagner, Bestsellerautor Ingo\u00a0Schulze, Volker Weidermann, Autor beim Spiegel und Gastgeber des\u00a0\u201eLiterarischen Quartetts\u201c sowie Dennis Gastmann, einer der bekanntesten\u00a0Reise-Journalisten, der ein St\u00fcck Japan nach Schwabach bringt.\u00a014 Lesungen\u00a0von Kinder- und Jugendbuchautoren in allen Schwabacher Schulen und der\u00a0Stadtbibliothek runden den Lese-Herbst ab.<\/p><table style=\"border-collapse: collapse; width: 100%;\" border=\"1\"><tbody><tr><td style=\"width: 25%;\"><a href=\"http:\/\/www.region-schwabach.de\/wordpress\/wp-content\/uploads\/2018\/09\/Udo-Wachtveitl_leitmayr-001_BR_Bavaria-Fernsehproduktion_Stephen-Power_-e1538342683535.jpg\"><img fetchpriority=\"high\" decoding=\"async\" class=\"size-full wp-image-58319 alignnone\" src=\"http:\/\/www.region-schwabach.de\/wordpress\/wp-content\/uploads\/2018\/09\/Udo-Wachtveitl_leitmayr-001_BR_Bavaria-Fernsehproduktion_Stephen-Power_-e1538342683535.jpg\" alt=\"\" width=\"960\" height=\"643\" \/><\/a> Foto: Franz Leitmayr (Udo Wachtveitl)\u00a0Bild: \u00a9 BR\/Bavaria Fernsehproduktion\/Stephen Power<\/td><td style=\"width: 50%; text-align: left; vertical-align: middle;\">Unter dem Titel \u201eM\u00f6rderisches Bayern\u201c liest Udo Wachtveitl, der bayerische\u00a0Tatort-Kommissar, eine Text-Collage des Krimiautors Robert H\u00fcltner, die er\u00a0aus seinen preisgekr\u00f6nten drei Kriminalromanen um den bayerischen\u00a0Inspektor Paul Kajetan zusammengestellt hat. Der Kriminaler ermittelt mit\u00a0Instinkt und Humor im \u201erevolution\u00e4ren Oberbayern\u201c der 20er Jahre und macht\u00a0den Abend zu einem fesselnden Vergn\u00fcgen, unterlegt mit fantastischen T\u00f6nen\u00a0und Kl\u00e4ngen mittels Posaune, Akkordeon und Schlagzeug (3.11., 20 Uhr).<\/td><\/tr><tr><td style=\"width: 25%;\"><a href=\"http:\/\/www.region-schwabach.de\/wordpress\/wp-content\/uploads\/2018\/10\/Morsbach@-Bogenberger.-e1538387308504.jpg\"><img decoding=\"async\" class=\"size-full wp-image-58625\" src=\"http:\/\/www.region-schwabach.de\/wordpress\/wp-content\/uploads\/2018\/10\/Morsbach@-Bogenberger.-e1538387308504.jpg\" alt=\"\" width=\"960\" height=\"639\" \/><\/a> Morsbach@ Bogenberger<\/td><td style=\"width: 50%; text-align: left; vertical-align: middle;\">Es folgt die vielfach ausgezeichnete Petra Morsbach, die mit \u201eJustizplalast\u201c\u00a0einen gro\u00dfen Roman \u00fcber Gerechtigkeit und jene, die sie schaffen sollen,\u00a0vorstellt \u2013 im passenden Ambiente des Schwabacher Amtsgerichts. \u00dcber neun\u00a0Jahre hat Morsbach an diesem Roman geschrieben. Und hier stimmt jeder\u00a0Satz, jedes Wort: Sie hat mit f\u00fcnfzig Juristen gesprochen und hat das\u00a0Manuskript von Richtern gegenlesen lassen (4.11., 11 Uhr).<\/td><\/tr><tr><td style=\"width: 25%;\"><a href=\"http:\/\/www.region-schwabach.de\/wordpress\/wp-content\/uploads\/2018\/10\/bas_boettcher@felix_warmuth-e1538346053447.jpg\"><img decoding=\"async\" class=\"size-full wp-image-58328\" src=\"http:\/\/www.region-schwabach.de\/wordpress\/wp-content\/uploads\/2018\/10\/bas_boettcher@felix_warmuth-e1538346053447.jpg\" alt=\"\" width=\"960\" height=\"656\" \/><\/a> bas_boettcher@felix_warmuth<\/td><td style=\"width: 50%; text-align: left; vertical-align: middle;\">Vor allem Lyrik steht dieses Jahr im Fokus der LesArt. An junge Literaturfans\u00a0wendet sich die Poetry-Slam-Show von Bas B\u00f6ttcher. Als Pionier der Poetry-Slam-Bewegung pr\u00e4gte er den Stil einer neuen Live-Literatur, die explizit f\u00fcr\u00a0die B\u00fchne verfasst wird. Im Programm &#8222;Die verkuppelten Worte&#8220; geht er der\u00a0Alltagssprache auf den Grund. Wie klingt ein Liebesgedicht auf Denglisch?\u00a0K\u00f6nnen W\u00f6rter stolpern oder verstecken spielen? Welche\u00a0 Missverst\u00e4ndnisse\u00a0lauern in der Sprache? (4.11., 20 Uhr).<\/td><\/tr><tr><td style=\"width: 25%;\"><a href=\"http:\/\/www.region-schwabach.de\/wordpress\/wp-content\/uploads\/2018\/10\/Claudia_Praxmayerc_Ute_Michel.jpg\"><img loading=\"lazy\" decoding=\"async\" class=\"size-full wp-image-58660 alignnone\" src=\"http:\/\/www.region-schwabach.de\/wordpress\/wp-content\/uploads\/2018\/10\/Claudia_Praxmayerc_Ute_Michel.jpg\" alt=\"\" width=\"948\" height=\"1000\" srcset=\"https:\/\/www.region-schwabach.de\/wordpress\/wp-content\/uploads\/2018\/10\/Claudia_Praxmayerc_Ute_Michel.jpg 948w, https:\/\/www.region-schwabach.de\/wordpress\/wp-content\/uploads\/2018\/10\/Claudia_Praxmayerc_Ute_Michel-284x300.jpg 284w, https:\/\/www.region-schwabach.de\/wordpress\/wp-content\/uploads\/2018\/10\/Claudia_Praxmayerc_Ute_Michel-768x810.jpg 768w\" sizes=\"(max-width: 948px) 100vw, 948px\" \/><\/a> Claudia_Praxmayerc_Ute_Michel<\/td><td style=\"width: 50%; text-align: left; vertical-align: middle;\"><p>\u00a0Claudia Praxmayer ist geb\u00fcrtige Salzburgerin und hat Biologie studiert. Sie arbeitet in M\u00fcnchen als selbstst\u00e4ndige PR-Beraterin und Autorin. Sie hat bereits Ratgeber, Sachb\u00fccher und mittlerweile drei Romane ver\u00f6ffentlicht. Als aktives Mitglied des NABU Deutschland engagiert sie sich seit vielen Jahren ehrenamtlich im Bereich Artenschutz und setzt sich f\u00fcr bedrohte Tierarten ein. Mit der \u00bbBienenk\u00f6nigin\u00ab gibt sie ihr eindrucksvolles Deb\u00fct im Jugendbuch.\u00a0\u201eIn meiner zitternden Handfl\u00e4che liegt, matt in der Sonne schimmernd, eine nachtschwarze Biene.\u201c\u00a0Doch jenes unheimliche Wesen, das Mel eines Tages vor dem Bienenstock im Garten ihrer WG findet, ist keine der samtigen Bienen, die sie so liebt. Ganz im Gegenteil: Es ist eine t\u00f6dliche Miniatur-Drohne, die es offensichtlich auf ihre lebenden \u00bbArtgenossen\u00ab abgesehen hat. Nur, wer w\u00fcrde die ohnehin bedrohten Bienenv\u00f6lker um San Francisco ausrotten wollen? Mel und ihre vier WG-Freunde sind entsetzt und beginnen nachzuforschen. Und ihre Ermittlungen f\u00fchren sie unversehens mitten hinein in eine hochbrisante Verschw\u00f6rung. (Montag, 5.11.18, 8.05, 9.30 &amp; 11.15 Uhr)<\/p><\/td><\/tr><tr><td style=\"width: 25%;\"><a href=\"http:\/\/www.region-schwabach.de\/wordpress\/wp-content\/uploads\/2018\/10\/Schulze_Ingo@Gaby-Gerster_neu-e1538345871889.jpg\"><img loading=\"lazy\" decoding=\"async\" class=\"size-full wp-image-58326 alignnone\" src=\"http:\/\/www.region-schwabach.de\/wordpress\/wp-content\/uploads\/2018\/10\/Schulze_Ingo@Gaby-Gerster_neu-e1538345871889.jpg\" alt=\"\" width=\"960\" height=\"641\" \/><\/a> Schulze_Ingo@Gaby Gerster_neu<\/td><td style=\"width: 50%; text-align: left; vertical-align: middle;\">Ingo Schulze, international ausgezeichneter Chronist der j\u00fcngeren deutschen\u00a0Geschichte, hat sich mit seinem viel gelobten Schelmenroman \u201ePeter Holtz\u201c\u00a0angek\u00fcndigt, der auf der Longlist des Deutschen Buchpreises stand. Peter\u00a0Holtz will das Gl\u00fcck f\u00fcr alle. Schon als Kind praktiziert er die Abschaffung des\u00a0Geldes. Als CDU-Mitglied (Ost) k\u00e4mpft er f\u00fcr eine christlich-kommunistische\u00a0Demokratie. Doch der Lauf der Welt widerspricht aller Logik. Seine\u00a0Selbstlosigkeit belohnt die Marktwirtschaft mit Reichtum (5.11., 20 Uhr).<\/td><\/tr><tr><td style=\"width: 25%;\"><a href=\"http:\/\/www.region-schwabach.de\/wordpress\/wp-content\/uploads\/2018\/10\/Margit-Auer@Richard-Auer-e1538346314418.jpg\"><img loading=\"lazy\" decoding=\"async\" class=\"size-full wp-image-58331\" src=\"http:\/\/www.region-schwabach.de\/wordpress\/wp-content\/uploads\/2018\/10\/Margit-Auer@Richard-Auer-e1538346314418.jpg\" alt=\"\" width=\"960\" height=\"900\" \/><\/a> Margit Auer@Richard Auer<\/td><td style=\"width: 50%; text-align: left; vertical-align: middle;\"><h3 style=\"text-align: center;\">Ausverkauft!<\/h3><p>F\u00fcr Kinder ab 8 Jahren steht mit dem Besuch von Margit Auer ein Best-Off aus\u00a0der Erfolgsserie \u201eDie Schule der magischen Tiere\u201c auf dem Programm. Margit\u00a0Auer kommt nun nicht nur zu Schullesungen am Vormittag (9.45 &amp; 11.35 Uhr), sondern liest auch\u00a0am Dienstagnachmittag, 6.11., 15 Uhr in der Stadtbibliothek. Kostenlose\u00a0Einlasskarten f\u00fcr diese Veranstaltung sind in der Stadtbibliothek ab 5. Oktober\u00a0erh\u00e4ltlich.<\/p><\/td><\/tr><tr><td style=\"width: 25%;\"><a href=\"http:\/\/www.region-schwabach.de\/wordpress\/wp-content\/uploads\/2018\/10\/Jan_Wagner_cVillaMassimo_AlbertoNovelli-e1538387499511.jpg\"><img loading=\"lazy\" decoding=\"async\" class=\"size-full wp-image-58627\" src=\"http:\/\/www.region-schwabach.de\/wordpress\/wp-content\/uploads\/2018\/10\/Jan_Wagner_cVillaMassimo_AlbertoNovelli-e1538387499511.jpg\" alt=\"\" width=\"960\" height=\"782\" \/><\/a> Jan_Wagner_(c)VillaMassimo_AlbertoNovelli<\/td><td style=\"width: 50%; text-align: left; vertical-align: middle;\">Als erster Lyriker hat Jan Wagner f\u00fcr seine &#8222;Regentonnenvariationen&#8220; vor drei\u00a0Jahren den Preis der Leipziger Buchmesse bekommen, sogar auf die\u00a0Bestsellerliste hat es dieser Gedichtband damals geschafft. Au\u00dferdem wurde\u00a0er 2017 mit dem Georg-B\u00fcchner-Preis ausgezeichnet. Jan Wagner beeindruckt\u00a0mit seinem neuen Lyrik-Band \u201eDie Live Butterfly Show\u201c, in dem er\u00a0Schmetterlinge und nicht nur diese Loopings fliegen l\u00e4sst (6.11., 20 Uhr).<\/td><\/tr><tr><td style=\"width: 25%;\"><a href=\"http:\/\/www.region-schwabach.de\/wordpress\/wp-content\/uploads\/2018\/10\/Volker-Weidermann\u00a9-Elke-D\u00f6rfel-e1538387822164.jpg\"><img loading=\"lazy\" decoding=\"async\" class=\"size-full wp-image-58629\" src=\"http:\/\/www.region-schwabach.de\/wordpress\/wp-content\/uploads\/2018\/10\/Volker-Weidermann\u00a9-Elke-D\u00f6rfel-e1538387822164.jpg\" alt=\"\" width=\"960\" height=\"1330\" \/><\/a> Volker Weidermann\u00a9 Elke D\u00f6rfel<\/td><td style=\"width: 50%; text-align: left; vertical-align: middle;\">Auch das 100. Jubil\u00e4um des Freistaats Bayern spielt eine Rolle bei der LesArt.\u00a0Wann gab es das schon einmal \u2013 eine Revolution, durch die die Dichter an die\u00a0Macht gelangten? Von der M\u00fcnchner R\u00e4terepublik zwischen November 1918\u00a0und April 1919 erz\u00e4hlt Volker Weidermann in seiner mitrei\u00dfenden Reportage\u00a0\u201eTr\u00e4umer\u201c, bei der das Lese-Publikum zum Augenzeugen der turbulenten\u00a0Wochen wird, die M\u00fcnchen, Bayern und Deutschland ersch\u00fctterten (7.11., 20\u00a0Uhr).<\/td><\/tr><tr><td style=\"width: 25%;\"><a href=\"http:\/\/www.region-schwabach.de\/wordpress\/wp-content\/uploads\/2018\/10\/Mattes_4ccHanna-Mattes_SV-e1538346710308.jpg\"><img loading=\"lazy\" decoding=\"async\" class=\"size-full wp-image-58335\" src=\"http:\/\/www.region-schwabach.de\/wordpress\/wp-content\/uploads\/2018\/10\/Mattes_4ccHanna-Mattes_SV-e1538346710308.jpg\" alt=\"\" width=\"960\" height=\"640\" \/><\/a> Mattes_4c(c)Hanna Mattes_SV<\/td><td style=\"width: 50%; text-align: left; vertical-align: middle;\">Jeder kennt sie als \u201eTatort\u201c-Kommissarin Klara Blum. Dabei ist Eva Mattes seit\u00a0den 1970er Jahren preisgekr\u00f6nte Kultfigur des Neuen Deutschen Films. Die\u00a0Ausnahmeschauspielerin liest \u201eDie Geschichte des verlorenen Kindes\u201c der\u00a0Bestseller-Autorin Elena Ferrante, die sich f\u00fcr die Anonymit\u00e4t entschieden hat.\u00a0Die Familiensaga um eine Frauenfreundschaft in Neapel seit den 1950er\u00a0Jahren ist schon in die moderne Literaturgeschichte eingegangen. Erg\u00e4nzend\u00a0dazu gibt Eva Mattes einen Einblick in ihre Autobiografie (8.11., 20 Uhr).<\/td><\/tr><tr><td style=\"width: 25%;\"><a href=\"http:\/\/www.region-schwabach.de\/wordpress\/wp-content\/uploads\/2018\/10\/Andreas-H\u00fcgingcIsabelle-Grubert1-e1538387930314.jpg\"><img loading=\"lazy\" decoding=\"async\" class=\"size-full wp-image-58631\" src=\"http:\/\/www.region-schwabach.de\/wordpress\/wp-content\/uploads\/2018\/10\/Andreas-H\u00fcgingcIsabelle-Grubert1-e1538387930314.jpg\" alt=\"\" width=\"960\" height=\"945\" \/><\/a> Andreas H\u00fcging(c)Isabelle Grubert1<\/td><td style=\"width: 50%; text-align: left; vertical-align: middle;\">Andreas H\u00fcging schreibt fesselnde Abenteuerb\u00fccher f\u00fcr Kinder. Der\u00a0Mehrfachk\u00fcnstler inszeniert mit \u201eRobotical\u201c f\u00fcr Kinder ab 6 Jahren ein\u00a0schwungvolles Programm, indem er die Geschichte von Roki, dem kleinen\u00a0Roboter, vortr\u00e4gt, die Illustrationen von Nikolai Renger per Beamer zeigt und\u00a0Lieder f\u00fcr und mit den Kindern auf der Gitarre spielt und singt (9.11., 14.30\u00a0Uhr).<\/td><\/tr><tr><td style=\"width: 25%;\"><a href=\"http:\/\/www.region-schwabach.de\/wordpress\/wp-content\/uploads\/2018\/10\/Petra-Hammesfahr@-Wilfried-Hammesfahr-e1538346517265.jpg\"><img loading=\"lazy\" decoding=\"async\" class=\"size-full wp-image-58333\" src=\"http:\/\/www.region-schwabach.de\/wordpress\/wp-content\/uploads\/2018\/10\/Petra-Hammesfahr@-Wilfried-Hammesfahr-e1538346517265.jpg\" alt=\"\" width=\"960\" height=\"1440\" \/><\/a> Petra Hammesfahr@ Wilfried Hammesfahr<\/td><td style=\"width: 50%; text-align: left; vertical-align: middle;\">\u00dcber 30 Romane hat Petra Hammesfahr bereits ver\u00f6ffentlicht. Ihre\u00a0Spannungsromane erobern die Bestsellerlisten, werden mit Preisen\u00a0ausgezeichnet und erfolgreich verfilmt. Ihr Erfolg fu\u00dft nicht zuletzt auf\u00a0tiefenpsychologischen Kenntnissen, die eine Allianz mit kriminalistischem\u00a0Kalk\u00fcl eingehen. Petra Hammesfahr liest aus ihrem neuen Buch \u201eAls Luca\u00a0verschwand\u201c (9.11., 20 Uhr)<\/td><\/tr><tr><td style=\"width: 25%;\"><a href=\"http:\/\/www.region-schwabach.de\/wordpress\/wp-content\/uploads\/2018\/10\/Dennis-Gastmann\u00a9-Axel-Martens-e1538388050925.jpg\"><img loading=\"lazy\" decoding=\"async\" class=\"size-full wp-image-58633\" src=\"http:\/\/www.region-schwabach.de\/wordpress\/wp-content\/uploads\/2018\/10\/Dennis-Gastmann\u00a9-Axel-Martens-e1538388050925.jpg\" alt=\"\" width=\"960\" height=\"1216\" \/><\/a> Dennis Gastmann\u00a9 Axel Martens<\/td><td style=\"width: 50%; text-align: left; vertical-align: middle;\">Dennis Gastmann entdeckt das Land der R\u00e4tsel, Regeln und Rituale: Japan. In\u00a0seiner Reisereportage &#8222;Der vorletzte Samurai &#8211; ein japanisches Abenteuer&#8220;\u00a0wird der japanischen Geschichte ebenso nachgesp\u00fcrt wie ihrer Gegenwart.\u00a0Gastmann erkundet Japan gemeinsam mit seiner Frau, die aus einer alten\u00a0Samurai-Familie stammt. Er war Autor der Satiresendung \u201eextra 3\u201c, bevor er\u00a0begann, als Auslandsreporter um den Globus zu reisen (10.11., 20 Uhr).<\/td><\/tr><tr><td style=\"width: 25%;\"><a href=\"http:\/\/www.region-schwabach.de\/wordpress\/wp-content\/uploads\/2018\/10\/Weigand_Sabine.jpg\"><img loading=\"lazy\" decoding=\"async\" class=\"size-full wp-image-58635\" src=\"http:\/\/www.region-schwabach.de\/wordpress\/wp-content\/uploads\/2018\/10\/Weigand_Sabine.jpg\" alt=\"\" width=\"600\" height=\"799\" srcset=\"https:\/\/www.region-schwabach.de\/wordpress\/wp-content\/uploads\/2018\/10\/Weigand_Sabine.jpg 600w, https:\/\/www.region-schwabach.de\/wordpress\/wp-content\/uploads\/2018\/10\/Weigand_Sabine-225x300.jpg 225w\" sizes=\"(max-width: 600px) 100vw, 600px\" \/><\/a> Weigand_Sabine<\/td><td style=\"width: 50%; text-align: left; vertical-align: middle;\">Schwabachs Erfolgsautorin Sabine Weigand stellt mit \u201eDie Manufaktur der\u00a0D\u00fcfte\u201c ihre gro\u00dfe Gr\u00fcnderzeit-Saga \u00fcber den Schwabacher Seifenfabrikaten\u00a0Fritz Ribot vor, verbunden mit einer kostenlosen Kurz-F\u00fchrung zur Ribot-Sammlung im Stadtmuseum. (11.11., 11 Uhr).<\/td><\/tr><tr><td style=\"width: 25%;\"><a href=\"http:\/\/www.region-schwabach.de\/wordpress\/wp-content\/uploads\/2018\/10\/Ferrera-cMarkus-R\u00f6leke-e1538388217544.jpg\"><img loading=\"lazy\" decoding=\"async\" class=\"size-full wp-image-58637\" src=\"http:\/\/www.region-schwabach.de\/wordpress\/wp-content\/uploads\/2018\/10\/Ferrera-cMarkus-R\u00f6leke-e1538388217544.jpg\" alt=\"\" width=\"960\" height=\"1440\" \/><\/a> Ferrera (c)Markus R\u00f6leke<\/td><td style=\"width: 50%; text-align: left; vertical-align: middle;\">Die in Barcelona lebende\u00a0Autorin Catalina Ferrera l\u00e4dt mit ihrem ersten Barcelona-Krimi \u201cSpanische\u00a0Delikatessen\u201d zur kulinarischen Lesung ein und f\u00fchrt durch die faszinierende\u00a0Hauptstadt Kataloniens. In den Erz\u00e4hlpausen verw\u00f6hnt der Schwabacher\u00a0K\u00fcchenchef Dieter Trutschel mit einem \u00dcberraschungsmen\u00fc (11.11., 18 Uhr).<\/td><\/tr><tr><td style=\"width: 25%;\"><a href=\"http:\/\/www.region-schwabach.de\/wordpress\/wp-content\/uploads\/2018\/10\/Ingo-Cesaro-Begleitung-Alfred-Hertrich-TriocHelmut-Kempe-e1538402930879.jpg\"><img loading=\"lazy\" decoding=\"async\" class=\"size-full wp-image-58657 alignnone\" src=\"http:\/\/www.region-schwabach.de\/wordpress\/wp-content\/uploads\/2018\/10\/Ingo-Cesaro-Begleitung-Alfred-Hertrich-TriocHelmut-Kempe-e1538402930879.jpg\" alt=\"\" width=\"960\" height=\"380\" \/><\/a> Ingo Cesaro Begleitung Alfred-Hertrich-Trio(c)Helmut Kempe<\/td><td style=\"width: 50%; text-align: left; vertical-align: middle;\">Unter dem Titel \u201eLyrik und Jazz\u201c stellt der bekannte Haiku-Publizist Ingo\u00a0Cesaro die Kriminal-Haikus \u201eEine sch\u00f6ne Leich\u201c vor, also Verbrechen zwischen\u00a0f\u00fcnf und sieben Silben, begleitet vom Alfred-Hertrich-Trio. In seiner 50-j\u00e4hrigen\u00a0musikalischen Laufbahn hat der Gitarrist Alfred Hertrich traditionelle und freie\u00a0Improvisationskunst perfektioniert. Mit dabei: der Prager Kontrabass-Star\u00a0Franti\u0161ek Uhli\u0159 und der Klangzauberer Hans-G\u00fcnter Brodmann, Schlagzeug,\u00a0Percussions und Gongs. (12.11., 20 Uhr).<\/td><\/tr><\/tbody><\/table><h3>Informationen:<\/h3><p>Weitere Informationen gibt es bei der LesArt-Projektleiterin Hanne Hofherr unter Telefon\u00a009122 860-426, LesArt-Programme und Karten im Vorverkauf ab 5. Oktober im\u00a0B\u00fcrgerb\u00fcro im Rathaus, Telefon 09122 8600, bei allen\u00a0 angeschlossenen\u00a0Reservix-Vorverkaufsstellen sowie unter <a href=\"http:\/\/www.schwabach.de\" target=\"_blank\" rel=\"noopener\">www.schwabach.de<\/a> und\u00a0<a href=\"http:\/\/www.reservix.de\" target=\"_blank\" rel=\"noopener\">www.reservix.de<\/a>.<\/p><h3>Eintrittspreise:<\/h3><p>Eintrittspreise: 3,50 bis 10,50 \u20ac, Sch\u00fcler\/ Studenten\u00a0erm\u00e4\u00dfigt; kulinarische Lesung: 38,- \u20ac. Karten beim Goldenen Stern, Telefon\u00a009122 2335; F\u00fcnfer-Ticket: 10 Prozent Rabatt bei Kauf von 5 Karten\u00a0verschiedener Autoren, 20 Prozent Rabatt bei Vorlage der ZAC-Abo-Card (nur\u00a0im VVK, kein Umtausch m\u00f6glich).<\/p><h3>Termine:<\/h3><table style=\"border-collapse: collapse; width: 100%;\" border=\"1\"><tbody><tr><td style=\"width: 50%;\"><span style=\"font-size: 14pt;\"><strong>Datum, Uhrzeit<\/strong><\/span><\/td><td style=\"width: 50%;\"><span style=\"font-size: 14pt;\"><strong>Veranstaltung<\/strong><\/span><\/td><\/tr><tr><td style=\"width: 50%;\">Samstag, 3.11.18, 20 Uhr<\/td><td style=\"width: 50%;\">M\u00f6rderisches Bayern<br \/>Udo Wachtveitl liest Robert H\u00fcltner<br \/>Markgrafensaal, Ludwigstra\u00dfe 16<\/td><\/tr><tr><td style=\"width: 50%;\">Sonntag, 4.11.18, 11 Uhr<\/td><td style=\"width: 50%;\">Petra Morsbach<br \/>Amtsgericht Schwabach, Wei\u00dfenburger Str. 8<\/td><\/tr><tr><td style=\"width: 50%;\">Sonntag, 4.11.18, 20 Uhr<\/td><td style=\"width: 50%;\">POETRY-SLAM-SHOW<br \/>Bas B\u00f6ttcher: \u201eDie verkuppelten Worte\u201c<br \/>Jugendzentrum im AUREX, K\u00f6nigsstra\u00dfe 20a<\/td><\/tr><tr><td style=\"width: 50%;\">Montag, 5.11.18, 8.05, 9.30 &amp; 11.15 Uhr<\/td><td style=\"width: 50%;\">Claudia Praxmayer liest &#8222;Bienenk\u00f6nigin&#8220; &#8211; F\u00fcr Jugendliche<br \/>Stadtbibliothek, K\u00f6nigsplatz 29 a<\/td><\/tr><tr><td style=\"width: 50%;\">Montag, 5.11.18, 20 Uhr<\/td><td style=\"width: 50%;\">Ingo Schulze<br \/>B\u00fcrgerhaus, Saal, K\u00f6nigsplatz 33a<\/td><\/tr><tr><td style=\"width: 50%;\"><del>Dienstag, 6.11.18, 15 Uhr<\/del><strong>\u00a0Ausverkauft!<\/strong><\/td><td style=\"width: 50%;\"><del>Margit Auer \u2013 Kinderlesung, ab 8 Jahren<\/del><br \/><del>Stadtbibliothek, K\u00f6nigsplatz 29a<\/del><\/td><\/tr><tr><td style=\"width: 50%;\">Dienstag, 6.11.18, 20 Uhr<\/td><td style=\"width: 50%;\">Jan Wagner<br \/>B\u00fcrgerhaus, Saal, K\u00f6nigsplatz 33a<\/td><\/tr><tr><td style=\"width: 50%;\">Mittwoch, 7.11.18, 20 Uhr<\/td><td style=\"width: 50%;\">Volker Weidermann<br \/>B\u00fcrgerhaus, Saal, K\u00f6nigsplatz 33a<\/td><\/tr><tr><td style=\"width: 50%;\">Donnerstag, 8.11.18, 20 Uhr<\/td><td style=\"width: 50%;\">Eva Mattes liest Elena Ferrante<br \/>&#8222;Die Geschichte des verlorenen Kindes&#8220;<br \/>Markgrafensaal, Ludwigstra\u00dfe 16<\/td><\/tr><tr><td style=\"width: 50%;\">Freitag, 9.11.18, 14.30 Uhr<\/td><td style=\"width: 50%;\">Andreas H\u00fcging \u201eRobotical\u201c<br \/>Kinderevent mit Musik, ab 6 Jahren<br \/>B\u00fcrgerhaus, Saal, K\u00f6nigsplatz 33a<\/td><\/tr><tr><td style=\"width: 50%;\">Freitag, 9.11.18, 20 Uhr<\/td><td style=\"width: 50%;\">Petra Hammesfahr<br \/>B\u00fcrgerhaus, Saal, K\u00f6nigsplatz 33a<\/td><\/tr><tr><td style=\"width: 50%;\">Samstag, 10.11.18, 20 Uhr<\/td><td style=\"width: 50%;\">Dennis Gastmann<br \/>B\u00fcrgerhaus, Saal, K\u00f6nigsplatz 33a<\/td><\/tr><tr><td style=\"width: 50%;\">Sonntag, 11.11.18, 11 Uhr<\/td><td style=\"width: 50%;\">Sabine Weigand<br \/>Stadtmuseum, Museumsstra\u00dfe 1<\/td><\/tr><tr><td style=\"width: 50%;\">Sonntag, 11.11.18, 18 Uhr<\/td><td style=\"width: 50%;\">Kulinarische Kriminacht<br \/>Catalina Ferrera: \u201eSpanische Delikatessen\u201c<br \/>Gasthof \u201eGoldener Stern\u201c, K\u00f6nigsplatz 12<\/td><\/tr><tr><td style=\"width: 50%;\">Montag, 12.11.18, 20 Uhr<\/td><td style=\"width: 50%;\">Lyrik und Jazz<br \/>Ingo Cesaro mit dem Alfred-Hertrich-Trio<br \/>Stadtmuseum, Museumsstra\u00dfe 1<\/td><\/tr><\/tbody><\/table><h3>Weiterf\u00fchrende Links:<\/h3><p><a href=\"https:\/\/www.schwabach.de\/images\/referate\/Kulturamt\/Kulturamt\/Festivals\/LesArt\/Downloads\/LA-Broschure-Schwabach18_web3.pdf\" target=\"_blank\" rel=\"noopener\">Hier k\u00f6nnen Sie sich die LesART-Brosch\u00fcre 2018 downloaden &#8230;<\/a><\/p>\t\t\t\t\t\t<\/div>\n\t\t\t\t<\/div>\n\t\t\t\t\t<\/div>\n\t\t<\/div>\n\t\t\t\t<div class=\"elementor-column elementor-col-33 elementor-top-column elementor-element elementor-element-f645137\" data-id=\"f645137\" data-element_type=\"column\">\n\t\t\t<div class=\"elementor-widget-wrap elementor-element-populated\">\n\t\t\t\t\t\t<div class=\"elementor-element elementor-element-25043c1 elementor-widget elementor-widget-image\" data-id=\"25043c1\" data-element_type=\"widget\" data-widget_type=\"image.default\">\n\t\t\t\t<div class=\"elementor-widget-container\">\n\t\t\t\t\t\t\t\t\t\t\t\t\t<img loading=\"lazy\" decoding=\"async\" width=\"300\" height=\"300\" src=\"https:\/\/www.region-schwabach.de\/wordpress\/wp-content\/uploads\/2018\/04\/werbung1-300x300.png\" class=\"attachment-medium size-medium wp-image-35382\" alt=\"\" srcset=\"https:\/\/www.region-schwabach.de\/wordpress\/wp-content\/uploads\/2018\/04\/werbung1-300x300.png 300w, https:\/\/www.region-schwabach.de\/wordpress\/wp-content\/uploads\/2018\/04\/werbung1-150x150.png 150w, https:\/\/www.region-schwabach.de\/wordpress\/wp-content\/uploads\/2018\/04\/werbung1-768x768.png 768w, https:\/\/www.region-schwabach.de\/wordpress\/wp-content\/uploads\/2018\/04\/werbung1-1024x1024.png 1024w, https:\/\/www.region-schwabach.de\/wordpress\/wp-content\/uploads\/2018\/04\/werbung1.png 1200w\" sizes=\"(max-width: 300px) 100vw, 300px\" \/>\t\t\t\t\t\t\t\t\t\t\t\t\t<\/div>\n\t\t\t\t<\/div>\n\t\t\t\t\t<\/div>\n\t\t<\/div>\n\t\t\t\t\t<\/div>\n\t\t<\/section>\n\t\t\t\t<\/div>\n\t\t","protected":false},"excerpt":{"rendered":"<div class=\"mh-excerpt\"><p>Vorverkauf f\u00fcr LesArt startet am 5. Oktober Schwabach &#8211; Vom 3. bis 12. November sind 12 renommierte Autoren und eine musikalische\u00a0B\u00fchnenshow f\u00fcr die ganze Familie zu Gast bei der Schwabacher LesArt. Ab 5.\u00a0Oktober beginnt der <a class=\"mh-excerpt-more\" href=\"https:\/\/www.region-schwabach.de\/wordpress\/vorverkauf-fuer-lesart-startet-am-5-oktober-2018\/\" title=\"Vorverkauf f\u00fcr LesArt startet am 5. Oktober 2018\">[&#8230;]<\/a><\/p>\n<\/div>","protected":false},"author":1,"featured_media":58316,"comment_status":"open","ping_status":"open","sticky":false,"template":"","format":"standard","meta":{"_cbd_carousel_blocks":"[]","footnotes":""},"categories":[16,1,287,61,231],"tags":[6176,6180,6181,4517,6178,3604,6182,311,2028,6179,3953,1480,19,2555,3739,6177],"class_list":{"0":"post-58314","1":"post","2":"type-post","3":"status-publish","4":"format-standard","5":"has-post-thumbnail","7":"category-aktuell","8":"category-allgemein","9":"category-jugend-und-familie","10":"category-rathaus","11":"category-veranstaltungsnews","12":"tag-3-november-bis-12-november-2018","13":"tag-ab-5-oktober-2018","14":"tag-amtsgericht","15":"tag-aurex","16":"tag-autoren","17":"tag-buergerhaus","18":"tag-gasthof-goldener-stern","19":"tag-lesart","20":"tag-markgrafensaal","21":"tag-musikalische-buehnenshow","22":"tag-november-2018","23":"tag-rathaus","24":"tag-schwabach","25":"tag-stadtbibliothek","26":"tag-stadtmuseum","27":"tag-vorverkauf"},"_links":{"self":[{"href":"https:\/\/www.region-schwabach.de\/wordpress\/wp-json\/wp\/v2\/posts\/58314","targetHints":{"allow":["GET"]}}],"collection":[{"href":"https:\/\/www.region-schwabach.de\/wordpress\/wp-json\/wp\/v2\/posts"}],"about":[{"href":"https:\/\/www.region-schwabach.de\/wordpress\/wp-json\/wp\/v2\/types\/post"}],"author":[{"embeddable":true,"href":"https:\/\/www.region-schwabach.de\/wordpress\/wp-json\/wp\/v2\/users\/1"}],"replies":[{"embeddable":true,"href":"https:\/\/www.region-schwabach.de\/wordpress\/wp-json\/wp\/v2\/comments?post=58314"}],"version-history":[{"count":0,"href":"https:\/\/www.region-schwabach.de\/wordpress\/wp-json\/wp\/v2\/posts\/58314\/revisions"}],"wp:featuredmedia":[{"embeddable":true,"href":"https:\/\/www.region-schwabach.de\/wordpress\/wp-json\/wp\/v2\/media\/58316"}],"wp:attachment":[{"href":"https:\/\/www.region-schwabach.de\/wordpress\/wp-json\/wp\/v2\/media?parent=58314"}],"wp:term":[{"taxonomy":"category","embeddable":true,"href":"https:\/\/www.region-schwabach.de\/wordpress\/wp-json\/wp\/v2\/categories?post=58314"},{"taxonomy":"post_tag","embeddable":true,"href":"https:\/\/www.region-schwabach.de\/wordpress\/wp-json\/wp\/v2\/tags?post=58314"}],"curies":[{"name":"wp","href":"https:\/\/api.w.org\/{rel}","templated":true}]}}