{"id":58672,"date":"2018-10-03T00:01:37","date_gmt":"2018-10-02T22:01:37","guid":{"rendered":"http:\/\/www.region-schwabach.de\/wordpress\/?p=58672"},"modified":"2018-10-03T07:29:32","modified_gmt":"2018-10-03T05:29:32","slug":"aenderung-der-muellabfuhr-termine-am-3-oktober-2018","status":"publish","type":"post","link":"https:\/\/www.region-schwabach.de\/wordpress\/aenderung-der-muellabfuhr-termine-am-3-oktober-2018\/","title":{"rendered":"\u00c4nderung der M\u00fcllabfuhr-Termine am 3. Oktober 2018"},"content":{"rendered":"\t\t<div data-elementor-type=\"wp-post\" data-elementor-id=\"58672\" class=\"elementor elementor-58672 elementor-bc-flex-widget\">\n\t\t\t\t\t\t<section class=\"elementor-section elementor-top-section elementor-element elementor-element-tlus4ia elementor-section-boxed elementor-section-height-default elementor-section-height-default\" data-id=\"tlus4ia\" data-element_type=\"section\">\n\t\t\t\t\t\t<div class=\"elementor-container elementor-column-gap-default\">\n\t\t\t\t\t<div class=\"elementor-column elementor-col-66 elementor-top-column elementor-element elementor-element-sphcucl\" data-id=\"sphcucl\" data-element_type=\"column\">\n\t\t\t<div class=\"elementor-widget-wrap elementor-element-populated\">\n\t\t\t\t\t\t<div class=\"elementor-element elementor-element-4f2h2af elementor-widget elementor-widget-text-editor\" data-id=\"4f2h2af\" data-element_type=\"widget\" data-widget_type=\"text-editor.default\">\n\t\t\t\t<div class=\"elementor-widget-container\">\n\t\t\t\t\t\t\t<h3>\u00c4nderung bei M\u00fcllabfuhrterminen<\/h3><p>Wegen des Feiertags am Mittwoch, den 03.10.2018 (Tag der Deutschen Einheit), kommt es vereinzelt zu \u00c4nderungen bei den\u00a0M\u00fcllabfuhrterminen f\u00fcr\u00a0Restm\u00fcll, Bioabfall und Gelber Sack.<\/p><h3>Folgende neue\u00a0Termine ergeben sich:<\/h3><table style=\"height: 105px;\"><tbody><tr style=\"height: 21px;\"><td style=\"height: 21px; width: 200px;\"><strong>Urspr\u00fcnglicher Termin<\/strong><\/td><td style=\"height: 21px; width: 84px;\"><strong>Beh\u00e4lter<\/strong><\/td><td style=\"height: 21px; width: 161px;\"><strong>Neuer Abholtermin<\/strong><\/td><\/tr><tr style=\"height: 21px;\"><td style=\"height: 21px; width: 200px;\">\u00a0<\/td><td style=\"height: 21px; width: 84px;\">\u00a0<\/td><td style=\"height: 21px; width: 161px;\">\u00a0<\/td><\/tr><tr style=\"height: 21px;\"><td style=\"vertical-align: middle; height: 63px; width: 200px;\" rowspan=\"3\"><strong>Tag der Deutschen Einheit<br \/><\/strong><strong>Mittwoch, den 3. Oktober<\/strong><\/td><td style=\"height: 21px; width: 84px;\">Bioabfall<\/td><td style=\"height: 21px; width: 161px;\">Freitag, den 5. Oktober<\/td><\/tr><tr style=\"height: 21px;\"><td style=\"height: 21px; width: 84px;\">Gelber Sack<\/td><td style=\"height: 21px; width: 161px;\">Samstag, den 6. Oktober<\/td><\/tr><tr style=\"height: 21px;\"><td style=\"height: 21px; width: 84px;\">Restm\u00fcll<\/td><td style=\"height: 21px; width: 161px;\">Donnerstag, den 4. Oktober<\/td><\/tr><\/tbody><\/table>\t\t\t\t\t\t<\/div>\n\t\t\t\t<\/div>\n\t\t\t\t\t<\/div>\n\t\t<\/div>\n\t\t\t\t<div class=\"elementor-column elementor-col-33 elementor-top-column elementor-element elementor-element-flkv3o5\" data-id=\"flkv3o5\" data-element_type=\"column\">\n\t\t\t<div class=\"elementor-widget-wrap elementor-element-populated\">\n\t\t\t\t\t\t<div class=\"elementor-element elementor-element-bpvimlk elementor-widget elementor-widget-image\" data-id=\"bpvimlk\" data-element_type=\"widget\" data-widget_type=\"image.default\">\n\t\t\t\t<div class=\"elementor-widget-container\">\n\t\t\t\t\t\t\t\t\t\t\t\t\t\t<a href=\"http:\/\/www.region-schwabach.de\/wordpress\/werben-auf-region-schwabach\/\" target=\"_blank\">\n\t\t\t\t\t\t\t<img fetchpriority=\"high\" decoding=\"async\" width=\"1024\" height=\"1024\" src=\"https:\/\/www.region-schwabach.de\/wordpress\/wp-content\/uploads\/2017\/06\/werbung8-1024x1024.png\" class=\"attachment-large size-large wp-image-2484\" alt=\"\" srcset=\"https:\/\/www.region-schwabach.de\/wordpress\/wp-content\/uploads\/2017\/06\/werbung8-1024x1024.png 1024w, https:\/\/www.region-schwabach.de\/wordpress\/wp-content\/uploads\/2017\/06\/werbung8-150x150.png 150w, https:\/\/www.region-schwabach.de\/wordpress\/wp-content\/uploads\/2017\/06\/werbung8-300x300.png 300w, https:\/\/www.region-schwabach.de\/wordpress\/wp-content\/uploads\/2017\/06\/werbung8-768x768.png 768w, https:\/\/www.region-schwabach.de\/wordpress\/wp-content\/uploads\/2017\/06\/werbung8-600x600.png 600w, https:\/\/www.region-schwabach.de\/wordpress\/wp-content\/uploads\/2017\/06\/werbung8.png 1200w\" sizes=\"(max-width: 1024px) 100vw, 1024px\" \/>\t\t\t\t\t\t\t\t<\/a>\n\t\t\t\t\t\t\t\t\t\t\t\t\t<\/div>\n\t\t\t\t<\/div>\n\t\t\t\t\t<\/div>\n\t\t<\/div>\n\t\t\t\t\t<\/div>\n\t\t<\/section>\n\t\t\t\t<\/div>\n\t\t","protected":false},"excerpt":{"rendered":"<div class=\"mh-excerpt\"><p>\u00c4nderung bei M\u00fcllabfuhrterminen Wegen des Feiertags am Mittwoch, den 03.10.2018 (Tag der Deutschen Einheit), kommt es vereinzelt zu \u00c4nderungen bei den\u00a0M\u00fcllabfuhrterminen f\u00fcr\u00a0Restm\u00fcll, Bioabfall und Gelber Sack. Folgende neue\u00a0Termine ergeben sich: Urspr\u00fcnglicher Termin Beh\u00e4lter Neuer Abholtermin <a class=\"mh-excerpt-more\" href=\"https:\/\/www.region-schwabach.de\/wordpress\/aenderung-der-muellabfuhr-termine-am-3-oktober-2018\/\" title=\"\u00c4nderung der M\u00fcllabfuhr-Termine am 3. Oktober 2018\">[&#8230;]<\/a><\/p>\n<\/div>","protected":false},"author":1,"featured_media":58673,"comment_status":"open","ping_status":"open","sticky":false,"template":"","format":"standard","meta":{"_cbd_carousel_blocks":"[]","footnotes":""},"categories":[16,1,13,61,118],"tags":[5815,1210,1209,1089,1207,1208,19,6195],"class_list":{"0":"post-58672","1":"post","2":"type-post","3":"status-publish","4":"format-standard","5":"has-post-thumbnail","7":"category-aktuell","8":"category-allgemein","9":"category-nachrichten","10":"category-rathaus","11":"category-umwelt","12":"tag-03-10-2018","13":"tag-aenderung-abholtermine","14":"tag-bioabfall","15":"tag-gelber-sack","16":"tag-muellabfuhr","17":"tag-restmuell","18":"tag-schwabach","19":"tag-tag-der-deutschen-einheit"},"_links":{"self":[{"href":"https:\/\/www.region-schwabach.de\/wordpress\/wp-json\/wp\/v2\/posts\/58672","targetHints":{"allow":["GET"]}}],"collection":[{"href":"https:\/\/www.region-schwabach.de\/wordpress\/wp-json\/wp\/v2\/posts"}],"about":[{"href":"https:\/\/www.region-schwabach.de\/wordpress\/wp-json\/wp\/v2\/types\/post"}],"author":[{"embeddable":true,"href":"https:\/\/www.region-schwabach.de\/wordpress\/wp-json\/wp\/v2\/users\/1"}],"replies":[{"embeddable":true,"href":"https:\/\/www.region-schwabach.de\/wordpress\/wp-json\/wp\/v2\/comments?post=58672"}],"version-history":[{"count":0,"href":"https:\/\/www.region-schwabach.de\/wordpress\/wp-json\/wp\/v2\/posts\/58672\/revisions"}],"wp:featuredmedia":[{"embeddable":true,"href":"https:\/\/www.region-schwabach.de\/wordpress\/wp-json\/wp\/v2\/media\/58673"}],"wp:attachment":[{"href":"https:\/\/www.region-schwabach.de\/wordpress\/wp-json\/wp\/v2\/media?parent=58672"}],"wp:term":[{"taxonomy":"category","embeddable":true,"href":"https:\/\/www.region-schwabach.de\/wordpress\/wp-json\/wp\/v2\/categories?post=58672"},{"taxonomy":"post_tag","embeddable":true,"href":"https:\/\/www.region-schwabach.de\/wordpress\/wp-json\/wp\/v2\/tags?post=58672"}],"curies":[{"name":"wp","href":"https:\/\/api.w.org\/{rel}","templated":true}]}}