{"id":58676,"date":"2018-11-15T00:04:03","date_gmt":"2018-11-14T23:04:03","guid":{"rendered":"http:\/\/www.region-schwabach.de\/wordpress\/?p=58676"},"modified":"2018-11-14T22:27:58","modified_gmt":"2018-11-14T21:27:58","slug":"kandidatinnen-und-kandidaten-fuer-sportlerehrung-gesucht","status":"publish","type":"post","link":"https:\/\/www.region-schwabach.de\/wordpress\/kandidatinnen-und-kandidaten-fuer-sportlerehrung-gesucht\/","title":{"rendered":"Kandidatinnen und Kandidaten f\u00fcr Sportlerehrung gesucht"},"content":{"rendered":"\t\t<div data-elementor-type=\"wp-post\" data-elementor-id=\"58676\" class=\"elementor elementor-58676 elementor-bc-flex-widget\">\n\t\t\t\t\t\t<section class=\"elementor-section elementor-top-section elementor-element elementor-element-678181b elementor-section-boxed elementor-section-height-default elementor-section-height-default\" data-id=\"678181b\" data-element_type=\"section\">\n\t\t\t\t\t\t<div class=\"elementor-container elementor-column-gap-default\">\n\t\t\t\t\t<div class=\"elementor-column elementor-col-66 elementor-top-column elementor-element elementor-element-6b34026\" data-id=\"6b34026\" data-element_type=\"column\">\n\t\t\t<div class=\"elementor-widget-wrap elementor-element-populated\">\n\t\t\t\t\t\t<div class=\"elementor-element elementor-element-443ab98 elementor-widget elementor-widget-text-editor\" data-id=\"443ab98\" data-element_type=\"widget\" data-widget_type=\"text-editor.default\">\n\t\t\t\t<div class=\"elementor-widget-container\">\n\t\t\t\t\t\t\t<h3>Bis sp\u00e4testens 1. Dezember:<br \/>Kandidatinnen und Kandidaten f\u00fcr Sportlehrehrung\u00a0melden<\/h3><p>Schwabach &#8211;\u00a0Die Schwabacher Sportvereine sind wieder aufgerufen, Sportlerinnen und\u00a0Sportler, Sportpaare sowie Mannschaften f\u00fcr die Sportlerehrung 2018\u00a0vorzuschlagen. Diese findet am 1. Februar 2019 im Markgrafensaal statt.<\/p><h3>Leistungen, Erfolge und\u00a0Platzierungen ausschlaggebend<\/h3><p>Ausschlaggebend f\u00fcr die Wahl sind hervorragende Leistungen, Erfolge und\u00a0Platzierungen, die vom 1. Dezember 2017 bis einschlie\u00dflich 30. November\u00a02018 erzielt wurden. Bis sp\u00e4testens 1. Dezember sollen die erfolgreichen\u00a0Sportlerinnen und Sportler im Schul- und Sportamt der Stadt gemeldet werden.\u00a0Nach diesem Termin eingehende Antr\u00e4ge k\u00f6nnen nicht ber\u00fccksichtigt werden.<\/p><h3>Antragsformulare zum Download<\/h3><p>Die Antragsformulare k\u00f6nnen auf der Internetseite des Stadtverbandes der\u00a0Schwabacher Turn- und Sportvereine unter\u00a0<a href=\"http:\/\/www.stadtverband.org\/formular.htm\" target=\"_blank\" rel=\"noopener\">www.stadtverband.org\/formular.htm<\/a> heruntergeladen werden.<\/p><h3>Sportliche\u00a0Leistung mu\u00df bei anerkannten Sportwettk\u00e4mpfen erfolgt sein<\/h3><p>Geehrt werden k\u00f6nnen Schwabacher B\u00fcrger, soweit sie Mitglied in einem\u00a0Verein sind, der dem Deutschen Olympischen Sportbund, dem Bayerischen\u00a0Landessportverband oder dem Bayerischen Sch\u00fctzenbund angeh\u00f6rt und die\u00a0sportliche Leistung f\u00fcr diesen Verein erzielt wurde. Ebenso k\u00f6nnen auch\u00a0Ausw\u00e4rtige, die f\u00fcr einen Schwabacher Verein aktiv waren, geehrt werden,\u00a0wenn dieser einem der genannten Sportb\u00fcnde angeh\u00f6rt. Die sportliche\u00a0Leistung muss bei anerkannten Sportwettk\u00e4mpfen erfolgt sein.<\/p><p>Die\u00a0zugrundliegende Ehrenordnung ist ebenfalls auf der oben genannten\u00a0Internetseite nachzulesen. Der Ehrungsausschuss, bestehend aus Vertretern\u00a0der Stadt und des Stadtverbandes Schwabach, der Sportpresse und dem\u00a0Stadtratspfleger f\u00fcr Sportangelegenheiten, entscheidet \u00fcber alle eingereichten\u00a0Antr\u00e4ge.<\/p><h3>Weiterf\u00fchrende Links:<\/h3><p style=\"font-weight: 400;\"><a href=\"http:\/\/www.stadtverband.org\/index.htm\" target=\"_blank\" rel=\"noopener\">Homepage des Stadtverbandes der Schwabacher Turn\u2013 und Sportvereine e.V. &#8230;<\/a><\/p><p><a href=\"http:\/\/www.stadtverband.org\/formular.htm\" target=\"_blank\" rel=\"noopener\">Antragsformulare zum Download &#8230;<\/a><\/p>\t\t\t\t\t\t<\/div>\n\t\t\t\t<\/div>\n\t\t\t\t<div class=\"elementor-element elementor-element-b95230e elementor-widget-divider--view-line elementor-widget elementor-widget-divider\" data-id=\"b95230e\" data-element_type=\"widget\" data-widget_type=\"divider.default\">\n\t\t\t\t<div class=\"elementor-widget-container\">\n\t\t\t\t\t<div class=\"elementor-divider\">\n\t\t\t<span class=\"elementor-divider-separator\">\n\t\t\t\t\t\t<\/span>\n\t\t<\/div>\n\t\t\t\t<\/div>\n\t\t\t\t<\/div>\n\t\t\t\t<div class=\"elementor-element elementor-element-804b00f elementor-widget elementor-widget-google_maps\" data-id=\"804b00f\" data-element_type=\"widget\" data-widget_type=\"google_maps.default\">\n\t\t\t\t<div class=\"elementor-widget-container\">\n\t\t\t\t\t<div class=\"elementor-custom-embed\">\n\t\t\t<iframe loading=\"lazy\"\n\t\t\t\t\tsrc=\"https:\/\/maps.google.com\/maps?q=Schwabach%2C%20Deutschland&#038;t=m&#038;z=11&#038;output=embed&#038;iwloc=near\"\n\t\t\t\t\ttitle=\"Schwabach, Deutschland\"\n\t\t\t\t\taria-label=\"Schwabach, Deutschland\"\n\t\t\t><\/iframe>\n\t\t<\/div>\n\t\t\t\t<\/div>\n\t\t\t\t<\/div>\n\t\t\t\t\t<\/div>\n\t\t<\/div>\n\t\t\t\t<div class=\"elementor-column elementor-col-33 elementor-top-column elementor-element elementor-element-f645137\" data-id=\"f645137\" data-element_type=\"column\">\n\t\t\t<div class=\"elementor-widget-wrap\">\n\t\t\t\t\t\t\t<\/div>\n\t\t<\/div>\n\t\t\t\t\t<\/div>\n\t\t<\/section>\n\t\t\t\t<\/div>\n\t\t","protected":false},"excerpt":{"rendered":"<div class=\"mh-excerpt\"><p>Bis sp\u00e4testens 1. Dezember:Kandidatinnen und Kandidaten f\u00fcr Sportlehrehrung\u00a0melden Schwabach &#8211;\u00a0Die Schwabacher Sportvereine sind wieder aufgerufen, Sportlerinnen und\u00a0Sportler, Sportpaare sowie Mannschaften f\u00fcr die Sportlerehrung 2018\u00a0vorzuschlagen. Diese findet am 1. Februar 2019 im Markgrafensaal statt. Leistungen, Erfolge <a class=\"mh-excerpt-more\" href=\"https:\/\/www.region-schwabach.de\/wordpress\/kandidatinnen-und-kandidaten-fuer-sportlerehrung-gesucht\/\" title=\"Kandidatinnen und Kandidaten f\u00fcr Sportlerehrung gesucht\">[&#8230;]<\/a><\/p>\n<\/div>","protected":false},"author":1,"featured_media":58677,"comment_status":"open","ping_status":"open","sticky":false,"template":"","format":"standard","meta":{"_cbd_carousel_blocks":"[]","footnotes":""},"categories":[16,287,61,231,46,140],"tags":[6201,6202,6204,6203,6199,6205,1480,19,6197,6200,6196,6198],"class_list":{"0":"post-58676","1":"post","2":"type-post","3":"status-publish","4":"format-standard","5":"has-post-thumbnail","7":"category-aktuell","8":"category-jugend-und-familie","9":"category-rathaus","10":"category-veranstaltungsnews","11":"category-verbaende","12":"category-vereine","13":"tag-01-02-2019","14":"tag-01-12-2018","15":"tag-erfolge","16":"tag-leistungen","17":"tag-mannschaften","18":"tag-platzierungen","19":"tag-rathaus","20":"tag-schwabach","21":"tag-sportler","22":"tag-sportlerehrung","23":"tag-sportlerinnen","24":"tag-sportpaare"},"_links":{"self":[{"href":"https:\/\/www.region-schwabach.de\/wordpress\/wp-json\/wp\/v2\/posts\/58676","targetHints":{"allow":["GET"]}}],"collection":[{"href":"https:\/\/www.region-schwabach.de\/wordpress\/wp-json\/wp\/v2\/posts"}],"about":[{"href":"https:\/\/www.region-schwabach.de\/wordpress\/wp-json\/wp\/v2\/types\/post"}],"author":[{"embeddable":true,"href":"https:\/\/www.region-schwabach.de\/wordpress\/wp-json\/wp\/v2\/users\/1"}],"replies":[{"embeddable":true,"href":"https:\/\/www.region-schwabach.de\/wordpress\/wp-json\/wp\/v2\/comments?post=58676"}],"version-history":[{"count":0,"href":"https:\/\/www.region-schwabach.de\/wordpress\/wp-json\/wp\/v2\/posts\/58676\/revisions"}],"wp:featuredmedia":[{"embeddable":true,"href":"https:\/\/www.region-schwabach.de\/wordpress\/wp-json\/wp\/v2\/media\/58677"}],"wp:attachment":[{"href":"https:\/\/www.region-schwabach.de\/wordpress\/wp-json\/wp\/v2\/media?parent=58676"}],"wp:term":[{"taxonomy":"category","embeddable":true,"href":"https:\/\/www.region-schwabach.de\/wordpress\/wp-json\/wp\/v2\/categories?post=58676"},{"taxonomy":"post_tag","embeddable":true,"href":"https:\/\/www.region-schwabach.de\/wordpress\/wp-json\/wp\/v2\/tags?post=58676"}],"curies":[{"name":"wp","href":"https:\/\/api.w.org\/{rel}","templated":true}]}}