{"id":58690,"date":"2018-10-06T00:03:42","date_gmt":"2018-10-05T22:03:42","guid":{"rendered":"http:\/\/www.region-schwabach.de\/wordpress\/?p=58690"},"modified":"2018-10-05T20:01:09","modified_gmt":"2018-10-05T18:01:09","slug":"fuehrung-durch-die-sonderausstellung-70-jahre-kuenstlerbund-3","status":"publish","type":"post","link":"https:\/\/www.region-schwabach.de\/wordpress\/fuehrung-durch-die-sonderausstellung-70-jahre-kuenstlerbund-3\/","title":{"rendered":"F\u00fchrung durch die Sonderausstellung &#8222;70 Jahre K\u00fcnstlerbund&#8220;"},"content":{"rendered":"\t\t<div data-elementor-type=\"wp-post\" data-elementor-id=\"58690\" class=\"elementor elementor-58690 elementor-bc-flex-widget\">\n\t\t\t\t\t\t<section class=\"elementor-section elementor-top-section elementor-element elementor-element-678181b elementor-section-boxed elementor-section-height-default elementor-section-height-default\" data-id=\"678181b\" data-element_type=\"section\">\n\t\t\t\t\t\t<div class=\"elementor-container elementor-column-gap-default\">\n\t\t\t\t\t<div class=\"elementor-column elementor-col-66 elementor-top-column elementor-element elementor-element-6b34026\" data-id=\"6b34026\" data-element_type=\"column\">\n\t\t\t<div class=\"elementor-widget-wrap elementor-element-populated\">\n\t\t\t\t\t\t<div class=\"elementor-element elementor-element-443ab98 elementor-widget elementor-widget-text-editor\" data-id=\"443ab98\" data-element_type=\"widget\" data-widget_type=\"text-editor.default\">\n\t\t\t\t<div class=\"elementor-widget-container\">\n\t\t\t\t\t\t\t<h3 class=\"idgroup_7 group_container\">Samstag, 6. Oktober 2018, 11 Uhr:<br \/>F\u00fchrung zu \u201e70 Jahre K\u00fcnstlerbund Schwabach\u201c<\/h3><p>Schwabach &#8211;\u00a0Der K\u00fcnstler Heinrich Mangold ist schon seit Mitte der 1960er Jahre im\u00a0K\u00fcnstlerbund aktiv. Am Samstag, 6. Oktober, f\u00fchrt er als eines der\u00a0dienst\u00e4ltesten Mitglieder durch die Sonderausstellung \u201e70 Jahre K\u00fcnstlerbund\u00a0Schwabach\u201c im Stadtmuseum Schwabach.<\/p><h3>Ausstellung in Kooperation mit dem K\u00fcnstlerbund Schwabach e.V.<\/h3><p>Diese ist in Kooperation mit dem\u00a0K\u00fcnstlerbund entstanden und wirft einen spannenden Blick zur\u00fcck auf 70 Jahre\u00a0Vereinsgeschichte. Zum Jubil\u00e4um brachten die heutigen Mitglieder eine\u00a0Grafikmappe heraus, deren Werke in der kleinen Sonderschau zu sehen sind.<\/p><h3>Neueste Forschungserkenntnisse zur Geschichte\u00a0des K\u00fcnstlerbundes<\/h3><p>Die Ausstellung pr\u00e4sentiert neueste Forschungserkenntnisse zur Geschichte\u00a0des K\u00fcnstlerbundes. Dabei werden das rege Gesellschaftsleben der Nachkriegszeit\u00a0ebenso beleuchtet wie die gro\u00dfen k\u00fcnstlerischen Erfolge, aber auch\u00a0so manche Debatten und Kontroversen.<\/p><h3>Auswahl an illustrierten Tageb\u00fcchern und Chroniken,\u00a0Zeitungsartikeln, Fotos und Gem\u00e4lden<\/h3><p>Eine interessante Auswahl an illustrierten Tageb\u00fcchern und Chroniken,\u00a0Zeitungsartikeln, Fotos und Gem\u00e4lden erz\u00e4hlt vom erfolgreichen Schaffen\u00a0der K\u00fcnstlerinnen und K\u00fcnstler.<\/p><h3>Infos:<\/h3><p>Die F\u00fchrung durch die Ausstellung beginnt um 11 Uhr, der Museumseintritt<br \/>betr\u00e4gt 5 Euro f\u00fcr Erwachsene und 2,50 Euro f\u00fcr Kinder.<\/p><p><strong>Foto (Stadtmuseum):<\/strong> Das Bild \u201eBlick auf Schwabach\u201c aus dem Jahr 1971 wird<br \/>in der Ausstellung im Stadtmuseum gezeigt.<\/p><h3>Weiterf\u00fchrende Links:<\/h3><div><a href=\"http:\/\/www.kuenstlerbund-schwabach.de\/ausstellungen\/index.html\" target=\"_blank\" rel=\"noopener\">Hier geht&#8217;s zur Homepage des K\u00fcnstlerbundes &#8230;<\/a><\/div><div><a href=\"http:\/\/www.schwabach.de\/de\/stadtverwaltung\/oberbuergermeister\/378-kulturamt\/einrichtungen-und-sachgebiete\/stadtmuseum\/neues-aus-dem-stadtmuseum\/6542-sonderausstellung-70-jahre-kuenstlerbund-schwabach.html\" target=\"_blank\" rel=\"noopener\">Das Stadtmuseum informiert \u00fcber seine Sonderausstellung hier &#8230;<\/a><\/div>\t\t\t\t\t\t<\/div>\n\t\t\t\t<\/div>\n\t\t\t\t<div class=\"elementor-element elementor-element-a29781d elementor-widget-divider--view-line elementor-widget elementor-widget-divider\" data-id=\"a29781d\" data-element_type=\"widget\" data-widget_type=\"divider.default\">\n\t\t\t\t<div class=\"elementor-widget-container\">\n\t\t\t\t\t<div class=\"elementor-divider\">\n\t\t\t<span class=\"elementor-divider-separator\">\n\t\t\t\t\t\t<\/span>\n\t\t<\/div>\n\t\t\t\t<\/div>\n\t\t\t\t<\/div>\n\t\t\t\t<div class=\"elementor-element elementor-element-55c8f9e elementor-widget elementor-widget-google_maps\" data-id=\"55c8f9e\" data-element_type=\"widget\" data-widget_type=\"google_maps.default\">\n\t\t\t\t<div class=\"elementor-widget-container\">\n\t\t\t\t\t<div class=\"elementor-custom-embed\">\n\t\t\t<iframe loading=\"lazy\"\n\t\t\t\t\tsrc=\"https:\/\/maps.google.com\/maps?q=Museumsstra%C3%9Fe%2C%20Schwabach%2C%20Deutschland&#038;t=m&#038;z=17&#038;output=embed&#038;iwloc=near\"\n\t\t\t\t\ttitle=\"Museumsstra\u00dfe, Schwabach, Deutschland\"\n\t\t\t\t\taria-label=\"Museumsstra\u00dfe, Schwabach, Deutschland\"\n\t\t\t><\/iframe>\n\t\t<\/div>\n\t\t\t\t<\/div>\n\t\t\t\t<\/div>\n\t\t\t\t\t<\/div>\n\t\t<\/div>\n\t\t\t\t<div class=\"elementor-column elementor-col-33 elementor-top-column elementor-element elementor-element-f645137\" data-id=\"f645137\" data-element_type=\"column\">\n\t\t\t<div class=\"elementor-widget-wrap elementor-element-populated\">\n\t\t\t\t\t\t<div class=\"elementor-element elementor-element-25043c1 elementor-widget elementor-widget-image\" data-id=\"25043c1\" data-element_type=\"widget\" data-widget_type=\"image.default\">\n\t\t\t\t<div class=\"elementor-widget-container\">\n\t\t\t\t\t\t\t\t\t\t\t\t\t<img fetchpriority=\"high\" decoding=\"async\" width=\"300\" height=\"300\" src=\"https:\/\/www.region-schwabach.de\/wordpress\/wp-content\/uploads\/2018\/04\/werbung1-300x300.png\" class=\"attachment-medium size-medium wp-image-35382\" alt=\"\" srcset=\"https:\/\/www.region-schwabach.de\/wordpress\/wp-content\/uploads\/2018\/04\/werbung1-300x300.png 300w, https:\/\/www.region-schwabach.de\/wordpress\/wp-content\/uploads\/2018\/04\/werbung1-150x150.png 150w, https:\/\/www.region-schwabach.de\/wordpress\/wp-content\/uploads\/2018\/04\/werbung1-768x768.png 768w, https:\/\/www.region-schwabach.de\/wordpress\/wp-content\/uploads\/2018\/04\/werbung1-1024x1024.png 1024w, https:\/\/www.region-schwabach.de\/wordpress\/wp-content\/uploads\/2018\/04\/werbung1.png 1200w\" sizes=\"(max-width: 300px) 100vw, 300px\" \/>\t\t\t\t\t\t\t\t\t\t\t\t\t<\/div>\n\t\t\t\t<\/div>\n\t\t\t\t\t<\/div>\n\t\t<\/div>\n\t\t\t\t\t<\/div>\n\t\t<\/section>\n\t\t\t\t<section class=\"elementor-section elementor-top-section elementor-element elementor-element-0d8da5b elementor-section-boxed elementor-section-height-default elementor-section-height-default\" data-id=\"0d8da5b\" data-element_type=\"section\">\n\t\t\t\t\t\t<div class=\"elementor-container elementor-column-gap-default\">\n\t\t\t\t\t<div class=\"elementor-column elementor-col-100 elementor-top-column elementor-element elementor-element-24590a7\" data-id=\"24590a7\" data-element_type=\"column\">\n\t\t\t<div class=\"elementor-widget-wrap elementor-element-populated\">\n\t\t\t\t\t\t<div class=\"elementor-element elementor-element-9b385f1 elementor-widget elementor-widget-image\" data-id=\"9b385f1\" data-element_type=\"widget\" data-widget_type=\"image.default\">\n\t\t\t\t<div class=\"elementor-widget-container\">\n\t\t\t\t\t\t\t\t\t\t<figure class=\"wp-caption\">\n\t\t\t\t\t\t\t\t\t\t\t<a href=\"http:\/\/www.region-schwabach.de\/wordpress\/wp-content\/uploads\/2018\/10\/PM242_Stadtmuseum_Mangold-e1538423951723.jpg\" data-elementor-open-lightbox=\"yes\" data-elementor-lightbox-title=\"PM242_Stadtmuseum_Mangold\" data-e-action-hash=\"#elementor-action%3Aaction%3Dlightbox%26settings%3DeyJpZCI6NTg2OTEsInVybCI6Imh0dHBzOlwvXC93d3cucmVnaW9uLXNjaHdhYmFjaC5kZVwvd29yZHByZXNzXC93cC1jb250ZW50XC91cGxvYWRzXC8yMDE4XC8xMFwvUE0yNDJfU3RhZHRtdXNldW1fTWFuZ29sZC1lMTUzODQyMzk1MTcyMy5qcGcifQ%3D%3D\">\n\t\t\t\t\t\t\t<img decoding=\"async\" width=\"960\" height=\"638\" src=\"https:\/\/www.region-schwabach.de\/wordpress\/wp-content\/uploads\/2018\/10\/PM242_Stadtmuseum_Mangold-e1538423951723.jpg\" class=\"attachment-full size-full wp-image-58691\" alt=\"\" \/>\t\t\t\t\t\t\t\t<\/a>\n\t\t\t\t\t\t\t\t\t\t\t<figcaption class=\"widget-image-caption wp-caption-text\">Das Bild \u201eBlick auf Schwabach\u201c aus dem Jahr 1971<\/figcaption>\n\t\t\t\t\t\t\t\t\t\t<\/figure>\n\t\t\t\t\t\t\t<\/div>\n\t\t\t\t<\/div>\n\t\t\t\t\t<\/div>\n\t\t<\/div>\n\t\t\t\t\t<\/div>\n\t\t<\/section>\n\t\t\t\t<\/div>\n\t\t","protected":false},"excerpt":{"rendered":"<div class=\"mh-excerpt\"><p>Samstag, 6. Oktober 2018, 11 Uhr: F\u00fchrung zu \u201e70 Jahre K\u00fcnstlerbund Schwabach\u201c Schwabach &#8211;\u00a0Der K\u00fcnstler Heinrich Mangold ist schon seit Mitte der 1960er Jahre im\u00a0K\u00fcnstlerbund aktiv. Am Samstag, 6. Oktober, f\u00fchrt er als eines der\u00a0dienst\u00e4ltesten <a class=\"mh-excerpt-more\" href=\"https:\/\/www.region-schwabach.de\/wordpress\/fuehrung-durch-die-sonderausstellung-70-jahre-kuenstlerbund-3\/\" title=\"F\u00fchrung durch die Sonderausstellung &#8222;70 Jahre K\u00fcnstlerbund&#8220;\">[&#8230;]<\/a><\/p>\n<\/div>","protected":false},"author":1,"featured_media":58691,"comment_status":"open","ping_status":"open","sticky":false,"template":"","format":"standard","meta":{"_cbd_carousel_blocks":"[]","footnotes":""},"categories":[16,1,287,61,231,140],"tags":[6133,53,6206,4349,4884,4813,5014,1480,19,3881,4812,3739],"class_list":{"0":"post-58690","1":"post","2":"type-post","3":"status-publish","4":"format-standard","5":"has-post-thumbnail","7":"category-aktuell","8":"category-allgemein","9":"category-jugend-und-familie","10":"category-rathaus","11":"category-veranstaltungsnews","12":"category-vereine","13":"tag-06-10-2018","14":"tag-fuehrung","15":"tag-heinrich-mangold","16":"tag-jubilaeum","17":"tag-jubilaeumsfest","18":"tag-kuenstlerbund","19":"tag-oktober-2018","20":"tag-rathaus","21":"tag-schwabach","22":"tag-september-2018","23":"tag-sonderausstellung","24":"tag-stadtmuseum"},"_links":{"self":[{"href":"https:\/\/www.region-schwabach.de\/wordpress\/wp-json\/wp\/v2\/posts\/58690","targetHints":{"allow":["GET"]}}],"collection":[{"href":"https:\/\/www.region-schwabach.de\/wordpress\/wp-json\/wp\/v2\/posts"}],"about":[{"href":"https:\/\/www.region-schwabach.de\/wordpress\/wp-json\/wp\/v2\/types\/post"}],"author":[{"embeddable":true,"href":"https:\/\/www.region-schwabach.de\/wordpress\/wp-json\/wp\/v2\/users\/1"}],"replies":[{"embeddable":true,"href":"https:\/\/www.region-schwabach.de\/wordpress\/wp-json\/wp\/v2\/comments?post=58690"}],"version-history":[{"count":0,"href":"https:\/\/www.region-schwabach.de\/wordpress\/wp-json\/wp\/v2\/posts\/58690\/revisions"}],"wp:featuredmedia":[{"embeddable":true,"href":"https:\/\/www.region-schwabach.de\/wordpress\/wp-json\/wp\/v2\/media\/58691"}],"wp:attachment":[{"href":"https:\/\/www.region-schwabach.de\/wordpress\/wp-json\/wp\/v2\/media?parent=58690"}],"wp:term":[{"taxonomy":"category","embeddable":true,"href":"https:\/\/www.region-schwabach.de\/wordpress\/wp-json\/wp\/v2\/categories?post=58690"},{"taxonomy":"post_tag","embeddable":true,"href":"https:\/\/www.region-schwabach.de\/wordpress\/wp-json\/wp\/v2\/tags?post=58690"}],"curies":[{"name":"wp","href":"https:\/\/api.w.org\/{rel}","templated":true}]}}