{"id":58697,"date":"2018-10-11T00:04:58","date_gmt":"2018-10-10T22:04:58","guid":{"rendered":"http:\/\/www.region-schwabach.de\/wordpress\/?p=58697"},"modified":"2018-10-24T23:01:52","modified_gmt":"2018-10-24T21:01:52","slug":"vortrag-ueber-anna-wolffs-wirken-im-30-jaehrigen-krieg","status":"publish","type":"post","link":"https:\/\/www.region-schwabach.de\/wordpress\/vortrag-ueber-anna-wolffs-wirken-im-30-jaehrigen-krieg\/","title":{"rendered":"Vortrag \u00fcber Anna Wolf(f)s Wirken im 30-j\u00e4hrigen Krieg"},"content":{"rendered":"\t\t<div data-elementor-type=\"wp-post\" data-elementor-id=\"58697\" class=\"elementor elementor-58697 elementor-bc-flex-widget\">\n\t\t\t\t\t\t<section class=\"elementor-section elementor-top-section elementor-element elementor-element-678181b elementor-section-boxed elementor-section-height-default elementor-section-height-default\" data-id=\"678181b\" data-element_type=\"section\">\n\t\t\t\t\t\t<div class=\"elementor-container elementor-column-gap-default\">\n\t\t\t\t\t<div class=\"elementor-column elementor-col-66 elementor-top-column elementor-element elementor-element-6b34026\" data-id=\"6b34026\" data-element_type=\"column\">\n\t\t\t<div class=\"elementor-widget-wrap elementor-element-populated\">\n\t\t\t\t\t\t<div class=\"elementor-element elementor-element-443ab98 elementor-widget elementor-widget-text-editor\" data-id=\"443ab98\" data-element_type=\"widget\" data-widget_type=\"text-editor.default\">\n\t\t\t\t<div class=\"elementor-widget-container\">\n\t\t\t\t\t\t\t<h3>Donnerstag, 11. Oktober 2018, 19:30 Uhr<br \/>Vortrag \u00fcber Anna Wolf(f)s Wirken im 30-j\u00e4hrigen Krieg<\/h3><p>Schwabach &#8211; Auf die Spuren der Schwabacher M\u00fcllerstochter Anna Wolf(f) hat sich\u00a0Stadtheimatpflegerin Ursula Kaiser-Biburger begeben. \u00dcber das Wirken von\u00a0Schwabachs Heldin berichtet sie am Donnerstag, 11. Oktober, in der\u00a0Ehemaligen Synagoge, Synagogengasse 6.<\/p><h3>Ihr\u00a0Leben im 30-j\u00e4hrigen Krieg<\/h3><p>Der Vortrag \u201eAnna Wolf(f) \u2013 ihr\u00a0Leben im 30-j\u00e4hrigen Krieg\u201c beginnt um 19:30 Uhr.\u00a0Dabei erz\u00e4hlt Kaiser-Biburger nicht nur von den schrecklichen Zust\u00e4nden in\u00a0dieser Stadt zur Zeit des 30-j\u00e4hrigen Kriegs, sondern widmet ihr besonderes\u00a0Augenmerk dieser Anna.\u00a0Denn es gibt \u00fcber diese Frau mehr zu berichten als\u00a0lediglich ihr unvergessenes couragiertes Mitwirken bei der Rettung des\u00a0B\u00fcrgermeisters Drillers sowie der ihrer Freundin und deren Eltern.<\/p><h3>Infos:<\/h3><p>Information und Anmeldung: Volkshochschule Schwabach, Telefon: 09122 860-<br \/>204 oder im Internet: <a href=\"http:\/\/www.vhs.schwabach.de\" target=\"_blank\" rel=\"noopener\">www.vhs.schwabach.de<\/a>. Eintrittskarten f\u00fcr 5 Euro gibt es<br \/>auch an der Abendkasse.<\/p><p><strong>Foto:<\/strong> Die Figur der Anna Wolf(f) am Schwabacher Rathaus<\/p>\t\t\t\t\t\t<\/div>\n\t\t\t\t<\/div>\n\t\t\t\t<div class=\"elementor-element elementor-element-913e5e1 elementor-widget-divider--view-line elementor-widget elementor-widget-divider\" data-id=\"913e5e1\" data-element_type=\"widget\" data-widget_type=\"divider.default\">\n\t\t\t\t<div class=\"elementor-widget-container\">\n\t\t\t\t\t<div class=\"elementor-divider\">\n\t\t\t<span class=\"elementor-divider-separator\">\n\t\t\t\t\t\t<\/span>\n\t\t<\/div>\n\t\t\t\t<\/div>\n\t\t\t\t<\/div>\n\t\t\t\t<div class=\"elementor-element elementor-element-28ae44d elementor-widget elementor-widget-google_maps\" data-id=\"28ae44d\" data-element_type=\"widget\" data-widget_type=\"google_maps.default\">\n\t\t\t\t<div class=\"elementor-widget-container\">\n\t\t\t\t\t<div class=\"elementor-custom-embed\">\n\t\t\t<iframe loading=\"lazy\"\n\t\t\t\t\tsrc=\"https:\/\/maps.google.com\/maps?q=Synagogengasse%206%2C%20Schwabach%2C%20Deutschland&#038;t=m&#038;z=18&#038;output=embed&#038;iwloc=near\"\n\t\t\t\t\ttitle=\"Synagogengasse 6, Schwabach, Deutschland\"\n\t\t\t\t\taria-label=\"Synagogengasse 6, Schwabach, Deutschland\"\n\t\t\t><\/iframe>\n\t\t<\/div>\n\t\t\t\t<\/div>\n\t\t\t\t<\/div>\n\t\t\t\t\t<\/div>\n\t\t<\/div>\n\t\t\t\t<div class=\"elementor-column elementor-col-33 elementor-top-column elementor-element elementor-element-f645137\" data-id=\"f645137\" data-element_type=\"column\">\n\t\t\t<div class=\"elementor-widget-wrap\">\n\t\t\t\t\t\t\t<\/div>\n\t\t<\/div>\n\t\t\t\t\t<\/div>\n\t\t<\/section>\n\t\t\t\t<\/div>\n\t\t","protected":false},"excerpt":{"rendered":"<div class=\"mh-excerpt\"><p>Donnerstag, 11. Oktober 2018, 19:30 UhrVortrag \u00fcber Anna Wolf(f)s Wirken im 30-j\u00e4hrigen Krieg Schwabach &#8211; Auf die Spuren der Schwabacher M\u00fcllerstochter Anna Wolf(f) hat sich\u00a0Stadtheimatpflegerin Ursula Kaiser-Biburger begeben. \u00dcber das Wirken von\u00a0Schwabachs Heldin berichtet sie <a class=\"mh-excerpt-more\" href=\"https:\/\/www.region-schwabach.de\/wordpress\/vortrag-ueber-anna-wolffs-wirken-im-30-jaehrigen-krieg\/\" title=\"Vortrag \u00fcber Anna Wolf(f)s Wirken im 30-j\u00e4hrigen Krieg\">[&#8230;]<\/a><\/p>\n<\/div>","protected":false},"author":1,"featured_media":58698,"comment_status":"open","ping_status":"open","sticky":false,"template":"","format":"standard","meta":{"_cbd_carousel_blocks":"[]","footnotes":""},"categories":[16,287,61,231],"tags":[6136,4326,6096,4327,4325,4329,1480,19,4692,4328,5652],"class_list":{"0":"post-58697","1":"post","2":"type-post","3":"status-publish","4":"format-standard","5":"has-post-thumbnail","7":"category-aktuell","8":"category-jugend-und-familie","9":"category-rathaus","10":"category-veranstaltungsnews","11":"tag-11-10-2018","12":"tag-30-jaehriger-krieg","13":"tag-alte-synagoge","14":"tag-anna-klein","15":"tag-auf-den-spuren-anna-wolffs","16":"tag-geborene-wolff","17":"tag-rathaus","18":"tag-schwabach","19":"tag-synagogengasse","20":"tag-verwitwete-kohler","21":"tag-vortrag"},"_links":{"self":[{"href":"https:\/\/www.region-schwabach.de\/wordpress\/wp-json\/wp\/v2\/posts\/58697","targetHints":{"allow":["GET"]}}],"collection":[{"href":"https:\/\/www.region-schwabach.de\/wordpress\/wp-json\/wp\/v2\/posts"}],"about":[{"href":"https:\/\/www.region-schwabach.de\/wordpress\/wp-json\/wp\/v2\/types\/post"}],"author":[{"embeddable":true,"href":"https:\/\/www.region-schwabach.de\/wordpress\/wp-json\/wp\/v2\/users\/1"}],"replies":[{"embeddable":true,"href":"https:\/\/www.region-schwabach.de\/wordpress\/wp-json\/wp\/v2\/comments?post=58697"}],"version-history":[{"count":0,"href":"https:\/\/www.region-schwabach.de\/wordpress\/wp-json\/wp\/v2\/posts\/58697\/revisions"}],"wp:featuredmedia":[{"embeddable":true,"href":"https:\/\/www.region-schwabach.de\/wordpress\/wp-json\/wp\/v2\/media\/58698"}],"wp:attachment":[{"href":"https:\/\/www.region-schwabach.de\/wordpress\/wp-json\/wp\/v2\/media?parent=58697"}],"wp:term":[{"taxonomy":"category","embeddable":true,"href":"https:\/\/www.region-schwabach.de\/wordpress\/wp-json\/wp\/v2\/categories?post=58697"},{"taxonomy":"post_tag","embeddable":true,"href":"https:\/\/www.region-schwabach.de\/wordpress\/wp-json\/wp\/v2\/tags?post=58697"}],"curies":[{"name":"wp","href":"https:\/\/api.w.org\/{rel}","templated":true}]}}