{"id":58710,"date":"2018-10-06T00:07:37","date_gmt":"2018-10-05T22:07:37","guid":{"rendered":"http:\/\/www.region-schwabach.de\/wordpress\/?p=58710"},"modified":"2018-10-05T20:00:55","modified_gmt":"2018-10-05T18:00:55","slug":"das-brauwesen-in-schwabach-am-samstag-den-6-oktober-2018","status":"publish","type":"post","link":"https:\/\/www.region-schwabach.de\/wordpress\/das-brauwesen-in-schwabach-am-samstag-den-6-oktober-2018\/","title":{"rendered":"&#8222;Das Brauwesen in Schwabach&#8220; am Samstag, den 6. Oktober 2018"},"content":{"rendered":"\t\t<div data-elementor-type=\"wp-post\" data-elementor-id=\"58710\" class=\"elementor elementor-58710 elementor-bc-flex-widget\">\n\t\t\t\t\t\t<section class=\"elementor-section elementor-top-section elementor-element elementor-element-678181b elementor-section-boxed elementor-section-height-default elementor-section-height-default\" data-id=\"678181b\" data-element_type=\"section\">\n\t\t\t\t\t\t<div class=\"elementor-container elementor-column-gap-default\">\n\t\t\t\t\t<div class=\"elementor-column elementor-col-66 elementor-top-column elementor-element elementor-element-6b34026\" data-id=\"6b34026\" data-element_type=\"column\">\n\t\t\t<div class=\"elementor-widget-wrap elementor-element-populated\">\n\t\t\t\t\t\t<div class=\"elementor-element elementor-element-443ab98 elementor-widget elementor-widget-text-editor\" data-id=\"443ab98\" data-element_type=\"widget\" data-widget_type=\"text-editor.default\">\n\t\t\t\t<div class=\"elementor-widget-container\">\n\t\t\t\t\t\t\t<h3>Das Brauwesen in Schwabach<\/h3><p>Am Samstag, den 6. Oktober 2018, findet um 15.00 Uhr wieder die F\u00fchrung &#8222;Das Brauwesen in Schwabach&#8220; statt.<\/p><h3>Brauwesen hat Schwabach ber\u00fchmt gemacht<\/h3><p>Bereits an der Abbildung des Schwabacher Stadtwappens (1371 &#8211; 1952) am Rathaus, das die gekreuzten Biersch\u00f6pfen auf rotem Grund als Handwerkszeichen der Bierbrauer zeigt, wird ersichtlich, da\u00df das Brauwesen das \u00e4lteste Handwerk war, welches auch \u00fcber die Grenzen Schwabachs hinaus bedeutend war, und Schwabach damals auch ber\u00fchmt machte.<\/p><h3>Bierverkostung zum Abschlu\u00df<\/h3><p>Die F\u00fchrung zeigt anhand der Vielzahl von Braust\u00e4tten und ihrer Familien, da\u00df vorz\u00fcgliches unterg\u00e4riges Bier (Rotbier) in Schwabach gebraut wurde. Im Zusammenhang mit der F\u00fchrung wird auch ein Felsenkeller besichtigt, und zum Abschluss der F\u00fchrung l\u00e4dt Leitner-Herrnbr\u00e4u dann auch noch zu einer Bierverkostung ein.<\/p><h3>Keine Anmeldung erforderlich<\/h3><p>Eine Anmeldung zu der F\u00fchrung um 15.00 Uhr ist nicht erforderlich.<\/p><p>Die Geb\u00fchr betr\u00e4gt 5 Euro f\u00fcr Erwachsene\u00a0und 3 Euro f\u00fcr Kinder.<\/p><h3>Treffpunkt:<\/h3><p>Treffpunkt ist am Haupteingang des Rathauses, K\u00f6nigsplatz1, Schwabach.<\/p>\t\t\t\t\t\t<\/div>\n\t\t\t\t<\/div>\n\t\t\t\t<div class=\"elementor-element elementor-element-a29781d elementor-widget-divider--view-line elementor-widget elementor-widget-divider\" data-id=\"a29781d\" data-element_type=\"widget\" data-widget_type=\"divider.default\">\n\t\t\t\t<div class=\"elementor-widget-container\">\n\t\t\t\t\t<div class=\"elementor-divider\">\n\t\t\t<span class=\"elementor-divider-separator\">\n\t\t\t\t\t\t<\/span>\n\t\t<\/div>\n\t\t\t\t<\/div>\n\t\t\t\t<\/div>\n\t\t\t\t<div class=\"elementor-element elementor-element-2a05a02 elementor-widget elementor-widget-google_maps\" data-id=\"2a05a02\" data-element_type=\"widget\" data-widget_type=\"google_maps.default\">\n\t\t\t\t<div class=\"elementor-widget-container\">\n\t\t\t\t\t<div class=\"elementor-custom-embed\">\n\t\t\t<iframe loading=\"lazy\"\n\t\t\t\t\tsrc=\"https:\/\/maps.google.com\/maps?q=K%C3%B6nigsplatz%201%2C%20Schwabach%2C%20Deutschland&#038;t=m&#038;z=17&#038;output=embed&#038;iwloc=near\"\n\t\t\t\t\ttitle=\"K\u00f6nigsplatz 1, Schwabach, Deutschland\"\n\t\t\t\t\taria-label=\"K\u00f6nigsplatz 1, Schwabach, Deutschland\"\n\t\t\t><\/iframe>\n\t\t<\/div>\n\t\t\t\t<\/div>\n\t\t\t\t<\/div>\n\t\t\t\t\t<\/div>\n\t\t<\/div>\n\t\t\t\t<div class=\"elementor-column elementor-col-33 elementor-top-column elementor-element elementor-element-f645137\" data-id=\"f645137\" data-element_type=\"column\">\n\t\t\t<div class=\"elementor-widget-wrap elementor-element-populated\">\n\t\t\t\t\t\t<div class=\"elementor-element elementor-element-25043c1 elementor-widget elementor-widget-image\" data-id=\"25043c1\" data-element_type=\"widget\" data-widget_type=\"image.default\">\n\t\t\t\t<div class=\"elementor-widget-container\">\n\t\t\t\t\t\t\t\t\t\t\t\t\t<img fetchpriority=\"high\" decoding=\"async\" width=\"300\" height=\"300\" src=\"https:\/\/www.region-schwabach.de\/wordpress\/wp-content\/uploads\/2018\/04\/werbung1-300x300.png\" class=\"attachment-medium size-medium wp-image-35382\" alt=\"\" srcset=\"https:\/\/www.region-schwabach.de\/wordpress\/wp-content\/uploads\/2018\/04\/werbung1-300x300.png 300w, https:\/\/www.region-schwabach.de\/wordpress\/wp-content\/uploads\/2018\/04\/werbung1-150x150.png 150w, https:\/\/www.region-schwabach.de\/wordpress\/wp-content\/uploads\/2018\/04\/werbung1-768x768.png 768w, https:\/\/www.region-schwabach.de\/wordpress\/wp-content\/uploads\/2018\/04\/werbung1-1024x1024.png 1024w, https:\/\/www.region-schwabach.de\/wordpress\/wp-content\/uploads\/2018\/04\/werbung1.png 1200w\" sizes=\"(max-width: 300px) 100vw, 300px\" \/>\t\t\t\t\t\t\t\t\t\t\t\t\t<\/div>\n\t\t\t\t<\/div>\n\t\t\t\t\t<\/div>\n\t\t<\/div>\n\t\t\t\t\t<\/div>\n\t\t<\/section>\n\t\t\t\t<\/div>\n\t\t","protected":false},"excerpt":{"rendered":"<div class=\"mh-excerpt\"><p>Das Brauwesen in Schwabach Am Samstag, den 6. Oktober 2018, findet um 15.00 Uhr wieder die F\u00fchrung &#8222;Das Brauwesen in Schwabach&#8220; statt. Brauwesen hat Schwabach ber\u00fchmt gemacht Bereits an der Abbildung des Schwabacher Stadtwappens (1371 <a class=\"mh-excerpt-more\" href=\"https:\/\/www.region-schwabach.de\/wordpress\/das-brauwesen-in-schwabach-am-samstag-den-6-oktober-2018\/\" title=\"&#8222;Das Brauwesen in Schwabach&#8220; am Samstag, den 6. Oktober 2018\">[&#8230;]<\/a><\/p>\n<\/div>","protected":false},"author":1,"featured_media":58711,"comment_status":"open","ping_status":"open","sticky":false,"template":"","format":"standard","meta":{"_cbd_carousel_blocks":"[]","footnotes":""},"categories":[16,1,287,61,231],"tags":[6133,5342,5338,5340,5341,53,5339,522,5343,1480,19],"class_list":{"0":"post-58710","1":"post","2":"type-post","3":"status-publish","4":"format-standard","5":"has-post-thumbnail","7":"category-aktuell","8":"category-allgemein","9":"category-jugend-und-familie","10":"category-rathaus","11":"category-veranstaltungsnews","12":"tag-06-10-2018","13":"tag-bierverkostung","14":"tag-brauwesen","15":"tag-brauwesen-in-schwabach","16":"tag-felsenkeller","17":"tag-fuehrung","18":"tag-haupeingang","19":"tag-koenigsplatz","20":"tag-leitner-herrnbraeu","21":"tag-rathaus","22":"tag-schwabach"},"_links":{"self":[{"href":"https:\/\/www.region-schwabach.de\/wordpress\/wp-json\/wp\/v2\/posts\/58710","targetHints":{"allow":["GET"]}}],"collection":[{"href":"https:\/\/www.region-schwabach.de\/wordpress\/wp-json\/wp\/v2\/posts"}],"about":[{"href":"https:\/\/www.region-schwabach.de\/wordpress\/wp-json\/wp\/v2\/types\/post"}],"author":[{"embeddable":true,"href":"https:\/\/www.region-schwabach.de\/wordpress\/wp-json\/wp\/v2\/users\/1"}],"replies":[{"embeddable":true,"href":"https:\/\/www.region-schwabach.de\/wordpress\/wp-json\/wp\/v2\/comments?post=58710"}],"version-history":[{"count":0,"href":"https:\/\/www.region-schwabach.de\/wordpress\/wp-json\/wp\/v2\/posts\/58710\/revisions"}],"wp:featuredmedia":[{"embeddable":true,"href":"https:\/\/www.region-schwabach.de\/wordpress\/wp-json\/wp\/v2\/media\/58711"}],"wp:attachment":[{"href":"https:\/\/www.region-schwabach.de\/wordpress\/wp-json\/wp\/v2\/media?parent=58710"}],"wp:term":[{"taxonomy":"category","embeddable":true,"href":"https:\/\/www.region-schwabach.de\/wordpress\/wp-json\/wp\/v2\/categories?post=58710"},{"taxonomy":"post_tag","embeddable":true,"href":"https:\/\/www.region-schwabach.de\/wordpress\/wp-json\/wp\/v2\/tags?post=58710"}],"curies":[{"name":"wp","href":"https:\/\/api.w.org\/{rel}","templated":true}]}}