{"id":58714,"date":"2018-10-07T00:04:55","date_gmt":"2018-10-06T22:04:55","guid":{"rendered":"http:\/\/www.region-schwabach.de\/wordpress\/?p=58714"},"modified":"2018-10-06T21:53:42","modified_gmt":"2018-10-06T19:53:42","slug":"1-schwabacher-kuenstlerwochenende-am-6-7-oktober-2018","status":"publish","type":"post","link":"https:\/\/www.region-schwabach.de\/wordpress\/1-schwabacher-kuenstlerwochenende-am-6-7-oktober-2018\/","title":{"rendered":"1. Schwabacher K\u00fcnstlerwochenende am 6.\/7. Oktober 2018"},"content":{"rendered":"\t\t<div data-elementor-type=\"wp-post\" data-elementor-id=\"58714\" class=\"elementor elementor-58714 elementor-bc-flex-widget\">\n\t\t\t\t\t\t<section class=\"elementor-section elementor-top-section elementor-element elementor-element-678181b elementor-section-boxed elementor-section-height-default elementor-section-height-default\" data-id=\"678181b\" data-element_type=\"section\">\n\t\t\t\t\t\t<div class=\"elementor-container elementor-column-gap-default\">\n\t\t\t\t\t<div class=\"elementor-column elementor-col-66 elementor-top-column elementor-element elementor-element-6b34026\" data-id=\"6b34026\" data-element_type=\"column\">\n\t\t\t<div class=\"elementor-widget-wrap elementor-element-populated\">\n\t\t\t\t\t\t<div class=\"elementor-element elementor-element-443ab98 elementor-widget elementor-widget-text-editor\" data-id=\"443ab98\" data-element_type=\"widget\" data-widget_type=\"text-editor.default\">\n\t\t\t\t<div class=\"elementor-widget-container\">\n\t\t\t\t\t\t\t<h3>1. Schwabcher K\u00fcwe am 6. und 7. Oktober 2018<\/h3><p>Schwabach &#8211;\u00a0Am Samstag, den 06.10.2018 (15.00 Uhr bis 18.00 Uhr), und am Sonntag, den 07.10.2018 (13.00 Uhr bis 18.00 Uhr) laden 15 TeilnehmerInnen beim 1. Scwabacher K\u00fcnstlerwochende zu einem Besuch ihrer Ateliers und Galerien ein.<\/p><p>Das K\u00fcwe Schwabach soll k\u00fcnftig alle zwei Jahre (parallel zur Goldschl\u00e4gernacht) stattfinden.<\/p><h3>Die diesj\u00e4hrigen Teilnehmer (in alphabetischer Reihenfolge):<\/h3><table style=\"border-collapse: collapse; width: 100%;\" border=\"1\"><tbody><tr><td style=\"width: 33.3333%;\"><strong>K\u00fcnstler<\/strong><\/td><td style=\"width: 33.3333%;\"><strong>Richtung<\/strong><\/td><td style=\"width: 33.3333%;\"><strong>Adresse<\/strong><\/td><\/tr><tr><td style=\"width: 33.3333%;\">Annika Bachhofer<\/td><td style=\"width: 33.3333%;\">Malerei<\/td><td style=\"width: 33.3333%;\">N\u00fcrnberger Stra\u00dfe 36 (Altstadt)<\/td><\/tr><tr><td style=\"width: 33.3333%;\">Klaus Leo Drechsel<\/td><td style=\"width: 33.3333%;\">Stahl-, Glasobjekte<\/td><td style=\"width: 33.3333%;\">M\u00fchlenstra\u00dfe 4 (Limbach)<\/td><\/tr><tr><td style=\"width: 33.3333%;\">Kai Feldschur<\/td><td style=\"width: 33.3333%;\">Malerei, Zeichnung<\/td><td style=\"width: 33.3333%;\">F\u00fcrther Stra\u00dfe 14-18 (Hochgericht)<\/td><\/tr><tr><td style=\"width: 33.3333%;\">Gabriele Fuchs<\/td><td style=\"width: 33.3333%;\">Malerei<\/td><td style=\"width: 33.3333%;\">Bachgasse 16 (Altstadt)<\/td><\/tr><tr><td style=\"width: 33.3333%;\">Maler Jonathan<\/td><td style=\"width: 33.3333%;\">Malerei, Bildhauerei<\/td><td style=\"width: 33.3333%;\">Konrad-Adenauer-Stra\u00dfe 37 (Forsthof)<\/td><\/tr><tr><td style=\"width: 33.3333%;\">Kerstin Knappe<\/td><td style=\"width: 33.3333%;\">Malerei, Grafik, Skulpturen<\/td><td style=\"width: 33.3333%;\">W\u00f6hrwiese 5 (Altstadt)<\/td><\/tr><tr><td style=\"width: 33.3333%;\">Anneliese Kraft<\/td><td style=\"width: 33.3333%;\">Malerei, Objekte, Installationen<\/td><td style=\"width: 33.3333%;\">Schulgasse 9 (Altstadt)<\/td><\/tr><tr><td style=\"width: 33.3333%;\">Franziska M\u00fcller<\/td><td style=\"width: 33.3333%;\">Sur-Realistische Malerei<\/td><td style=\"width: 33.3333%;\">Waikersreuther Stra\u00dfe 90 (Unterreichenbach)<\/td><\/tr><tr><td style=\"width: 33.3333%;\">Bernhard Rauth<\/td><td style=\"width: 33.3333%;\">Abstrakte Malerei<\/td><td style=\"width: 33.3333%;\">Mariensteig 4d (Limbach)<\/td><\/tr><tr><td style=\"width: 33.3333%;\">Sabine B. Reimann<\/td><td style=\"width: 33.3333%;\">Malerei, Objekte, Grafik<\/td><td style=\"width: 33.3333%;\">Wildbirnenweg 30 (Unterreichenbach)<\/td><\/tr><tr><td style=\"width: 33.3333%;\">Hanne Schnabel<\/td><td style=\"width: 33.3333%;\">Meereskunst-, Strandgutobjekte<\/td><td style=\"width: 33.3333%;\">Beim Biengarten 1b (Forsthof)<\/td><\/tr><tr><td style=\"width: 33.3333%;\">Gerda Spatz<\/td><td style=\"width: 33.3333%;\">Malerei, Zeichnung, Grafik<\/td><td style=\"width: 33.3333%;\">La\u00dfbergstra\u00dfe 8 (Unterreichenbach)<\/td><\/tr><tr><td style=\"width: 33.3333%;\">Christine v. Stengel<\/td><td style=\"width: 33.3333%;\">Mode, Accessoires<\/td><td style=\"width: 33.3333%;\">Schwabenstra\u00dfe 45 (Limbach)<\/td><\/tr><tr><td style=\"width: 33.3333%;\">Walter Thaler<\/td><td style=\"width: 33.3333%;\">Malerei, Grafik<\/td><td style=\"width: 33.3333%;\">Schulgasse 15 (Altstadt)<\/td><\/tr><tr><td style=\"width: 33.3333%;\">Uli Thaler-Wieland<\/td><td style=\"width: 33.3333%;\">Malerei, Grafik<\/td><td style=\"width: 33.3333%;\">Schulgasse 15 (Altstadt)<\/td><\/tr><\/tbody><\/table><h3>Weiterf\u00fchrende Links:<\/h3><p style=\"font-weight: 400;\"><a href=\"http:\/\/kueweschwabach.de\/\" target=\"_blank\" rel=\"noopener\">Homepage des K\u00fcWe Schwabach &#8230;<\/a><\/p>\t\t\t\t\t\t<\/div>\n\t\t\t\t<\/div>\n\t\t\t\t<div class=\"elementor-element elementor-element-b95230e elementor-widget-divider--view-line elementor-widget elementor-widget-divider\" data-id=\"b95230e\" data-element_type=\"widget\" data-widget_type=\"divider.default\">\n\t\t\t\t<div class=\"elementor-widget-container\">\n\t\t\t\t\t<div class=\"elementor-divider\">\n\t\t\t<span class=\"elementor-divider-separator\">\n\t\t\t\t\t\t<\/span>\n\t\t<\/div>\n\t\t\t\t<\/div>\n\t\t\t\t<\/div>\n\t\t\t\t<div class=\"elementor-element elementor-element-804b00f elementor-widget elementor-widget-google_maps\" data-id=\"804b00f\" data-element_type=\"widget\" data-widget_type=\"google_maps.default\">\n\t\t\t\t<div class=\"elementor-widget-container\">\n\t\t\t\t\t<div class=\"elementor-custom-embed\">\n\t\t\t<iframe loading=\"lazy\"\n\t\t\t\t\tsrc=\"https:\/\/maps.google.com\/maps?q=Schwabach%2C%20Deutschland&#038;t=m&#038;z=14&#038;output=embed&#038;iwloc=near\"\n\t\t\t\t\ttitle=\"Schwabach, Deutschland\"\n\t\t\t\t\taria-label=\"Schwabach, Deutschland\"\n\t\t\t><\/iframe>\n\t\t<\/div>\n\t\t\t\t<\/div>\n\t\t\t\t<\/div>\n\t\t\t\t\t<\/div>\n\t\t<\/div>\n\t\t\t\t<div class=\"elementor-column elementor-col-33 elementor-top-column elementor-element elementor-element-f645137\" data-id=\"f645137\" data-element_type=\"column\">\n\t\t\t<div class=\"elementor-widget-wrap elementor-element-populated\">\n\t\t\t\t\t\t<div class=\"elementor-element elementor-element-25043c1 elementor-widget elementor-widget-image\" data-id=\"25043c1\" data-element_type=\"widget\" data-widget_type=\"image.default\">\n\t\t\t\t<div class=\"elementor-widget-container\">\n\t\t\t\t\t\t\t\t\t\t\t\t\t<img fetchpriority=\"high\" decoding=\"async\" width=\"300\" height=\"300\" src=\"https:\/\/www.region-schwabach.de\/wordpress\/wp-content\/uploads\/2018\/04\/werbung1-300x300.png\" class=\"attachment-medium size-medium wp-image-35382\" alt=\"\" srcset=\"https:\/\/www.region-schwabach.de\/wordpress\/wp-content\/uploads\/2018\/04\/werbung1-300x300.png 300w, https:\/\/www.region-schwabach.de\/wordpress\/wp-content\/uploads\/2018\/04\/werbung1-150x150.png 150w, https:\/\/www.region-schwabach.de\/wordpress\/wp-content\/uploads\/2018\/04\/werbung1-768x768.png 768w, https:\/\/www.region-schwabach.de\/wordpress\/wp-content\/uploads\/2018\/04\/werbung1-1024x1024.png 1024w, https:\/\/www.region-schwabach.de\/wordpress\/wp-content\/uploads\/2018\/04\/werbung1.png 1200w\" sizes=\"(max-width: 300px) 100vw, 300px\" \/>\t\t\t\t\t\t\t\t\t\t\t\t\t<\/div>\n\t\t\t\t<\/div>\n\t\t\t\t\t<\/div>\n\t\t<\/div>\n\t\t\t\t\t<\/div>\n\t\t<\/section>\n\t\t\t\t<\/div>\n\t\t","protected":false},"excerpt":{"rendered":"<div class=\"mh-excerpt\"><p>1. Schwabcher K\u00fcwe am 6. und 7. Oktober 2018 Schwabach &#8211;\u00a0Am Samstag, den 06.10.2018 (15.00 Uhr bis 18.00 Uhr), und am Sonntag, den 07.10.2018 (13.00 Uhr bis 18.00 Uhr) laden 15 TeilnehmerInnen beim 1. Scwabacher <a class=\"mh-excerpt-more\" href=\"https:\/\/www.region-schwabach.de\/wordpress\/1-schwabacher-kuenstlerwochenende-am-6-7-oktober-2018\/\" title=\"1. Schwabacher K\u00fcnstlerwochenende am 6.\/7. Oktober 2018\">[&#8230;]<\/a><\/p>\n<\/div>","protected":false},"author":1,"featured_media":58715,"comment_status":"open","ping_status":"open","sticky":false,"template":"","format":"standard","meta":{"_cbd_carousel_blocks":"[]","footnotes":""},"categories":[16,287,231,46,140],"tags":[6133,6023,6217,6216,5154,6214,6215,1480,19],"class_list":{"0":"post-58714","1":"post","2":"type-post","3":"status-publish","4":"format-standard","5":"has-post-thumbnail","7":"category-aktuell","8":"category-jugend-und-familie","9":"category-veranstaltungsnews","10":"category-verbaende","11":"category-vereine","12":"tag-06-10-2018","13":"tag-07-10-2018","14":"tag-ateliers","15":"tag-galerien","16":"tag-kuenstler","17":"tag-kuenstlerwochenende","18":"tag-kuewe","19":"tag-rathaus","20":"tag-schwabach"},"_links":{"self":[{"href":"https:\/\/www.region-schwabach.de\/wordpress\/wp-json\/wp\/v2\/posts\/58714","targetHints":{"allow":["GET"]}}],"collection":[{"href":"https:\/\/www.region-schwabach.de\/wordpress\/wp-json\/wp\/v2\/posts"}],"about":[{"href":"https:\/\/www.region-schwabach.de\/wordpress\/wp-json\/wp\/v2\/types\/post"}],"author":[{"embeddable":true,"href":"https:\/\/www.region-schwabach.de\/wordpress\/wp-json\/wp\/v2\/users\/1"}],"replies":[{"embeddable":true,"href":"https:\/\/www.region-schwabach.de\/wordpress\/wp-json\/wp\/v2\/comments?post=58714"}],"version-history":[{"count":0,"href":"https:\/\/www.region-schwabach.de\/wordpress\/wp-json\/wp\/v2\/posts\/58714\/revisions"}],"wp:featuredmedia":[{"embeddable":true,"href":"https:\/\/www.region-schwabach.de\/wordpress\/wp-json\/wp\/v2\/media\/58715"}],"wp:attachment":[{"href":"https:\/\/www.region-schwabach.de\/wordpress\/wp-json\/wp\/v2\/media?parent=58714"}],"wp:term":[{"taxonomy":"category","embeddable":true,"href":"https:\/\/www.region-schwabach.de\/wordpress\/wp-json\/wp\/v2\/categories?post=58714"},{"taxonomy":"post_tag","embeddable":true,"href":"https:\/\/www.region-schwabach.de\/wordpress\/wp-json\/wp\/v2\/tags?post=58714"}],"curies":[{"name":"wp","href":"https:\/\/api.w.org\/{rel}","templated":true}]}}