{"id":58727,"date":"2018-10-02T11:42:14","date_gmt":"2018-10-02T09:42:14","guid":{"rendered":"http:\/\/www.region-schwabach.de\/wordpress\/?p=58727"},"modified":"2018-10-02T11:50:11","modified_gmt":"2018-10-02T09:50:11","slug":"baucontainer-in-abenberg-aufgebrochen","status":"publish","type":"post","link":"https:\/\/www.region-schwabach.de\/wordpress\/baucontainer-in-abenberg-aufgebrochen\/","title":{"rendered":"Baucontainer in Abenberg aufgebrochen"},"content":{"rendered":"\t\t<div data-elementor-type=\"wp-post\" data-elementor-id=\"58727\" class=\"elementor elementor-58727 elementor-bc-flex-widget\">\n\t\t\t\t\t\t<section class=\"elementor-section elementor-top-section elementor-element elementor-element-74ajz0k elementor-section-boxed elementor-section-height-default elementor-section-height-default\" data-id=\"74ajz0k\" data-element_type=\"section\">\n\t\t\t\t\t\t<div class=\"elementor-container elementor-column-gap-default\">\n\t\t\t\t\t<div class=\"elementor-column elementor-col-50 elementor-top-column elementor-element elementor-element-holtw7r\" data-id=\"holtw7r\" data-element_type=\"column\">\n\t\t\t<div class=\"elementor-widget-wrap elementor-element-populated\">\n\t\t\t\t\t\t<div class=\"elementor-element elementor-element-638lvp2 elementor-widget elementor-widget-text-editor\" data-id=\"638lvp2\" data-element_type=\"widget\" data-widget_type=\"text-editor.default\">\n\t\t\t\t<div class=\"elementor-widget-container\">\n\t\t\t\t\t\t\t<h3><b><span style=\"font-size: 12.0pt; font-family: 'Arial',sans-serif;\">Baucontainer aufgebrochen<\/span><\/b><\/h3><p>Abenberg &#8211; In der Nacht von Sonntag, den 30.09.2018, auf Montag, den 01.10.2018, haben bisher Unbekannte einen Baucontainer auf der Baustelle in der Kaltenbachstra\u00dfe in Abenberg aufgebrochen, und dabei einen Sachschaden in H\u00f6he von ca. 200 Euro verursacht. Ob bei dem Einbruch auch etwas gestohlen wurde, konnte bisher noch nicht gekl\u00e4rt werden.<\/p><h3>Polizei bittet um Mithilfe<\/h3><p>Personen, die verd\u00e4chtige Beobachtungen gemacht haben, werden gebeten, diese der Polizei in Roth unter der Rufnummer 09171-9744-0 mitzuteilen.<\/p>\t\t\t\t\t\t<\/div>\n\t\t\t\t<\/div>\n\t\t\t\t<section class=\"elementor-section elementor-inner-section elementor-element elementor-element-fqe6vjk elementor-section-boxed elementor-section-height-default elementor-section-height-default\" data-id=\"fqe6vjk\" data-element_type=\"section\">\n\t\t\t\t\t\t<div class=\"elementor-container elementor-column-gap-default\">\n\t\t\t\t\t<div class=\"elementor-column elementor-col-100 elementor-inner-column elementor-element elementor-element-mv4myf2\" data-id=\"mv4myf2\" data-element_type=\"column\">\n\t\t\t<div class=\"elementor-widget-wrap elementor-element-populated\">\n\t\t\t\t\t\t<div class=\"elementor-element elementor-element-p2vmo3w elementor-widget elementor-widget-google_maps\" data-id=\"p2vmo3w\" data-element_type=\"widget\" data-widget_type=\"google_maps.default\">\n\t\t\t\t<div class=\"elementor-widget-container\">\n\t\t\t\t\t<div class=\"elementor-custom-embed\">\n\t\t\t<iframe loading=\"lazy\"\n\t\t\t\t\tsrc=\"https:\/\/maps.google.com\/maps?q=Kaltenbachstra%C3%9Fe%2C%20Abenberg%2C%20Deutschland&#038;t=m&#038;z=17&#038;output=embed&#038;iwloc=near\"\n\t\t\t\t\ttitle=\"Kaltenbachstra\u00dfe, Abenberg, Deutschland\"\n\t\t\t\t\taria-label=\"Kaltenbachstra\u00dfe, Abenberg, Deutschland\"\n\t\t\t><\/iframe>\n\t\t<\/div>\n\t\t\t\t<\/div>\n\t\t\t\t<\/div>\n\t\t\t\t\t<\/div>\n\t\t<\/div>\n\t\t\t\t\t<\/div>\n\t\t<\/section>\n\t\t\t\t\t<\/div>\n\t\t<\/div>\n\t\t\t\t<div class=\"elementor-column elementor-col-50 elementor-top-column elementor-element elementor-element-grpaw28\" data-id=\"grpaw28\" data-element_type=\"column\">\n\t\t\t<div class=\"elementor-widget-wrap elementor-element-populated\">\n\t\t\t\t\t\t<div class=\"elementor-element elementor-element-cgrwuya elementor-widget elementor-widget-image\" data-id=\"cgrwuya\" data-element_type=\"widget\" data-widget_type=\"image.default\">\n\t\t\t\t<div class=\"elementor-widget-container\">\n\t\t\t\t\t\t\t\t\t\t\t\t\t\t<a href=\"http:\/\/www.region-schwabach.de\/wordpress\/werben-auf-region-schwabach\/\" target=\"_blank\">\n\t\t\t\t\t\t\t<img fetchpriority=\"high\" decoding=\"async\" width=\"1024\" height=\"1024\" src=\"https:\/\/www.region-schwabach.de\/wordpress\/wp-content\/uploads\/2017\/06\/werbung8-1024x1024.png\" class=\"attachment-large size-large wp-image-2484\" alt=\"\" srcset=\"https:\/\/www.region-schwabach.de\/wordpress\/wp-content\/uploads\/2017\/06\/werbung8-1024x1024.png 1024w, https:\/\/www.region-schwabach.de\/wordpress\/wp-content\/uploads\/2017\/06\/werbung8-150x150.png 150w, https:\/\/www.region-schwabach.de\/wordpress\/wp-content\/uploads\/2017\/06\/werbung8-300x300.png 300w, https:\/\/www.region-schwabach.de\/wordpress\/wp-content\/uploads\/2017\/06\/werbung8-768x768.png 768w, https:\/\/www.region-schwabach.de\/wordpress\/wp-content\/uploads\/2017\/06\/werbung8-600x600.png 600w, https:\/\/www.region-schwabach.de\/wordpress\/wp-content\/uploads\/2017\/06\/werbung8.png 1200w\" sizes=\"(max-width: 1024px) 100vw, 1024px\" \/>\t\t\t\t\t\t\t\t<\/a>\n\t\t\t\t\t\t\t\t\t\t\t\t\t<\/div>\n\t\t\t\t<\/div>\n\t\t\t\t\t<\/div>\n\t\t<\/div>\n\t\t\t\t\t<\/div>\n\t\t<\/section>\n\t\t\t\t<\/div>\n\t\t","protected":false},"excerpt":{"rendered":"<div class=\"mh-excerpt\"><p>Baucontainer aufgebrochen Abenberg &#8211; In der Nacht von Sonntag, den 30.09.2018, auf Montag, den 01.10.2018, haben bisher Unbekannte einen Baucontainer auf der Baustelle in der Kaltenbachstra\u00dfe in Abenberg aufgebrochen, und dabei einen Sachschaden in H\u00f6he <a class=\"mh-excerpt-more\" href=\"https:\/\/www.region-schwabach.de\/wordpress\/baucontainer-in-abenberg-aufgebrochen\/\" title=\"Baucontainer in Abenberg aufgebrochen\">[&#8230;]<\/a><\/p>\n<\/div>","protected":false},"author":1,"featured_media":58728,"comment_status":"open","ping_status":"open","sticky":false,"template":"","format":"standard","meta":{"_cbd_carousel_blocks":"[]","footnotes":""},"categories":[15],"tags":[6112,5737,578,5704,30,217,6224,981,32,487,401,713],"class_list":{"0":"post-58727","1":"post","2":"type-post","3":"status-publish","4":"format-standard","5":"has-post-thumbnail","7":"category-polizeimeldungen","8":"tag-01-10-2018","9":"tag-30-09-2018","10":"tag-abenberg","11":"tag-baucontainer","12":"tag-diebstahl","13":"tag-einbruch","14":"tag-kaltenbachstrasse","15":"tag-polizei","16":"tag-roth","17":"tag-sachbeschaedigung","18":"tag-sachschaden","19":"tag-schaden"},"_links":{"self":[{"href":"https:\/\/www.region-schwabach.de\/wordpress\/wp-json\/wp\/v2\/posts\/58727","targetHints":{"allow":["GET"]}}],"collection":[{"href":"https:\/\/www.region-schwabach.de\/wordpress\/wp-json\/wp\/v2\/posts"}],"about":[{"href":"https:\/\/www.region-schwabach.de\/wordpress\/wp-json\/wp\/v2\/types\/post"}],"author":[{"embeddable":true,"href":"https:\/\/www.region-schwabach.de\/wordpress\/wp-json\/wp\/v2\/users\/1"}],"replies":[{"embeddable":true,"href":"https:\/\/www.region-schwabach.de\/wordpress\/wp-json\/wp\/v2\/comments?post=58727"}],"version-history":[{"count":0,"href":"https:\/\/www.region-schwabach.de\/wordpress\/wp-json\/wp\/v2\/posts\/58727\/revisions"}],"wp:featuredmedia":[{"embeddable":true,"href":"https:\/\/www.region-schwabach.de\/wordpress\/wp-json\/wp\/v2\/media\/58728"}],"wp:attachment":[{"href":"https:\/\/www.region-schwabach.de\/wordpress\/wp-json\/wp\/v2\/media?parent=58727"}],"wp:term":[{"taxonomy":"category","embeddable":true,"href":"https:\/\/www.region-schwabach.de\/wordpress\/wp-json\/wp\/v2\/categories?post=58727"},{"taxonomy":"post_tag","embeddable":true,"href":"https:\/\/www.region-schwabach.de\/wordpress\/wp-json\/wp\/v2\/tags?post=58727"}],"curies":[{"name":"wp","href":"https:\/\/api.w.org\/{rel}","templated":true}]}}