{"id":58813,"date":"2018-10-06T00:02:25","date_gmt":"2018-10-05T22:02:25","guid":{"rendered":"http:\/\/www.region-schwabach.de\/wordpress\/?p=58813"},"modified":"2018-10-25T21:07:45","modified_gmt":"2018-10-25T19:07:45","slug":"wanderungen-des-fraenkischen-albvereins-schwabach-e-v-oktober-2018","status":"publish","type":"post","link":"https:\/\/www.region-schwabach.de\/wordpress\/wanderungen-des-fraenkischen-albvereins-schwabach-e-v-oktober-2018\/","title":{"rendered":"Wanderungen des Fr\u00e4nkischen Albvereins Schwabach e.V. &#8211; Oktober 2018"},"content":{"rendered":"\t\t<div data-elementor-type=\"wp-post\" data-elementor-id=\"58813\" class=\"elementor elementor-58813 elementor-bc-flex-widget\">\n\t\t\t\t\t\t<section class=\"elementor-section elementor-top-section elementor-element elementor-element-e04de7f elementor-section-boxed elementor-section-height-default elementor-section-height-default\" data-id=\"e04de7f\" data-element_type=\"section\">\n\t\t\t\t\t\t<div class=\"elementor-container elementor-column-gap-default\">\n\t\t\t\t\t<div class=\"elementor-column elementor-col-66 elementor-top-column elementor-element elementor-element-0e30e33\" data-id=\"0e30e33\" data-element_type=\"column\">\n\t\t\t<div class=\"elementor-widget-wrap elementor-element-populated\">\n\t\t\t\t\t\t<div class=\"elementor-element elementor-element-1a21863 elementor-widget elementor-widget-heading\" data-id=\"1a21863\" data-element_type=\"widget\" data-widget_type=\"heading.default\">\n\t\t\t\t<div class=\"elementor-widget-container\">\n\t\t\t<h3 class=\"elementor-heading-title elementor-size-default\">Wanderungen des Fr\u00e4nkischen Albvereins Schwabach e.V. \u2013 Oktober 2018<\/h3>\t\t<\/div>\n\t\t\t\t<\/div>\n\t\t\t\t<div class=\"elementor-element elementor-element-1331cc3 elementor-widget elementor-widget-text-editor\" data-id=\"1331cc3\" data-element_type=\"widget\" data-widget_type=\"text-editor.default\">\n\t\t\t\t<div class=\"elementor-widget-container\">\n\t\t\t\t\t\t\t<table style=\"border-collapse: collapse; width: 100%;\" border=\"1\"><tbody><tr><td style=\"width: 18.1323%; text-align: center;\"><strong>Tag<\/strong><\/td><td style=\"width: 19.3048%; text-align: center;\"><strong>Datum<\/strong><\/td><td style=\"width: 18.1325%; text-align: center;\"><strong>Uhrzeit<\/strong><\/td><td style=\"width: 44.4304%; text-align: center;\"><strong>Wanderung<\/strong><\/td><\/tr><tr><td style=\"width: 18.1323%;\">\u00a0<\/td><td style=\"width: 19.3048%;\">\u00a0<\/td><td style=\"width: 18.1325%;\">\u00a0<\/td><td style=\"width: 44.4304%;\">\u00a0<\/td><\/tr><tr><td style=\"width: 18.1323%; text-align: center;\">Mittwoch<\/td><td style=\"width: 19.3048%; text-align: center;\">03.10.2018<\/td><td style=\"width: 18.1325%; text-align: center;\">05.25 Uhr<\/td><td style=\"width: 44.4304%;\">\u201e<strong>Herbst in den Bergen<\/strong>\u201c<\/td><\/tr><tr><td style=\"width: 18.1323%; text-align: center;\">Donnerstag<\/td><td style=\"width: 19.3048%; text-align: center;\">04.10.2018<\/td><td style=\"width: 18.1325%; text-align: center;\">08.30 Uhr<\/td><td style=\"width: 44.4304%;\">\u201e<strong>Der kleine Kulm l\u00e4sst gr\u00fc\u00dfen<\/strong>\u201c<\/td><\/tr><tr><td style=\"width: 18.1323%; text-align: center;\">Samstag<\/td><td style=\"width: 19.3048%; text-align: center;\">06.10.2018<\/td><td style=\"width: 18.1325%; text-align: center;\">07.25 Uhr<\/td><td style=\"width: 44.4304%;\"><strong>\u201eDie Teichbewirtschaftung im Land der Himmelsweiher\u201c<\/strong><\/td><\/tr><tr><td style=\"width: 18.1323%; text-align: center;\">Samstag<\/td><td style=\"width: 19.3048%; text-align: center;\">06.10.2018<\/td><td style=\"width: 18.1325%; text-align: center;\">08.15 Uhr<\/td><td style=\"width: 44.4304%;\">\u201e<strong>Zusammen mit den Familien zum Kartoffelfest am Bio Gefl\u00fcgelhof Schubert<\/strong>\u201c\u00a0<\/td><\/tr><tr><td style=\"width: 18.1323%; text-align: center;\">Donnerstag<\/td><td style=\"width: 19.3048%; text-align: center;\">11.10.2018<\/td><td style=\"width: 18.1325%; text-align: center;\">08.50 Uhr<\/td><td style=\"width: 44.4304%;\">\u201e<strong>Steiler Zankelstein und fr\u00fchgeschichtliches Pingenfeld<\/strong>\u201c<\/td><\/tr><tr><td style=\"width: 18.1323%; text-align: center;\">Samstag<\/td><td style=\"width: 19.3048%; text-align: center;\">13.10.2018<\/td><td style=\"width: 18.1325%; text-align: center;\">10.25 Uhr<\/td><td style=\"width: 44.4304%;\">\u201e<strong>Sternwandern: Wald bewegt<\/strong>\u201c\u00a0<\/td><\/tr><tr><td style=\"width: 18.1323%; text-align: center;\">Sonntag<\/td><td style=\"width: 19.3048%; text-align: center;\">14.10.2018<\/td><td style=\"width: 18.1325%; text-align: center;\">09.30 Uhr<\/td><td style=\"width: 44.4304%;\">\u201e<strong>Von Schwaben nach Treuchtlingen<\/strong>\u201c<\/td><\/tr><tr><td style=\"width: 18.1323%; text-align: center;\">Samstag<\/td><td style=\"width: 19.3048%; text-align: center;\">20.10.2018<\/td><td style=\"width: 18.1325%; text-align: center;\">07.05 Uhr<\/td><td style=\"width: 44.4304%;\">\u201e<strong>Zu kleinen Weinlagen im s\u00fcdlichen Steigerwald<\/strong>\u201c<\/td><\/tr><tr><td style=\"width: 18.1323%; text-align: center;\">Samstag<\/td><td style=\"width: 19.3048%; text-align: center;\">20.10.2018<\/td><td style=\"width: 18.1325%; text-align: center;\">08.25 Uhr<\/td><td style=\"width: 44.4304%;\">\u201e<strong>Fleischk\u00fcchle Party im Wanderheim: Hamburger und Salat, das h\u00e4lt uns auf Draht<\/strong>\u201c<\/td><\/tr><tr><td style=\"width: 18.1323%; text-align: center;\">Donnerstag<\/td><td style=\"width: 19.3048%; text-align: center;\">25.10.2018<\/td><td style=\"width: 18.1325%; text-align: center;\">10.00 Uhr<\/td><td style=\"width: 44.4304%;\">\u201e<strong>Vom Rednitz Grund ins Schwabach Tal<\/strong>\u201c<\/td><\/tr><tr><td style=\"width: 18.1323%; text-align: center;\">Sonntag<\/td><td style=\"width: 19.3048%; text-align: center;\">28.10.2018<\/td><td style=\"width: 18.1325%; text-align: center;\">08.30 Uhr<\/td><td style=\"width: 44.4304%;\">\u201e<strong>Die sch\u00f6nsten Wege in und um Spalt<\/strong>\u201c<\/td><\/tr><\/tbody><\/table><h3>Infos:<\/h3><ul style=\"list-style-type: disc;\"><li>Treffpunkt ist zum angegebenen Zeitpunkt jeweils am Schwabacher Bahnhof<\/li><\/ul><h3>Weiterf\u00fchrende Links:<\/h3><p><a href=\"http:\/\/www.fav-schwabach.de\/Wandern\/index.php\/#STRATP_cm4all_com_widgets_EventCalendar_1970305\" target=\"_blank\" rel=\"noopener\">Homepage des Fr\u00e4nkischen Albvereins Schwabach e.V. &#8230;<\/a><\/p>\t\t\t\t\t\t<\/div>\n\t\t\t\t<\/div>\n\t\t\t\t<div class=\"elementor-element elementor-element-9c4562b elementor-widget-divider--view-line elementor-widget elementor-widget-divider\" data-id=\"9c4562b\" data-element_type=\"widget\" data-widget_type=\"divider.default\">\n\t\t\t\t<div class=\"elementor-widget-container\">\n\t\t\t\t\t<div class=\"elementor-divider\">\n\t\t\t<span class=\"elementor-divider-separator\">\n\t\t\t\t\t\t<\/span>\n\t\t<\/div>\n\t\t\t\t<\/div>\n\t\t\t\t<\/div>\n\t\t\t\t<div class=\"elementor-element elementor-element-86e1f80 elementor-widget elementor-widget-google_maps\" data-id=\"86e1f80\" data-element_type=\"widget\" data-widget_type=\"google_maps.default\">\n\t\t\t\t<div class=\"elementor-widget-container\">\n\t\t\t\t\t<div class=\"elementor-custom-embed\">\n\t\t\t<iframe loading=\"lazy\"\n\t\t\t\t\tsrc=\"https:\/\/maps.google.com\/maps?q=49.326160%2C%2011.034864&#038;t=m&#038;z=17&#038;output=embed&#038;iwloc=near\"\n\t\t\t\t\ttitle=\"49.326160, 11.034864\"\n\t\t\t\t\taria-label=\"49.326160, 11.034864\"\n\t\t\t><\/iframe>\n\t\t<\/div>\n\t\t\t\t<\/div>\n\t\t\t\t<\/div>\n\t\t\t\t\t<\/div>\n\t\t<\/div>\n\t\t\t\t<div class=\"elementor-column elementor-col-33 elementor-top-column elementor-element elementor-element-f02176f\" data-id=\"f02176f\" data-element_type=\"column\">\n\t\t\t<div class=\"elementor-widget-wrap\">\n\t\t\t\t\t\t\t<\/div>\n\t\t<\/div>\n\t\t\t\t\t<\/div>\n\t\t<\/section>\n\t\t\t\t<\/div>\n\t\t","protected":false},"excerpt":{"rendered":"<div class=\"mh-excerpt\"><p>Wanderungen des Fr\u00e4nkischen Albvereins Schwabach e.V. \u2013 Oktober 2018 Tag Datum Uhrzeit Wanderung \u00a0 \u00a0 \u00a0 \u00a0 Mittwoch 03.10.2018 05.25 Uhr \u201eHerbst in den Bergen\u201c Donnerstag 04.10.2018 08.30 Uhr \u201eDer kleine Kulm l\u00e4sst gr\u00fc\u00dfen\u201c Samstag <a class=\"mh-excerpt-more\" href=\"https:\/\/www.region-schwabach.de\/wordpress\/wanderungen-des-fraenkischen-albvereins-schwabach-e-v-oktober-2018\/\" title=\"Wanderungen des Fr\u00e4nkischen Albvereins Schwabach e.V. &#8211; Oktober 2018\">[&#8230;]<\/a><\/p>\n<\/div>","protected":false},"author":1,"featured_media":58809,"comment_status":"open","ping_status":"open","sticky":false,"template":"","format":"standard","meta":{"_cbd_carousel_blocks":"[]","footnotes":""},"categories":[16,287,231,140],"tags":[5815,6132,6133,6136,6138,5903,5816,6147,6149,274,6239,5014,6241,19,6240,6238],"class_list":{"0":"post-58813","1":"post","2":"type-post","3":"status-publish","4":"format-standard","5":"has-post-thumbnail","7":"category-aktuell","8":"category-jugend-und-familie","9":"category-veranstaltungsnews","10":"category-vereine","11":"tag-03-10-2018","12":"tag-04-10-2018","13":"tag-06-10-2018","14":"tag-11-10-2018","15":"tag-13-10-2018","16":"tag-14-10-2018","17":"tag-20-10-2018","18":"tag-25-10-2018","19":"tag-28-10-2018","20":"tag-bahnhof","21":"tag-fraenkischer-albverein-schwabach-e-v","22":"tag-oktober-2018","23":"tag-probewanderung","24":"tag-schwabach","25":"tag-tageswanderung","26":"tag-wanderungen"},"_links":{"self":[{"href":"https:\/\/www.region-schwabach.de\/wordpress\/wp-json\/wp\/v2\/posts\/58813","targetHints":{"allow":["GET"]}}],"collection":[{"href":"https:\/\/www.region-schwabach.de\/wordpress\/wp-json\/wp\/v2\/posts"}],"about":[{"href":"https:\/\/www.region-schwabach.de\/wordpress\/wp-json\/wp\/v2\/types\/post"}],"author":[{"embeddable":true,"href":"https:\/\/www.region-schwabach.de\/wordpress\/wp-json\/wp\/v2\/users\/1"}],"replies":[{"embeddable":true,"href":"https:\/\/www.region-schwabach.de\/wordpress\/wp-json\/wp\/v2\/comments?post=58813"}],"version-history":[{"count":0,"href":"https:\/\/www.region-schwabach.de\/wordpress\/wp-json\/wp\/v2\/posts\/58813\/revisions"}],"wp:featuredmedia":[{"embeddable":true,"href":"https:\/\/www.region-schwabach.de\/wordpress\/wp-json\/wp\/v2\/media\/58809"}],"wp:attachment":[{"href":"https:\/\/www.region-schwabach.de\/wordpress\/wp-json\/wp\/v2\/media?parent=58813"}],"wp:term":[{"taxonomy":"category","embeddable":true,"href":"https:\/\/www.region-schwabach.de\/wordpress\/wp-json\/wp\/v2\/categories?post=58813"},{"taxonomy":"post_tag","embeddable":true,"href":"https:\/\/www.region-schwabach.de\/wordpress\/wp-json\/wp\/v2\/tags?post=58813"}],"curies":[{"name":"wp","href":"https:\/\/api.w.org\/{rel}","templated":true}]}}