{"id":59205,"date":"2018-10-07T11:40:01","date_gmt":"2018-10-07T09:40:01","guid":{"rendered":"http:\/\/www.region-schwabach.de\/wordpress\/?p=59205"},"modified":"2018-10-07T11:51:18","modified_gmt":"2018-10-07T09:51:18","slug":"brandmelder-in-weissenburger-wohnung-loeste-alarm-aus","status":"publish","type":"post","link":"https:\/\/www.region-schwabach.de\/wordpress\/brandmelder-in-weissenburger-wohnung-loeste-alarm-aus\/","title":{"rendered":"Brandmelder in Wei\u00dfenburger Wohnung l\u00f6ste Alarm aus"},"content":{"rendered":"\t\t<div data-elementor-type=\"wp-post\" data-elementor-id=\"59205\" class=\"elementor elementor-59205 elementor-bc-flex-widget\">\n\t\t\t\t\t\t<section class=\"elementor-section elementor-top-section elementor-element elementor-element-74ajz0k elementor-section-boxed elementor-section-height-default elementor-section-height-default\" data-id=\"74ajz0k\" data-element_type=\"section\">\n\t\t\t\t\t\t<div class=\"elementor-container elementor-column-gap-default\">\n\t\t\t\t\t<div class=\"elementor-column elementor-col-50 elementor-top-column elementor-element elementor-element-holtw7r\" data-id=\"holtw7r\" data-element_type=\"column\">\n\t\t\t<div class=\"elementor-widget-wrap elementor-element-populated\">\n\t\t\t\t\t\t<div class=\"elementor-element elementor-element-638lvp2 elementor-widget elementor-widget-text-editor\" data-id=\"638lvp2\" data-element_type=\"widget\" data-widget_type=\"text-editor.default\">\n\t\t\t\t<div class=\"elementor-widget-container\">\n\t\t\t\t\t\t\t<h3 class=\"story-headline\"><strong>Brandmelder in Wohnung l\u00f6st Alarm aus <\/strong><\/h3><p>Wei\u00dfenburg &#8211; Am Samstagnachmittag, den 06.10.2018, meldete eine aufmerksame Nachbarin gegen 13.20 Uhr einen ausgel\u00f6sten Brandmelder in einer Wohnung eines Mehrfamilienhauses An den Sperrwiesen in Wei\u00dfenburg,<\/p><h3>Wohnungst\u00fcre gewaltsam ge\u00f6ffnet<\/h3><p>Die Feuerwehr Wei\u00dfenburg r\u00fcckte umgehend aus, und \u00f6ffnete gewaltsam die Wohnungst\u00fcre, da niemand in der Wohnung war. In der Wohnung stellte die Feuerwehr dann fest, da\u00df lediglich die Essensreste in einem Topf auf dem eingeschalteten Herd angebrannt waren.<\/p><h3>Wohnungsinhaberin mu\u00df sich wegen einer\u00a0Ordnungswidrigkeit verantworten<\/h3><p>Die 70-j\u00e4hrige Wohnungsinhaberin &#8211; die vergessen hatte die Herdplatte auszuschalten &#8211; kam kurze Zeit sp\u00e4ter von einem Spaziergang zur\u00fcck. Sie mu\u00df sich nun wegen einer Ordnungswidrigkeit gegen die Verordnung von Verh\u00fctung von Br\u00e4nden verantworten.<\/p>\t\t\t\t\t\t<\/div>\n\t\t\t\t<\/div>\n\t\t\t\t<div class=\"elementor-element elementor-element-4058941 elementor-widget-divider--view-line elementor-widget elementor-widget-divider\" data-id=\"4058941\" data-element_type=\"widget\" data-widget_type=\"divider.default\">\n\t\t\t\t<div class=\"elementor-widget-container\">\n\t\t\t\t\t<div class=\"elementor-divider\">\n\t\t\t<span class=\"elementor-divider-separator\">\n\t\t\t\t\t\t<\/span>\n\t\t<\/div>\n\t\t\t\t<\/div>\n\t\t\t\t<\/div>\n\t\t\t\t<section class=\"elementor-section elementor-inner-section elementor-element elementor-element-fqe6vjk elementor-section-boxed elementor-section-height-default elementor-section-height-default\" data-id=\"fqe6vjk\" data-element_type=\"section\">\n\t\t\t\t\t\t<div class=\"elementor-container elementor-column-gap-default\">\n\t\t\t\t\t<div class=\"elementor-column elementor-col-100 elementor-inner-column elementor-element elementor-element-mv4myf2\" data-id=\"mv4myf2\" data-element_type=\"column\">\n\t\t\t<div class=\"elementor-widget-wrap elementor-element-populated\">\n\t\t\t\t\t\t<div class=\"elementor-element elementor-element-p2vmo3w elementor-widget elementor-widget-google_maps\" data-id=\"p2vmo3w\" data-element_type=\"widget\" data-widget_type=\"google_maps.default\">\n\t\t\t\t<div class=\"elementor-widget-container\">\n\t\t\t\t\t<div class=\"elementor-custom-embed\">\n\t\t\t<iframe loading=\"lazy\"\n\t\t\t\t\tsrc=\"https:\/\/maps.google.com\/maps?q=An%20den%20Sperrwiesen%2C%20Wei%C3%9Fenburg%2C%20Deutschland&#038;t=m&#038;z=17&#038;output=embed&#038;iwloc=near\"\n\t\t\t\t\ttitle=\"An den Sperrwiesen, Wei\u00dfenburg, Deutschland\"\n\t\t\t\t\taria-label=\"An den Sperrwiesen, Wei\u00dfenburg, Deutschland\"\n\t\t\t><\/iframe>\n\t\t<\/div>\n\t\t\t\t<\/div>\n\t\t\t\t<\/div>\n\t\t\t\t\t<\/div>\n\t\t<\/div>\n\t\t\t\t\t<\/div>\n\t\t<\/section>\n\t\t\t\t\t<\/div>\n\t\t<\/div>\n\t\t\t\t<div class=\"elementor-column elementor-col-50 elementor-top-column elementor-element elementor-element-grpaw28\" data-id=\"grpaw28\" data-element_type=\"column\">\n\t\t\t<div class=\"elementor-widget-wrap elementor-element-populated\">\n\t\t\t\t\t\t<div class=\"elementor-element elementor-element-cgrwuya elementor-widget elementor-widget-image\" data-id=\"cgrwuya\" data-element_type=\"widget\" data-widget_type=\"image.default\">\n\t\t\t\t<div class=\"elementor-widget-container\">\n\t\t\t\t\t\t\t\t\t\t\t\t\t\t<a href=\"http:\/\/www.region-schwabach.de\/wordpress\/werben-auf-region-schwabach\/\" target=\"_blank\">\n\t\t\t\t\t\t\t<img fetchpriority=\"high\" decoding=\"async\" width=\"1024\" height=\"1024\" src=\"https:\/\/www.region-schwabach.de\/wordpress\/wp-content\/uploads\/2017\/06\/werbung8-1024x1024.png\" class=\"attachment-large size-large wp-image-2484\" alt=\"\" srcset=\"https:\/\/www.region-schwabach.de\/wordpress\/wp-content\/uploads\/2017\/06\/werbung8-1024x1024.png 1024w, https:\/\/www.region-schwabach.de\/wordpress\/wp-content\/uploads\/2017\/06\/werbung8-150x150.png 150w, https:\/\/www.region-schwabach.de\/wordpress\/wp-content\/uploads\/2017\/06\/werbung8-300x300.png 300w, https:\/\/www.region-schwabach.de\/wordpress\/wp-content\/uploads\/2017\/06\/werbung8-768x768.png 768w, https:\/\/www.region-schwabach.de\/wordpress\/wp-content\/uploads\/2017\/06\/werbung8-600x600.png 600w, https:\/\/www.region-schwabach.de\/wordpress\/wp-content\/uploads\/2017\/06\/werbung8.png 1200w\" sizes=\"(max-width: 1024px) 100vw, 1024px\" \/>\t\t\t\t\t\t\t\t<\/a>\n\t\t\t\t\t\t\t\t\t\t\t\t\t<\/div>\n\t\t\t\t<\/div>\n\t\t\t\t\t<\/div>\n\t\t<\/div>\n\t\t\t\t\t<\/div>\n\t\t<\/section>\n\t\t\t\t<\/div>\n\t\t","protected":false},"excerpt":{"rendered":"<div class=\"mh-excerpt\"><p>Brandmelder in Wohnung l\u00f6st Alarm aus Wei\u00dfenburg &#8211; Am Samstagnachmittag, den 06.10.2018, meldete eine aufmerksame Nachbarin gegen 13.20 Uhr einen ausgel\u00f6sten Brandmelder in einer Wohnung eines Mehrfamilienhauses An den Sperrwiesen in Wei\u00dfenburg, Wohnungst\u00fcre gewaltsam ge\u00f6ffnet <a class=\"mh-excerpt-more\" href=\"https:\/\/www.region-schwabach.de\/wordpress\/brandmelder-in-weissenburger-wohnung-loeste-alarm-aus\/\" title=\"Brandmelder in Wei\u00dfenburger Wohnung l\u00f6ste Alarm aus\">[&#8230;]<\/a><\/p>\n<\/div>","protected":false},"author":1,"featured_media":59206,"comment_status":"open","ping_status":"open","sticky":false,"template":"","format":"standard","meta":{"_cbd_carousel_blocks":"[]","footnotes":""},"categories":[15],"tags":[6133,6278,2094,296,1552,981,2294,401,713,249,6279],"class_list":{"0":"post-59205","1":"post","2":"type-post","3":"status-publish","4":"format-standard","5":"has-post-thumbnail","7":"category-polizeimeldungen","8":"tag-06-10-2018","9":"tag-an-den-sperrwiesen","10":"tag-brandmelder","11":"tag-feuerwehr","12":"tag-mehrfamilienhaus","13":"tag-polizei","14":"tag-rauchmelder","15":"tag-sachschaden","16":"tag-schaden","17":"tag-weissenburg","18":"tag-wohnungstuere"},"_links":{"self":[{"href":"https:\/\/www.region-schwabach.de\/wordpress\/wp-json\/wp\/v2\/posts\/59205","targetHints":{"allow":["GET"]}}],"collection":[{"href":"https:\/\/www.region-schwabach.de\/wordpress\/wp-json\/wp\/v2\/posts"}],"about":[{"href":"https:\/\/www.region-schwabach.de\/wordpress\/wp-json\/wp\/v2\/types\/post"}],"author":[{"embeddable":true,"href":"https:\/\/www.region-schwabach.de\/wordpress\/wp-json\/wp\/v2\/users\/1"}],"replies":[{"embeddable":true,"href":"https:\/\/www.region-schwabach.de\/wordpress\/wp-json\/wp\/v2\/comments?post=59205"}],"version-history":[{"count":0,"href":"https:\/\/www.region-schwabach.de\/wordpress\/wp-json\/wp\/v2\/posts\/59205\/revisions"}],"wp:featuredmedia":[{"embeddable":true,"href":"https:\/\/www.region-schwabach.de\/wordpress\/wp-json\/wp\/v2\/media\/59206"}],"wp:attachment":[{"href":"https:\/\/www.region-schwabach.de\/wordpress\/wp-json\/wp\/v2\/media?parent=59205"}],"wp:term":[{"taxonomy":"category","embeddable":true,"href":"https:\/\/www.region-schwabach.de\/wordpress\/wp-json\/wp\/v2\/categories?post=59205"},{"taxonomy":"post_tag","embeddable":true,"href":"https:\/\/www.region-schwabach.de\/wordpress\/wp-json\/wp\/v2\/tags?post=59205"}],"curies":[{"name":"wp","href":"https:\/\/api.w.org\/{rel}","templated":true}]}}