{"id":59209,"date":"2018-10-08T00:04:54","date_gmt":"2018-10-07T22:04:54","guid":{"rendered":"http:\/\/www.region-schwabach.de\/wordpress\/?p=59209"},"modified":"2018-10-24T23:31:33","modified_gmt":"2018-10-24T21:31:33","slug":"e-autos-parken-in-schwabach-kostenfrei","status":"publish","type":"post","link":"https:\/\/www.region-schwabach.de\/wordpress\/e-autos-parken-in-schwabach-kostenfrei\/","title":{"rendered":"E-Autos parken in Schwabach kostenfrei"},"content":{"rendered":"\t\t<div data-elementor-type=\"wp-post\" data-elementor-id=\"59209\" class=\"elementor elementor-59209 elementor-bc-flex-widget\">\n\t\t\t\t\t\t<section class=\"elementor-section elementor-top-section elementor-element elementor-element-1dzeyuh elementor-section-boxed elementor-section-height-default elementor-section-height-default\" data-id=\"1dzeyuh\" data-element_type=\"section\">\n\t\t\t\t\t\t<div class=\"elementor-container elementor-column-gap-default\">\n\t\t\t\t\t<div class=\"elementor-column elementor-col-66 elementor-top-column elementor-element elementor-element-aam59ft\" data-id=\"aam59ft\" data-element_type=\"column\">\n\t\t\t<div class=\"elementor-widget-wrap elementor-element-populated\">\n\t\t\t\t\t\t<div class=\"elementor-element elementor-element-k9p1oyc elementor-widget elementor-widget-text-editor\" data-id=\"k9p1oyc\" data-element_type=\"widget\" data-widget_type=\"text-editor.default\">\n\t\t\t\t<div class=\"elementor-widget-container\">\n\t\t\t\t\t\t\t<h3>E-Autos parken ksotenfrei<\/h3><p>Schwabach &#8211; Seit Anfang Oktober k\u00f6nnen Elektrofahrzeuge mit einem sogenannten E-Kennzeichen auf diversen Parkpl\u00e4tzen im Stadtgebiet kostenfrei parken.<\/p><h3>Folgende Parkpl\u00e4tze sind geb\u00fchrenfrei:<\/h3><ul style=\"list-style-type: disc;\"><li>Altstadt Ost (Markgrafensaal)<\/li><li>Schulzentrum Mitte (Bismarckstra\u00dfe)<\/li><li>Altstadt West (Reichswaisenhausstra\u00dfe)<\/li><li>sowie auf jeweils zwei gesondert ausgewiesenen Parkpl\u00e4tzen in der Hindenburgstra\u00dfe und der Wittelsbacherstra\u00dfe<\/li><\/ul><p>Die Parkdauer f\u00fcr Fahrzeuge mit dem E-Kennzeichen ist jeweils nicht beschr\u00e4nkt. Die Regelung gilt f\u00fcnf Jahre, um umweltfreundliche und l\u00e4rmarme Elektrofahrzeuge zu f\u00f6rdern.<\/p>\t\t\t\t\t\t<\/div>\n\t\t\t\t<\/div>\n\t\t\t\t<div class=\"elementor-element elementor-element-a82edf8 elementor-widget-divider--view-line elementor-widget elementor-widget-divider\" data-id=\"a82edf8\" data-element_type=\"widget\" data-widget_type=\"divider.default\">\n\t\t\t\t<div class=\"elementor-widget-container\">\n\t\t\t\t\t<div class=\"elementor-divider\">\n\t\t\t<span class=\"elementor-divider-separator\">\n\t\t\t\t\t\t<\/span>\n\t\t<\/div>\n\t\t\t\t<\/div>\n\t\t\t\t<\/div>\n\t\t\t\t\t<\/div>\n\t\t<\/div>\n\t\t\t\t<div class=\"elementor-column elementor-col-33 elementor-top-column elementor-element elementor-element-uferl75\" data-id=\"uferl75\" data-element_type=\"column\">\n\t\t\t<div class=\"elementor-widget-wrap\">\n\t\t\t\t\t\t\t<\/div>\n\t\t<\/div>\n\t\t\t\t\t<\/div>\n\t\t<\/section>\n\t\t\t\t<section class=\"elementor-section elementor-top-section elementor-element elementor-element-08ba14f elementor-section-boxed elementor-section-height-default elementor-section-height-default\" data-id=\"08ba14f\" data-element_type=\"section\">\n\t\t\t\t\t\t<div class=\"elementor-container elementor-column-gap-default\">\n\t\t\t\t\t<div class=\"elementor-column elementor-col-33 elementor-top-column elementor-element elementor-element-0e6f089\" data-id=\"0e6f089\" data-element_type=\"column\">\n\t\t\t<div class=\"elementor-widget-wrap elementor-element-populated\">\n\t\t\t\t\t\t<div class=\"elementor-element elementor-element-9g7p78n elementor-widget elementor-widget-heading\" data-id=\"9g7p78n\" data-element_type=\"widget\" data-widget_type=\"heading.default\">\n\t\t\t\t<div class=\"elementor-widget-container\">\n\t\t\t<h2 class=\"elementor-heading-title elementor-size-default\">Altstadt Ost<\/h2>\t\t<\/div>\n\t\t\t\t<\/div>\n\t\t\t\t<div class=\"elementor-element elementor-element-etlfwr4 elementor-widget elementor-widget-google_maps\" data-id=\"etlfwr4\" data-element_type=\"widget\" data-widget_type=\"google_maps.default\">\n\t\t\t\t<div class=\"elementor-widget-container\">\n\t\t\t\t\t<div class=\"elementor-custom-embed\">\n\t\t\t<iframe loading=\"lazy\"\n\t\t\t\t\tsrc=\"https:\/\/maps.google.com\/maps?q=Markgrafensaal%20Schwabach&#038;t=m&#038;z=17&#038;output=embed&#038;iwloc=near\"\n\t\t\t\t\ttitle=\"Markgrafensaal Schwabach\"\n\t\t\t\t\taria-label=\"Markgrafensaal Schwabach\"\n\t\t\t><\/iframe>\n\t\t<\/div>\n\t\t\t\t<\/div>\n\t\t\t\t<\/div>\n\t\t\t\t\t<\/div>\n\t\t<\/div>\n\t\t\t\t<div class=\"elementor-column elementor-col-33 elementor-top-column elementor-element elementor-element-f02fb70\" data-id=\"f02fb70\" data-element_type=\"column\">\n\t\t\t<div class=\"elementor-widget-wrap elementor-element-populated\">\n\t\t\t\t\t\t<div class=\"elementor-element elementor-element-e521ji6 elementor-widget elementor-widget-heading\" data-id=\"e521ji6\" data-element_type=\"widget\" data-widget_type=\"heading.default\">\n\t\t\t\t<div class=\"elementor-widget-container\">\n\t\t\t<h2 class=\"elementor-heading-title elementor-size-default\">Schulzentrum Mitte<\/h2>\t\t<\/div>\n\t\t\t\t<\/div>\n\t\t\t\t<div class=\"elementor-element elementor-element-8be2531 elementor-widget elementor-widget-google_maps\" data-id=\"8be2531\" data-element_type=\"widget\" data-widget_type=\"google_maps.default\">\n\t\t\t\t<div class=\"elementor-widget-container\">\n\t\t\t\t\t<div class=\"elementor-custom-embed\">\n\t\t\t<iframe loading=\"lazy\"\n\t\t\t\t\tsrc=\"https:\/\/maps.google.com\/maps?q=Bismarckstra%C3%9Fe%2C%20Schwabach&#038;t=m&#038;z=17&#038;output=embed&#038;iwloc=near\"\n\t\t\t\t\ttitle=\"Bismarckstra\u00dfe, Schwabach\"\n\t\t\t\t\taria-label=\"Bismarckstra\u00dfe, Schwabach\"\n\t\t\t><\/iframe>\n\t\t<\/div>\n\t\t\t\t<\/div>\n\t\t\t\t<\/div>\n\t\t\t\t\t<\/div>\n\t\t<\/div>\n\t\t\t\t<div class=\"elementor-column elementor-col-33 elementor-top-column elementor-element elementor-element-7770eb2\" data-id=\"7770eb2\" data-element_type=\"column\">\n\t\t\t<div class=\"elementor-widget-wrap elementor-element-populated\">\n\t\t\t\t\t\t<div class=\"elementor-element elementor-element-9ba76ac elementor-widget elementor-widget-heading\" data-id=\"9ba76ac\" data-element_type=\"widget\" data-widget_type=\"heading.default\">\n\t\t\t\t<div class=\"elementor-widget-container\">\n\t\t\t<h2 class=\"elementor-heading-title elementor-size-default\">Altstadt West<\/h2>\t\t<\/div>\n\t\t\t\t<\/div>\n\t\t\t\t<div class=\"elementor-element elementor-element-62212cc elementor-widget elementor-widget-google_maps\" data-id=\"62212cc\" data-element_type=\"widget\" data-widget_type=\"google_maps.default\">\n\t\t\t\t<div class=\"elementor-widget-container\">\n\t\t\t\t\t<div class=\"elementor-custom-embed\">\n\t\t\t<iframe loading=\"lazy\"\n\t\t\t\t\tsrc=\"https:\/\/maps.google.com\/maps?q=Reichswaisenhausstra%C3%9Fe%2C%20Schwabach&#038;t=m&#038;z=17&#038;output=embed&#038;iwloc=near\"\n\t\t\t\t\ttitle=\"Reichswaisenhausstra\u00dfe, Schwabach\"\n\t\t\t\t\taria-label=\"Reichswaisenhausstra\u00dfe, Schwabach\"\n\t\t\t><\/iframe>\n\t\t<\/div>\n\t\t\t\t<\/div>\n\t\t\t\t<\/div>\n\t\t\t\t\t<\/div>\n\t\t<\/div>\n\t\t\t\t\t<\/div>\n\t\t<\/section>\n\t\t\t\t<section class=\"elementor-section elementor-top-section elementor-element elementor-element-ea66d2d elementor-section-boxed elementor-section-height-default elementor-section-height-default\" data-id=\"ea66d2d\" data-element_type=\"section\">\n\t\t\t\t\t\t<div class=\"elementor-container elementor-column-gap-default\">\n\t\t\t\t\t<div class=\"elementor-column elementor-col-33 elementor-top-column elementor-element elementor-element-1228524\" data-id=\"1228524\" data-element_type=\"column\">\n\t\t\t<div class=\"elementor-widget-wrap elementor-element-populated\">\n\t\t\t\t\t\t<div class=\"elementor-element elementor-element-a168d31 elementor-widget elementor-widget-heading\" data-id=\"a168d31\" data-element_type=\"widget\" data-widget_type=\"heading.default\">\n\t\t\t\t<div class=\"elementor-widget-container\">\n\t\t\t<h2 class=\"elementor-heading-title elementor-size-default\">Hindenburgstra\u00dfe<\/h2>\t\t<\/div>\n\t\t\t\t<\/div>\n\t\t\t\t<div class=\"elementor-element elementor-element-0a33570 elementor-widget elementor-widget-google_maps\" data-id=\"0a33570\" data-element_type=\"widget\" data-widget_type=\"google_maps.default\">\n\t\t\t\t<div class=\"elementor-widget-container\">\n\t\t\t\t\t<div class=\"elementor-custom-embed\">\n\t\t\t<iframe loading=\"lazy\"\n\t\t\t\t\tsrc=\"https:\/\/maps.google.com\/maps?q=Hindenburgstra%C3%9Fe%2C%20Schwabach&#038;t=m&#038;z=17&#038;output=embed&#038;iwloc=near\"\n\t\t\t\t\ttitle=\"Hindenburgstra\u00dfe, Schwabach\"\n\t\t\t\t\taria-label=\"Hindenburgstra\u00dfe, Schwabach\"\n\t\t\t><\/iframe>\n\t\t<\/div>\n\t\t\t\t<\/div>\n\t\t\t\t<\/div>\n\t\t\t\t\t<\/div>\n\t\t<\/div>\n\t\t\t\t<div class=\"elementor-column elementor-col-33 elementor-top-column elementor-element elementor-element-8127442\" data-id=\"8127442\" data-element_type=\"column\">\n\t\t\t<div class=\"elementor-widget-wrap elementor-element-populated\">\n\t\t\t\t\t\t<div class=\"elementor-element elementor-element-ef2b650 elementor-widget elementor-widget-heading\" data-id=\"ef2b650\" data-element_type=\"widget\" data-widget_type=\"heading.default\">\n\t\t\t\t<div class=\"elementor-widget-container\">\n\t\t\t<h2 class=\"elementor-heading-title elementor-size-default\">Wittelsbacherstra\u00dfe<\/h2>\t\t<\/div>\n\t\t\t\t<\/div>\n\t\t\t\t<div class=\"elementor-element elementor-element-151b9f7 elementor-widget elementor-widget-google_maps\" data-id=\"151b9f7\" data-element_type=\"widget\" data-widget_type=\"google_maps.default\">\n\t\t\t\t<div class=\"elementor-widget-container\">\n\t\t\t\t\t<div class=\"elementor-custom-embed\">\n\t\t\t<iframe loading=\"lazy\"\n\t\t\t\t\tsrc=\"https:\/\/maps.google.com\/maps?q=Wittelsbacherstra%C3%9Fe%2C%20Schwabach&#038;t=m&#038;z=17&#038;output=embed&#038;iwloc=near\"\n\t\t\t\t\ttitle=\"Wittelsbacherstra\u00dfe, Schwabach\"\n\t\t\t\t\taria-label=\"Wittelsbacherstra\u00dfe, Schwabach\"\n\t\t\t><\/iframe>\n\t\t<\/div>\n\t\t\t\t<\/div>\n\t\t\t\t<\/div>\n\t\t\t\t\t<\/div>\n\t\t<\/div>\n\t\t\t\t<div class=\"elementor-column elementor-col-33 elementor-top-column elementor-element elementor-element-a23cbfb\" data-id=\"a23cbfb\" data-element_type=\"column\">\n\t\t\t<div class=\"elementor-widget-wrap\">\n\t\t\t\t\t\t\t<\/div>\n\t\t<\/div>\n\t\t\t\t\t<\/div>\n\t\t<\/section>\n\t\t\t\t<\/div>\n\t\t","protected":false},"excerpt":{"rendered":"<div class=\"mh-excerpt\"><p>E-Autos parken ksotenfrei Schwabach &#8211; Seit Anfang Oktober k\u00f6nnen Elektrofahrzeuge mit einem sogenannten E-Kennzeichen auf diversen Parkpl\u00e4tzen im Stadtgebiet kostenfrei parken. Folgende Parkpl\u00e4tze sind geb\u00fchrenfrei: Altstadt Ost (Markgrafensaal) Schulzentrum Mitte (Bismarckstra\u00dfe) Altstadt West (Reichswaisenhausstra\u00dfe) sowie <a class=\"mh-excerpt-more\" href=\"https:\/\/www.region-schwabach.de\/wordpress\/e-autos-parken-in-schwabach-kostenfrei\/\" title=\"E-Autos parken in Schwabach kostenfrei\">[&#8230;]<\/a><\/p>\n<\/div>","protected":false},"author":1,"featured_media":59210,"comment_status":"open","ping_status":"open","sticky":false,"template":"template-full.php","format":"image","meta":{"_cbd_carousel_blocks":"[]","footnotes":""},"categories":[16,79,61,203,14],"tags":[6283,6285,6282,6280,2677,5014,6281,1480,6284,19,634,2678],"class_list":{"0":"post-59209","1":"post","2":"type-post","3":"status-publish","4":"format-image","5":"has-post-thumbnail","7":"category-aktuell","8":"category-politik","9":"category-rathaus","10":"category-umwelt-nachrichten","11":"category-verkehrsinfos","12":"tag-altstadt-ost-markgrafensaal","13":"tag-altstadt-west-reichswaisenhausstrasse","14":"tag-e-kennzeichen","15":"tag-gebuehrenfreies-parken","16":"tag-hindenburgstrasse","17":"tag-oktober-2018","18":"tag-parkplaetze","19":"tag-rathaus","20":"tag-schulzentrum-mitte-bismarckstrasse","21":"tag-schwabach","22":"tag-stadtgebiet","23":"tag-wittelsbacherstrasse","24":"post_format-post-format-image"},"_links":{"self":[{"href":"https:\/\/www.region-schwabach.de\/wordpress\/wp-json\/wp\/v2\/posts\/59209","targetHints":{"allow":["GET"]}}],"collection":[{"href":"https:\/\/www.region-schwabach.de\/wordpress\/wp-json\/wp\/v2\/posts"}],"about":[{"href":"https:\/\/www.region-schwabach.de\/wordpress\/wp-json\/wp\/v2\/types\/post"}],"author":[{"embeddable":true,"href":"https:\/\/www.region-schwabach.de\/wordpress\/wp-json\/wp\/v2\/users\/1"}],"replies":[{"embeddable":true,"href":"https:\/\/www.region-schwabach.de\/wordpress\/wp-json\/wp\/v2\/comments?post=59209"}],"version-history":[{"count":0,"href":"https:\/\/www.region-schwabach.de\/wordpress\/wp-json\/wp\/v2\/posts\/59209\/revisions"}],"wp:featuredmedia":[{"embeddable":true,"href":"https:\/\/www.region-schwabach.de\/wordpress\/wp-json\/wp\/v2\/media\/59210"}],"wp:attachment":[{"href":"https:\/\/www.region-schwabach.de\/wordpress\/wp-json\/wp\/v2\/media?parent=59209"}],"wp:term":[{"taxonomy":"category","embeddable":true,"href":"https:\/\/www.region-schwabach.de\/wordpress\/wp-json\/wp\/v2\/categories?post=59209"},{"taxonomy":"post_tag","embeddable":true,"href":"https:\/\/www.region-schwabach.de\/wordpress\/wp-json\/wp\/v2\/tags?post=59209"}],"curies":[{"name":"wp","href":"https:\/\/api.w.org\/{rel}","templated":true}]}}