{"id":59618,"date":"2018-10-09T00:04:53","date_gmt":"2018-10-08T22:04:53","guid":{"rendered":"http:\/\/www.region-schwabach.de\/wordpress\/?p=59618"},"modified":"2018-10-24T23:29:20","modified_gmt":"2018-10-24T21:29:20","slug":"frauenfruehstueck-im-evangelischen-haus-am-09-oktober-2018","status":"publish","type":"post","link":"https:\/\/www.region-schwabach.de\/wordpress\/frauenfruehstueck-im-evangelischen-haus-am-09-oktober-2018\/","title":{"rendered":"Frauenfr\u00fchst\u00fcck im Evangelischen Haus am 09. Oktober 2018"},"content":{"rendered":"\t\t<div data-elementor-type=\"wp-post\" data-elementor-id=\"59618\" class=\"elementor elementor-59618 elementor-bc-flex-widget\">\n\t\t\t\t\t\t<section class=\"elementor-section elementor-top-section elementor-element elementor-element-1dzeyuh elementor-section-boxed elementor-section-height-default elementor-section-height-default\" data-id=\"1dzeyuh\" data-element_type=\"section\">\n\t\t\t\t\t\t<div class=\"elementor-container elementor-column-gap-default\">\n\t\t\t\t\t<div class=\"elementor-column elementor-col-66 elementor-top-column elementor-element elementor-element-aam59ft\" data-id=\"aam59ft\" data-element_type=\"column\">\n\t\t\t<div class=\"elementor-widget-wrap elementor-element-populated\">\n\t\t\t\t\t\t<div class=\"elementor-element elementor-element-k9p1oyc elementor-widget elementor-widget-text-editor\" data-id=\"k9p1oyc\" data-element_type=\"widget\" data-widget_type=\"text-editor.default\">\n\t\t\t\t<div class=\"elementor-widget-container\">\n\t\t\t\t\t\t\t<h3 id=\"page-title\" class=\"title\">&#8222;B\u00fccherherbst &#8211; Sch\u00f6nes zum Lesen f\u00fcr Frauen&#8220; am 09. Oktober 2018<\/h3><p>Schwabach &#8211; Diesen Herbst feiert das Frauenfr\u00fchst\u00fcck im\u00a0Evangelischen Haus bereits sein 10-j\u00e4hriges Jubil\u00e4um. An diesem Dienstag, den 09. Oktober 2018, l\u00e4dt das Team deshalb von 9.00 Uhr bis 11.00 Uhr\u00a0 wieder alle Frauen (egal ob gro\u00df oder klein, alt oder jung, evangelisch oder nicht) recht herzlich in den Martin-Luther-Saal des <strong>EVA<\/strong>ngelischen Hauses ein.<\/p><p>Thema des Vormittags &#8211; bei dem die Referentin die Buchh\u00e4ndlerin Kerstin Fielk ist &#8211; wird sein: &#8222;B\u00fccherherbst &#8211; Sch\u00f6nes zum Lesen f\u00fcr Frauen&#8220;. .<\/p><h3>Regionales Fr\u00fchst\u00fcck<\/h3><p>Das Team des &#8222;Frauenfr\u00fchst\u00fccks&#8220; bereitet wieder ein leckeres, regionales Fr\u00fchst\u00fcck mit selbstgemachten Marmeladen etc. vor. Auch Kinder sind nat\u00fcrlich herzlich willkommen.<\/p><p>Die Veranstaltung ist kostenlos, um Spenden zur Deckung der Fr\u00fchst\u00fcckskosten wird gebeten.<\/p><h3>Weiterf\u00fchrende Links:<\/h3><p><a href=\"https:\/\/www.stmartin-schwabach.de\/evangelisches-haus\" target=\"_blank\" rel=\"noopener\">Mehr Infos zum Evangelischen Haus gibt es hier &#8230;<\/a><\/p>\t\t\t\t\t\t<\/div>\n\t\t\t\t<\/div>\n\t\t\t\t<div class=\"elementor-element elementor-element-a82edf8 elementor-widget-divider--view-line elementor-widget elementor-widget-divider\" data-id=\"a82edf8\" data-element_type=\"widget\" data-widget_type=\"divider.default\">\n\t\t\t\t<div class=\"elementor-widget-container\">\n\t\t\t\t\t<div class=\"elementor-divider\">\n\t\t\t<span class=\"elementor-divider-separator\">\n\t\t\t\t\t\t<\/span>\n\t\t<\/div>\n\t\t\t\t<\/div>\n\t\t\t\t<\/div>\n\t\t\t\t<div class=\"elementor-element elementor-element-8f974c6 elementor-widget elementor-widget-google_maps\" data-id=\"8f974c6\" data-element_type=\"widget\" data-widget_type=\"google_maps.default\">\n\t\t\t\t<div class=\"elementor-widget-container\">\n\t\t\t\t\t<div class=\"elementor-custom-embed\">\n\t\t\t<iframe loading=\"lazy\"\n\t\t\t\t\tsrc=\"https:\/\/maps.google.com\/maps?q=Wittelsbacherstra%C3%9Fe%204%2C%20Schwabach%2C%20Deutschland&#038;t=m&#038;z=17&#038;output=embed&#038;iwloc=near\"\n\t\t\t\t\ttitle=\"Wittelsbacherstra\u00dfe 4, Schwabach, Deutschland\"\n\t\t\t\t\taria-label=\"Wittelsbacherstra\u00dfe 4, Schwabach, Deutschland\"\n\t\t\t><\/iframe>\n\t\t<\/div>\n\t\t\t\t<\/div>\n\t\t\t\t<\/div>\n\t\t\t\t\t<\/div>\n\t\t<\/div>\n\t\t\t\t<div class=\"elementor-column elementor-col-33 elementor-top-column elementor-element elementor-element-uferl75\" data-id=\"uferl75\" data-element_type=\"column\">\n\t\t\t<div class=\"elementor-widget-wrap\">\n\t\t\t\t\t\t\t<\/div>\n\t\t<\/div>\n\t\t\t\t\t<\/div>\n\t\t<\/section>\n\t\t\t\t<\/div>\n\t\t","protected":false},"excerpt":{"rendered":"<div class=\"mh-excerpt\"><p>&#8222;B\u00fccherherbst &#8211; Sch\u00f6nes zum Lesen f\u00fcr Frauen&#8220; am 09. Oktober 2018 Schwabach &#8211; Diesen Herbst feiert das Frauenfr\u00fchst\u00fcck im\u00a0Evangelischen Haus bereits sein 10-j\u00e4hriges Jubil\u00e4um. An diesem Dienstag, den 09. Oktober 2018, l\u00e4dt das Team deshalb <a class=\"mh-excerpt-more\" href=\"https:\/\/www.region-schwabach.de\/wordpress\/frauenfruehstueck-im-evangelischen-haus-am-09-oktober-2018\/\" title=\"Frauenfr\u00fchst\u00fcck im Evangelischen Haus am 09. Oktober 2018\">[&#8230;]<\/a><\/p>\n<\/div>","protected":false},"author":1,"featured_media":59619,"comment_status":"open","ping_status":"open","sticky":false,"template":"template-full.php","format":"image","meta":{"_cbd_carousel_blocks":"[]","footnotes":""},"categories":[16,287,4306,231,46],"tags":[6292,6075,6295,6291,6290,4349,6294,6293,19,2678],"class_list":{"0":"post-59618","1":"post","2":"type-post","3":"status-publish","4":"format-image","5":"has-post-thumbnail","7":"category-aktuell","8":"category-jugend-und-familie","9":"category-ratgeber","10":"category-veranstaltungsnews","11":"category-verbaende","12":"tag-buecherherbst-schoenes-zum-lesen-fuer-frauen","13":"tag-09-10-2018","14":"tag-buchhaendlerin","15":"tag-evangelischen-haus","16":"tag-frauenfruehstueck","17":"tag-jubilaeum","18":"tag-kerstin-fielk","19":"tag-martin-luther-saal","20":"tag-schwabach","21":"tag-wittelsbacherstrasse","22":"post_format-post-format-image"},"_links":{"self":[{"href":"https:\/\/www.region-schwabach.de\/wordpress\/wp-json\/wp\/v2\/posts\/59618","targetHints":{"allow":["GET"]}}],"collection":[{"href":"https:\/\/www.region-schwabach.de\/wordpress\/wp-json\/wp\/v2\/posts"}],"about":[{"href":"https:\/\/www.region-schwabach.de\/wordpress\/wp-json\/wp\/v2\/types\/post"}],"author":[{"embeddable":true,"href":"https:\/\/www.region-schwabach.de\/wordpress\/wp-json\/wp\/v2\/users\/1"}],"replies":[{"embeddable":true,"href":"https:\/\/www.region-schwabach.de\/wordpress\/wp-json\/wp\/v2\/comments?post=59618"}],"version-history":[{"count":0,"href":"https:\/\/www.region-schwabach.de\/wordpress\/wp-json\/wp\/v2\/posts\/59618\/revisions"}],"wp:featuredmedia":[{"embeddable":true,"href":"https:\/\/www.region-schwabach.de\/wordpress\/wp-json\/wp\/v2\/media\/59619"}],"wp:attachment":[{"href":"https:\/\/www.region-schwabach.de\/wordpress\/wp-json\/wp\/v2\/media?parent=59618"}],"wp:term":[{"taxonomy":"category","embeddable":true,"href":"https:\/\/www.region-schwabach.de\/wordpress\/wp-json\/wp\/v2\/categories?post=59618"},{"taxonomy":"post_tag","embeddable":true,"href":"https:\/\/www.region-schwabach.de\/wordpress\/wp-json\/wp\/v2\/tags?post=59618"}],"curies":[{"name":"wp","href":"https:\/\/api.w.org\/{rel}","templated":true}]}}