{"id":59628,"date":"2018-10-14T00:05:04","date_gmt":"2018-10-13T22:05:04","guid":{"rendered":"http:\/\/www.region-schwabach.de\/wordpress\/?p=59628"},"modified":"2018-10-24T22:46:21","modified_gmt":"2018-10-24T20:46:21","slug":"stadtrundgaenge-lustvolles-schwabach-und-ab-ins-kellerlabyrinth","status":"publish","type":"post","link":"https:\/\/www.region-schwabach.de\/wordpress\/stadtrundgaenge-lustvolles-schwabach-und-ab-ins-kellerlabyrinth\/","title":{"rendered":"Stadtrundg\u00e4nge: \u201eLustvolles Schwabach\u201c und \u201eAb ins Kellerlabyrinth\u201c"},"content":{"rendered":"\t\t<div data-elementor-type=\"wp-post\" data-elementor-id=\"59628\" class=\"elementor elementor-59628 elementor-bc-flex-widget\">\n\t\t\t\t\t\t<section class=\"elementor-section elementor-top-section elementor-element elementor-element-678181b elementor-section-boxed elementor-section-height-default elementor-section-height-default\" data-id=\"678181b\" data-element_type=\"section\">\n\t\t\t\t\t\t<div class=\"elementor-container elementor-column-gap-default\">\n\t\t\t\t\t<div class=\"elementor-column elementor-col-66 elementor-top-column elementor-element elementor-element-6b34026\" data-id=\"6b34026\" data-element_type=\"column\">\n\t\t\t<div class=\"elementor-widget-wrap elementor-element-populated\">\n\t\t\t\t\t\t<div class=\"elementor-element elementor-element-443ab98 elementor-widget elementor-widget-text-editor\" data-id=\"443ab98\" data-element_type=\"widget\" data-widget_type=\"text-editor.default\">\n\t\t\t\t<div class=\"elementor-widget-container\">\n\t\t\t\t\t\t\t<h3 class=\"entry-title\">\u201eAb ins Kellerlabyrinth\u201c<\/h3><p>Schwabach &#8211; Das Tourismus-B\u00fcro bietet am Samstag, den 13.Oktober 2018, den Rundgang \u201eDas Kellerlabyrinth am Pinzenberg\u201c das letzte Mal in diesem Jahr an. Der Keller liegt\u00a0 zwischen f\u00fcnf und zehn Meter tief unter der Erde und ist Teil eines kilometerlangen Gangsystems, das den Pinzenberg durchzieht. Konstant 8 Grad werden in den Kellern gemessen, so dass sie in fr\u00fcheren Zeiten haupts\u00e4chlich zum Lagern von Bier genutzt wurden.\u00a0Treffpunkt f\u00fcr den 90 min\u00fctigen Rundgang ist um 16.00 Uhr am Rathaus.<\/p><h3 class=\"entry-title\">\u201eLustvolles Schwabach\u201c<\/h3><p>Am Sonntag, 14. Oktober, l\u00e4dt das Tourismusb\u00fcro mit der Stadtheimatpflegerin Ursula Kaiser-Biburger zum lustvollen Spaziergang durch die Geschichte der Goldschl\u00e4gerstadt ein. Damit soll einmal eine andere Seite des allt\u00e4glichen Lebens vermittelt und Erinnerungen an das mittelalterliche Frauenhaus, an Nellys Nachtklub oder an die Weinbar \u201ezur blauen Traube\u201c geweckt werden. Gerade in Krisenzeiten wirkte die Liebe wie ein Elixier f\u00fcr die Menschen. Selbst in der grausamen Zeit des 30-j\u00e4hrigen Krieges, wie es schon Anna Wolf beschrieb, wurde geliebt und mehrfach in der Woche geheiratet, obwohl es nichts f\u00fcr eine Feier gab. Und wie war es nach dem Zweiten Weltkrieg? Sowohl diesen Zeiten als auch den Liebes- und Heiratsbr\u00e4uchen vergangener Jahrhunderte, die in Vergessenheit gerieten, soll dabei nachgesp\u00fcrt werden.\u00a0Auch hier ist der Treffpunkt am Rathaus, allerdings um 14.00 Uhr.<\/p><p>F\u00fcr beide F\u00fchrungen ist keine vorherige Anmeldung erforderlich.<\/p><p><strong>Fotos (Stadt Schwabach)<\/strong><\/p><ul><li>In der Bachgasse an der Schwabach befand sich die Weinbar \u201eBlaue Traube\u201c<\/li><li>Direkt an der Schwabach befand sich die M\u00fchle der Anna Wolf<\/li><\/ul><h3>Weiterf\u00fchrende Links:<\/h3><p><a href=\"https:\/\/www.schwabach.de\/de\/schwabach-erleben\/tourismus\/en\/5726-angebote-fuer-einzelreisende-2.html\" target=\"_blank\" rel=\"noopener\">Zu den F\u00fchrungen f\u00fcr Einzelpersonen geht es hier \u2026<\/a><\/p><p><a href=\"https:\/\/www.schwabach.de\/de\/schwabach-erleben\/tourismus\/en\/6077-angebote-fuer-gruppen-2.html\" target=\"_blank\" rel=\"noopener\">Infos zu F\u00fchrungen f\u00fcr Gruppen gibt\u2019s hier \u2026<\/a><\/p>\t\t\t\t\t\t<\/div>\n\t\t\t\t<\/div>\n\t\t\t\t<div class=\"elementor-element elementor-element-913e5e1 elementor-widget-divider--view-line elementor-widget elementor-widget-divider\" data-id=\"913e5e1\" data-element_type=\"widget\" data-widget_type=\"divider.default\">\n\t\t\t\t<div class=\"elementor-widget-container\">\n\t\t\t\t\t<div class=\"elementor-divider\">\n\t\t\t<span class=\"elementor-divider-separator\">\n\t\t\t\t\t\t<\/span>\n\t\t<\/div>\n\t\t\t\t<\/div>\n\t\t\t\t<\/div>\n\t\t\t\t<div class=\"elementor-element elementor-element-28ae44d elementor-widget elementor-widget-google_maps\" data-id=\"28ae44d\" data-element_type=\"widget\" data-widget_type=\"google_maps.default\">\n\t\t\t\t<div class=\"elementor-widget-container\">\n\t\t\t\t\t<div class=\"elementor-custom-embed\">\n\t\t\t<iframe loading=\"lazy\"\n\t\t\t\t\tsrc=\"https:\/\/maps.google.com\/maps?q=K%C3%B6nigsplatz%201%2C%20Schwabach%2C%20Deutschland&#038;t=m&#038;z=18&#038;output=embed&#038;iwloc=near\"\n\t\t\t\t\ttitle=\"K\u00f6nigsplatz 1, Schwabach, Deutschland\"\n\t\t\t\t\taria-label=\"K\u00f6nigsplatz 1, Schwabach, Deutschland\"\n\t\t\t><\/iframe>\n\t\t<\/div>\n\t\t\t\t<\/div>\n\t\t\t\t<\/div>\n\t\t\t\t\t<\/div>\n\t\t<\/div>\n\t\t\t\t<div class=\"elementor-column elementor-col-33 elementor-top-column elementor-element elementor-element-f645137\" data-id=\"f645137\" data-element_type=\"column\">\n\t\t\t<div class=\"elementor-widget-wrap\">\n\t\t\t\t\t\t\t<\/div>\n\t\t<\/div>\n\t\t\t\t\t<\/div>\n\t\t<\/section>\n\t\t\t\t<section class=\"elementor-section elementor-top-section elementor-element elementor-element-e366afc elementor-section-boxed elementor-section-height-default elementor-section-height-default\" data-id=\"e366afc\" data-element_type=\"section\">\n\t\t\t\t\t\t<div class=\"elementor-container elementor-column-gap-default\">\n\t\t\t\t\t<div class=\"elementor-column elementor-col-50 elementor-top-column elementor-element elementor-element-f2aec69\" data-id=\"f2aec69\" data-element_type=\"column\">\n\t\t\t<div class=\"elementor-widget-wrap elementor-element-populated\">\n\t\t\t\t\t\t<div class=\"elementor-element elementor-element-fed0ade elementor-widget elementor-widget-image\" data-id=\"fed0ade\" data-element_type=\"widget\" data-widget_type=\"image.default\">\n\t\t\t\t<div class=\"elementor-widget-container\">\n\t\t\t\t\t\t\t\t\t\t<figure class=\"wp-caption\">\n\t\t\t\t\t\t\t\t\t\t<img fetchpriority=\"high\" decoding=\"async\" width=\"960\" height=\"672\" src=\"https:\/\/www.region-schwabach.de\/wordpress\/wp-content\/uploads\/2018\/10\/PM49_blaueTraube-e1539018867369.jpg\" class=\"attachment-full size-full wp-image-59629\" alt=\"\" \/>\t\t\t\t\t\t\t\t\t\t\t<figcaption class=\"widget-image-caption wp-caption-text\">In der Bachgasse an der Schwabach befand sich die Weinbar \u201eBlaue Traube\u201c<\/figcaption>\n\t\t\t\t\t\t\t\t\t\t<\/figure>\n\t\t\t\t\t\t\t<\/div>\n\t\t\t\t<\/div>\n\t\t\t\t\t<\/div>\n\t\t<\/div>\n\t\t\t\t<div class=\"elementor-column elementor-col-50 elementor-top-column elementor-element elementor-element-3560ce4\" data-id=\"3560ce4\" data-element_type=\"column\">\n\t\t\t<div class=\"elementor-widget-wrap elementor-element-populated\">\n\t\t\t\t\t\t<div class=\"elementor-element elementor-element-8dc7d44 elementor-widget elementor-widget-image\" data-id=\"8dc7d44\" data-element_type=\"widget\" data-widget_type=\"image.default\">\n\t\t\t\t<div class=\"elementor-widget-container\">\n\t\t\t\t\t\t\t\t\t\t<figure class=\"wp-caption\">\n\t\t\t\t\t\t\t\t\t\t\t<a href=\"http:\/\/www.region-schwabach.de\/wordpress\/wp-content\/uploads\/2018\/10\/PM126_M\u00fchle_Anna_Wolf-e1539020043662.jpg\" data-elementor-open-lightbox=\"yes\" data-elementor-lightbox-title=\"PM126_M\u00fchle_Anna_Wolf\" data-e-action-hash=\"#elementor-action%3Aaction%3Dlightbox%26settings%3DeyJpZCI6NTk2MzIsInVybCI6Imh0dHBzOlwvXC93d3cucmVnaW9uLXNjaHdhYmFjaC5kZVwvd29yZHByZXNzXC93cC1jb250ZW50XC91cGxvYWRzXC8yMDE4XC8xMFwvUE0xMjZfTVx1MDBmY2hsZV9Bbm5hX1dvbGYtZTE1MzkwMjAwNDM2NjIuanBnIn0%3D\">\n\t\t\t\t\t\t\t<img decoding=\"async\" width=\"960\" height=\"720\" src=\"https:\/\/www.region-schwabach.de\/wordpress\/wp-content\/uploads\/2018\/10\/PM126_M\u00fchle_Anna_Wolf-e1539020043662.jpg\" class=\"attachment-full size-full wp-image-59632\" alt=\"\" \/>\t\t\t\t\t\t\t\t<\/a>\n\t\t\t\t\t\t\t\t\t\t\t<figcaption class=\"widget-image-caption wp-caption-text\">Direkt an der Schwabach befand sich die M\u00fchle der Anna Wolf<\/figcaption>\n\t\t\t\t\t\t\t\t\t\t<\/figure>\n\t\t\t\t\t\t\t<\/div>\n\t\t\t\t<\/div>\n\t\t\t\t\t<\/div>\n\t\t<\/div>\n\t\t\t\t\t<\/div>\n\t\t<\/section>\n\t\t\t\t<\/div>\n\t\t","protected":false},"excerpt":{"rendered":"<div class=\"mh-excerpt\"><p>\u201eAb ins Kellerlabyrinth\u201c Schwabach &#8211; Das Tourismus-B\u00fcro bietet am Samstag, den 13.Oktober 2018, den Rundgang \u201eDas Kellerlabyrinth am Pinzenberg\u201c das letzte Mal in diesem Jahr an. Der Keller liegt\u00a0 zwischen f\u00fcnf und zehn Meter tief <a class=\"mh-excerpt-more\" href=\"https:\/\/www.region-schwabach.de\/wordpress\/stadtrundgaenge-lustvolles-schwabach-und-ab-ins-kellerlabyrinth\/\" title=\"Stadtrundg\u00e4nge: \u201eLustvolles Schwabach\u201c und \u201eAb ins Kellerlabyrinth\u201c\">[&#8230;]<\/a><\/p>\n<\/div>","protected":false},"author":1,"featured_media":59629,"comment_status":"open","ping_status":"open","sticky":false,"template":"","format":"standard","meta":{"_cbd_carousel_blocks":"[]","footnotes":""},"categories":[16,287,61,231],"tags":[6299,6298,6138,5903,343,6296,6300,1480,19,5526,6297,6301],"class_list":{"0":"post-59628","1":"post","2":"type-post","3":"status-publish","4":"format-standard","5":"has-post-thumbnail","7":"category-aktuell","8":"category-jugend-und-familie","9":"category-rathaus","10":"category-veranstaltungsnews","11":"tag-ab-ins-kellerlabyrinth","12":"tag-lustvolles-schwabach","13":"tag-13-10-2018","14":"tag-14-10-2018","15":"tag-bachgasse","16":"tag-das-kellerlabyrinth-am-pinzenberg","17":"tag-muehle-der-anna-wolf","18":"tag-rathaus","19":"tag-schwabach","20":"tag-stadtrundgaenge","21":"tag-tourismus-buero","22":"tag-weinbar-blaue-traube"},"_links":{"self":[{"href":"https:\/\/www.region-schwabach.de\/wordpress\/wp-json\/wp\/v2\/posts\/59628","targetHints":{"allow":["GET"]}}],"collection":[{"href":"https:\/\/www.region-schwabach.de\/wordpress\/wp-json\/wp\/v2\/posts"}],"about":[{"href":"https:\/\/www.region-schwabach.de\/wordpress\/wp-json\/wp\/v2\/types\/post"}],"author":[{"embeddable":true,"href":"https:\/\/www.region-schwabach.de\/wordpress\/wp-json\/wp\/v2\/users\/1"}],"replies":[{"embeddable":true,"href":"https:\/\/www.region-schwabach.de\/wordpress\/wp-json\/wp\/v2\/comments?post=59628"}],"version-history":[{"count":0,"href":"https:\/\/www.region-schwabach.de\/wordpress\/wp-json\/wp\/v2\/posts\/59628\/revisions"}],"wp:featuredmedia":[{"embeddable":true,"href":"https:\/\/www.region-schwabach.de\/wordpress\/wp-json\/wp\/v2\/media\/59629"}],"wp:attachment":[{"href":"https:\/\/www.region-schwabach.de\/wordpress\/wp-json\/wp\/v2\/media?parent=59628"}],"wp:term":[{"taxonomy":"category","embeddable":true,"href":"https:\/\/www.region-schwabach.de\/wordpress\/wp-json\/wp\/v2\/categories?post=59628"},{"taxonomy":"post_tag","embeddable":true,"href":"https:\/\/www.region-schwabach.de\/wordpress\/wp-json\/wp\/v2\/tags?post=59628"}],"curies":[{"name":"wp","href":"https:\/\/api.w.org\/{rel}","templated":true}]}}