{"id":59662,"date":"2018-10-09T09:59:43","date_gmt":"2018-10-09T07:59:43","guid":{"rendered":"http:\/\/www.region-schwabach.de\/wordpress\/?p=59662"},"modified":"2018-10-24T23:28:58","modified_gmt":"2018-10-24T21:28:58","slug":"folgenschwerer-wildunfall-bei-rohr","status":"publish","type":"post","link":"https:\/\/www.region-schwabach.de\/wordpress\/folgenschwerer-wildunfall-bei-rohr\/","title":{"rendered":"Folgenschwerer Wildunfall bei Rohr"},"content":{"rendered":"\t\t<div data-elementor-type=\"wp-post\" data-elementor-id=\"59662\" class=\"elementor elementor-59662 elementor-bc-flex-widget\">\n\t\t\t\t\t\t<section class=\"elementor-section elementor-top-section elementor-element elementor-element-1cuv9jr elementor-section-boxed elementor-section-height-default elementor-section-height-default\" data-id=\"1cuv9jr\" data-element_type=\"section\">\n\t\t\t\t\t\t<div class=\"elementor-container elementor-column-gap-default\">\n\t\t\t\t\t<div class=\"elementor-column elementor-col-66 elementor-top-column elementor-element elementor-element-q5zak7b\" data-id=\"q5zak7b\" data-element_type=\"column\">\n\t\t\t<div class=\"elementor-widget-wrap elementor-element-populated\">\n\t\t\t\t\t\t<div class=\"elementor-element elementor-element-763ecdd elementor-widget elementor-widget-text-editor\" data-id=\"763ecdd\" data-element_type=\"widget\" data-widget_type=\"text-editor.default\">\n\t\t\t\t<div class=\"elementor-widget-container\">\n\t\t\t\t\t\t\t<h3 class=\"story-headline\">Wildunfall zwischen Rohr und Gaulnhofen<\/h3><p>Schwabach &#8211; Am Montag kam es in den fr\u00fchen Morgenstunden auf der Verbindungsstra\u00dfe zwischen Rohr und Gaulnhofen zu einem folgenschweren Unfall, als eine 26-j\u00e4hrige PKW-Fahrerin in Richtung Rohr unterwegs war, und pl\u00f6tzlich ein Reh von rechts auf die Fahrbahn sprang.<\/p><h3>Ausweichman\u00f6ver endet im Stra\u00dfengraben<\/h3><p>Bei dem folgenden Bremsman\u00f6ver verriss die Fahrerin das Lenkrad, um dem Reh auszuweichen, geriet dabei in den Stra\u00dfengraben, und zerst\u00f6rte einen Leitpfosten. Durch die Wucht des Aufpralls im Stra\u00dfengraben drehte sich das Fahrzeug um fast 180<sup>o\u00a0<\/sup>, und wurde im Frontbereich stark besch\u00e4digt. Gl\u00fccklicherweise wurden aber weder die junge Frau, noch das Reh verletzt, allerdings entstand an dem PKW ein Schaden in H\u00f6he von ca. 5.000 Euro.<\/p>\t\t\t\t\t\t<\/div>\n\t\t\t\t<\/div>\n\t\t\t\t<div class=\"elementor-element elementor-element-ace1283 elementor-widget-divider--view-line elementor-widget elementor-widget-divider\" data-id=\"ace1283\" data-element_type=\"widget\" data-widget_type=\"divider.default\">\n\t\t\t\t<div class=\"elementor-widget-container\">\n\t\t\t\t\t<div class=\"elementor-divider\">\n\t\t\t<span class=\"elementor-divider-separator\">\n\t\t\t\t\t\t<\/span>\n\t\t<\/div>\n\t\t\t\t<\/div>\n\t\t\t\t<\/div>\n\t\t\t\t<div class=\"elementor-element elementor-element-1l7zbzo elementor-widget elementor-widget-google_maps\" data-id=\"1l7zbzo\" data-element_type=\"widget\" data-widget_type=\"google_maps.default\">\n\t\t\t\t<div class=\"elementor-widget-container\">\n\t\t\t\t\t<div class=\"elementor-custom-embed\">\n\t\t\t<iframe loading=\"lazy\"\n\t\t\t\t\tsrc=\"https:\/\/maps.google.com\/maps?q=49.332103%2C%2010.885556&#038;t=m&#038;z=14&#038;output=embed&#038;iwloc=near\"\n\t\t\t\t\ttitle=\"49.332103, 10.885556\"\n\t\t\t\t\taria-label=\"49.332103, 10.885556\"\n\t\t\t><\/iframe>\n\t\t<\/div>\n\t\t\t\t<\/div>\n\t\t\t\t<\/div>\n\t\t\t\t\t<\/div>\n\t\t<\/div>\n\t\t\t\t<div class=\"elementor-column elementor-col-33 elementor-top-column elementor-element elementor-element-0w0urt1\" data-id=\"0w0urt1\" data-element_type=\"column\">\n\t\t\t<div class=\"elementor-widget-wrap\">\n\t\t\t\t\t\t\t<\/div>\n\t\t<\/div>\n\t\t\t\t\t<\/div>\n\t\t<\/section>\n\t\t\t\t<\/div>\n\t\t","protected":false},"excerpt":{"rendered":"<div class=\"mh-excerpt\"><p>Wildunfall zwischen Rohr und Gaulnhofen Schwabach &#8211; Am Montag kam es in den fr\u00fchen Morgenstunden auf der Verbindungsstra\u00dfe zwischen Rohr und Gaulnhofen zu einem folgenschweren Unfall, als eine 26-j\u00e4hrige PKW-Fahrerin in Richtung Rohr unterwegs war, <a class=\"mh-excerpt-more\" href=\"https:\/\/www.region-schwabach.de\/wordpress\/folgenschwerer-wildunfall-bei-rohr\/\" title=\"Folgenschwerer Wildunfall bei Rohr\">[&#8230;]<\/a><\/p>\n<\/div>","protected":false},"author":1,"featured_media":59663,"comment_status":"open","ping_status":"open","sticky":false,"template":"","format":"standard","meta":{"_cbd_carousel_blocks":"[]","footnotes":""},"categories":[15],"tags":[6134,5771,463,981,2138,329,401,713,19,871,1661],"class_list":{"0":"post-59662","1":"post","2":"type-post","3":"status-publish","4":"format-standard","5":"has-post-thumbnail","7":"category-polizeimeldungen","8":"tag-08-10-2018","9":"tag-gaulnhofen","10":"tag-pkw","11":"tag-polizei","12":"tag-reh","13":"tag-rohr","14":"tag-sachschaden","15":"tag-schaden","16":"tag-schwabach","17":"tag-verbindungsstrasse","18":"tag-wildunfall"},"_links":{"self":[{"href":"https:\/\/www.region-schwabach.de\/wordpress\/wp-json\/wp\/v2\/posts\/59662","targetHints":{"allow":["GET"]}}],"collection":[{"href":"https:\/\/www.region-schwabach.de\/wordpress\/wp-json\/wp\/v2\/posts"}],"about":[{"href":"https:\/\/www.region-schwabach.de\/wordpress\/wp-json\/wp\/v2\/types\/post"}],"author":[{"embeddable":true,"href":"https:\/\/www.region-schwabach.de\/wordpress\/wp-json\/wp\/v2\/users\/1"}],"replies":[{"embeddable":true,"href":"https:\/\/www.region-schwabach.de\/wordpress\/wp-json\/wp\/v2\/comments?post=59662"}],"version-history":[{"count":0,"href":"https:\/\/www.region-schwabach.de\/wordpress\/wp-json\/wp\/v2\/posts\/59662\/revisions"}],"wp:featuredmedia":[{"embeddable":true,"href":"https:\/\/www.region-schwabach.de\/wordpress\/wp-json\/wp\/v2\/media\/59663"}],"wp:attachment":[{"href":"https:\/\/www.region-schwabach.de\/wordpress\/wp-json\/wp\/v2\/media?parent=59662"}],"wp:term":[{"taxonomy":"category","embeddable":true,"href":"https:\/\/www.region-schwabach.de\/wordpress\/wp-json\/wp\/v2\/categories?post=59662"},{"taxonomy":"post_tag","embeddable":true,"href":"https:\/\/www.region-schwabach.de\/wordpress\/wp-json\/wp\/v2\/tags?post=59662"}],"curies":[{"name":"wp","href":"https:\/\/api.w.org\/{rel}","templated":true}]}}