{"id":59671,"date":"2018-10-09T10:33:59","date_gmt":"2018-10-09T08:33:59","guid":{"rendered":"http:\/\/www.region-schwabach.de\/wordpress\/?p=59671"},"modified":"2018-10-24T23:28:13","modified_gmt":"2018-10-24T21:28:13","slug":"verkehrsunfall-mit-verletztem-radfahrer-in-schwabach","status":"publish","type":"post","link":"https:\/\/www.region-schwabach.de\/wordpress\/verkehrsunfall-mit-verletztem-radfahrer-in-schwabach\/","title":{"rendered":"Verkehrsunfall mit verletztem Radfahrer in Schwabach"},"content":{"rendered":"\t\t<div data-elementor-type=\"wp-post\" data-elementor-id=\"59671\" class=\"elementor elementor-59671 elementor-bc-flex-widget\">\n\t\t\t\t\t\t<section class=\"elementor-section elementor-top-section elementor-element elementor-element-1cuv9jr elementor-section-boxed elementor-section-height-default elementor-section-height-default\" data-id=\"1cuv9jr\" data-element_type=\"section\">\n\t\t\t\t\t\t<div class=\"elementor-container elementor-column-gap-default\">\n\t\t\t\t\t<div class=\"elementor-column elementor-col-66 elementor-top-column elementor-element elementor-element-q5zak7b\" data-id=\"q5zak7b\" data-element_type=\"column\">\n\t\t\t<div class=\"elementor-widget-wrap elementor-element-populated\">\n\t\t\t\t\t\t<div class=\"elementor-element elementor-element-763ecdd elementor-widget elementor-widget-text-editor\" data-id=\"763ecdd\" data-element_type=\"widget\" data-widget_type=\"text-editor.default\">\n\t\t\t\t<div class=\"elementor-widget-container\">\n\t\t\t\t\t\t\t<h3 class=\"story-headline\"><strong>Verkehrsunfall mit verletztem Radfahrer<\/strong><\/h3><p>Schwabach &#8211; Am Montagmittag, den 08.10.18, kam es in der Bahnhofstra\u00dfe an der Einm\u00fcndung in die Ludwigstra\u00dfe zu einer Kollision zwischen einem Pkw und einer Radfahrerin.<\/p><h3>48-j\u00e4hrige PKW-Fahrerin \u00fcbersieht Radfahrerin<\/h3><p>Die 48-j\u00e4hrige PKW-Fahrerin war dabei auf der Ludwigstra\u00dfe in Richtung Bahnhofstra\u00dfe unterwegs, als sie nach links in die Penzendorfer Stra\u00dfe abbiegen wollte, dabei aber die auf dem Radweg fahrende 34-j\u00e4hrige Fahrradfahrerin \u00fcbersah, welche die Bahnhofstra\u00dfe stadteinw\u00e4rts fuhr, und gerade die Einm\u00fcndung Penzendorfer Stra\u00dfe \u00fcberqueren wollte.<\/p><h3>Fahrradfahrerin erleidet\u00a0Ellenbogenfraktur<\/h3><p>Bei dem anschlie\u00dfendenSturz zog sich die Radfahrerin eine Ellenbogenfraktur zu, und mu\u00dfte vom Rettungsdienst ins Krankenhaus gebracht werden. An den beiden beteiligten Fahrzeugen entstand ein Gesamtsachschaden in H\u00f6he von ca. 1.000 Euro.<\/p>\t\t\t\t\t\t<\/div>\n\t\t\t\t<\/div>\n\t\t\t\t<div class=\"elementor-element elementor-element-ace1283 elementor-widget-divider--view-line elementor-widget elementor-widget-divider\" data-id=\"ace1283\" data-element_type=\"widget\" data-widget_type=\"divider.default\">\n\t\t\t\t<div class=\"elementor-widget-container\">\n\t\t\t\t\t<div class=\"elementor-divider\">\n\t\t\t<span class=\"elementor-divider-separator\">\n\t\t\t\t\t\t<\/span>\n\t\t<\/div>\n\t\t\t\t<\/div>\n\t\t\t\t<\/div>\n\t\t\t\t<div class=\"elementor-element elementor-element-1l7zbzo elementor-widget elementor-widget-google_maps\" data-id=\"1l7zbzo\" data-element_type=\"widget\" data-widget_type=\"google_maps.default\">\n\t\t\t\t<div class=\"elementor-widget-container\">\n\t\t\t\t\t<div class=\"elementor-custom-embed\">\n\t\t\t<iframe loading=\"lazy\"\n\t\t\t\t\tsrc=\"https:\/\/maps.google.com\/maps?q=49.328696%2C%2011.026676&#038;t=m&#038;z=16&#038;output=embed&#038;iwloc=near\"\n\t\t\t\t\ttitle=\"49.328696, 11.026676\"\n\t\t\t\t\taria-label=\"49.328696, 11.026676\"\n\t\t\t><\/iframe>\n\t\t<\/div>\n\t\t\t\t<\/div>\n\t\t\t\t<\/div>\n\t\t\t\t\t<\/div>\n\t\t<\/div>\n\t\t\t\t<div class=\"elementor-column elementor-col-33 elementor-top-column elementor-element elementor-element-0w0urt1\" data-id=\"0w0urt1\" data-element_type=\"column\">\n\t\t\t<div class=\"elementor-widget-wrap\">\n\t\t\t\t\t\t\t<\/div>\n\t\t<\/div>\n\t\t\t\t\t<\/div>\n\t\t<\/section>\n\t\t\t\t<\/div>\n\t\t","protected":false},"excerpt":{"rendered":"<div class=\"mh-excerpt\"><p>Verkehrsunfall mit verletztem Radfahrer Schwabach &#8211; Am Montagmittag, den 08.10.18, kam es in der Bahnhofstra\u00dfe an der Einm\u00fcndung in die Ludwigstra\u00dfe zu einer Kollision zwischen einem Pkw und einer Radfahrerin. 48-j\u00e4hrige PKW-Fahrerin \u00fcbersieht Radfahrerin Die <a class=\"mh-excerpt-more\" href=\"https:\/\/www.region-schwabach.de\/wordpress\/verkehrsunfall-mit-verletztem-radfahrer-in-schwabach\/\" title=\"Verkehrsunfall mit verletztem Radfahrer in Schwabach\">[&#8230;]<\/a><\/p>\n<\/div>","protected":false},"author":1,"featured_media":59672,"comment_status":"open","ping_status":"open","sticky":false,"template":"","format":"standard","meta":{"_cbd_carousel_blocks":"[]","footnotes":""},"categories":[15],"tags":[6134,398,6324,643,1856,1375,2029,463,981,401,713,19,875,334],"class_list":{"0":"post-59671","1":"post","2":"type-post","3":"status-publish","4":"format-standard","5":"has-post-thumbnail","7":"category-polizeimeldungen","8":"tag-08-10-2018","9":"tag-bahnhofstrasse","10":"tag-ellenbogenfraktur","11":"tag-fahrrad","12":"tag-krankenhaus","13":"tag-leicht-verletzt","14":"tag-ludwigstrasse","15":"tag-pkw","16":"tag-polizei","17":"tag-sachschaden","18":"tag-schaden","19":"tag-schwabach","20":"tag-sturz","21":"tag-unfall"},"_links":{"self":[{"href":"https:\/\/www.region-schwabach.de\/wordpress\/wp-json\/wp\/v2\/posts\/59671","targetHints":{"allow":["GET"]}}],"collection":[{"href":"https:\/\/www.region-schwabach.de\/wordpress\/wp-json\/wp\/v2\/posts"}],"about":[{"href":"https:\/\/www.region-schwabach.de\/wordpress\/wp-json\/wp\/v2\/types\/post"}],"author":[{"embeddable":true,"href":"https:\/\/www.region-schwabach.de\/wordpress\/wp-json\/wp\/v2\/users\/1"}],"replies":[{"embeddable":true,"href":"https:\/\/www.region-schwabach.de\/wordpress\/wp-json\/wp\/v2\/comments?post=59671"}],"version-history":[{"count":0,"href":"https:\/\/www.region-schwabach.de\/wordpress\/wp-json\/wp\/v2\/posts\/59671\/revisions"}],"wp:featuredmedia":[{"embeddable":true,"href":"https:\/\/www.region-schwabach.de\/wordpress\/wp-json\/wp\/v2\/media\/59672"}],"wp:attachment":[{"href":"https:\/\/www.region-schwabach.de\/wordpress\/wp-json\/wp\/v2\/media?parent=59671"}],"wp:term":[{"taxonomy":"category","embeddable":true,"href":"https:\/\/www.region-schwabach.de\/wordpress\/wp-json\/wp\/v2\/categories?post=59671"},{"taxonomy":"post_tag","embeddable":true,"href":"https:\/\/www.region-schwabach.de\/wordpress\/wp-json\/wp\/v2\/tags?post=59671"}],"curies":[{"name":"wp","href":"https:\/\/api.w.org\/{rel}","templated":true}]}}