{"id":59676,"date":"2018-10-09T11:38:02","date_gmt":"2018-10-09T09:38:02","guid":{"rendered":"http:\/\/www.region-schwabach.de\/wordpress\/?p=59676"},"modified":"2018-10-24T23:27:46","modified_gmt":"2018-10-24T21:27:46","slug":"verkehrsunfall-nach-handynutzung-in-hilpoltstein","status":"publish","type":"post","link":"https:\/\/www.region-schwabach.de\/wordpress\/verkehrsunfall-nach-handynutzung-in-hilpoltstein\/","title":{"rendered":"Verkehrsunfall nach Handynutzung in Hilpoltstein"},"content":{"rendered":"\t\t<div data-elementor-type=\"wp-post\" data-elementor-id=\"59676\" class=\"elementor elementor-59676 elementor-bc-flex-widget\">\n\t\t\t\t\t\t<section class=\"elementor-section elementor-top-section elementor-element elementor-element-1cuv9jr elementor-section-boxed elementor-section-height-default elementor-section-height-default\" data-id=\"1cuv9jr\" data-element_type=\"section\">\n\t\t\t\t\t\t<div class=\"elementor-container elementor-column-gap-default\">\n\t\t\t\t\t<div class=\"elementor-column elementor-col-66 elementor-top-column elementor-element elementor-element-q5zak7b\" data-id=\"q5zak7b\" data-element_type=\"column\">\n\t\t\t<div class=\"elementor-widget-wrap elementor-element-populated\">\n\t\t\t\t\t\t<div class=\"elementor-element elementor-element-763ecdd elementor-widget elementor-widget-text-editor\" data-id=\"763ecdd\" data-element_type=\"widget\" data-widget_type=\"text-editor.default\">\n\t\t\t\t<div class=\"elementor-widget-container\">\n\t\t\t\t\t\t\t<h3 class=\"story-headline\"><strong>Verkehrsunfall mit hohem Sachschaden<\/strong><\/h3><p>Hilpoltstein- Am Montagmittag, den 08.10.18, war der 24-j\u00e4hrige Fahrer eines Kleintransporters auf dem Altstadtring in Richtung Rother Stra\u00dfe unterwegs, als er nach links in die Gegenfahrbahn geriet, und dort mit einem Pkw und einem dahinter fahrenden Kleintransporter kollidierte, wobei der Fahrer des Kleintransporters noch nach rechts auf den Gr\u00fcnstreifen ausweichen konnte.<\/p><h3>15.000 Euro Sachschaden<\/h3><p>Der Unfallverursacher gab an, eine Adresse in sein an der Frontscheibe befestigten Mobiltelefons eingegeben zu haben, und aufgrund dessen auf die Gegenfahrbahn geraten zu sein. Zwei der drei an dem Unfall beteiligten Fahrzeuge waren anschlie\u00dfend nicht mehr fahrbereit, beim dritten beteiligten Fahrzeug wurde lediglich der linke Au\u00dfenspiegel in Mitleidenschaft gezogen. Die H\u00f6he des Sachschadens bel\u00e4uft sich insgesamt auf ca. 15.000 Euro,verletzt wurde bei dem Unfall gl\u00fccklicherweise aber niemand.<\/p>\t\t\t\t\t\t<\/div>\n\t\t\t\t<\/div>\n\t\t\t\t<div class=\"elementor-element elementor-element-ace1283 elementor-widget-divider--view-line elementor-widget elementor-widget-divider\" data-id=\"ace1283\" data-element_type=\"widget\" data-widget_type=\"divider.default\">\n\t\t\t\t<div class=\"elementor-widget-container\">\n\t\t\t\t\t<div class=\"elementor-divider\">\n\t\t\t<span class=\"elementor-divider-separator\">\n\t\t\t\t\t\t<\/span>\n\t\t<\/div>\n\t\t\t\t<\/div>\n\t\t\t\t<\/div>\n\t\t\t\t<div class=\"elementor-element elementor-element-1l7zbzo elementor-widget elementor-widget-google_maps\" data-id=\"1l7zbzo\" data-element_type=\"widget\" data-widget_type=\"google_maps.default\">\n\t\t\t\t<div class=\"elementor-widget-container\">\n\t\t\t\t\t<div class=\"elementor-custom-embed\">\n\t\t\t<iframe loading=\"lazy\"\n\t\t\t\t\tsrc=\"https:\/\/maps.google.com\/maps?q=Altstadtring%2C%20Hilpoltstein%2C%20Deutschland&#038;t=m&#038;z=16&#038;output=embed&#038;iwloc=near\"\n\t\t\t\t\ttitle=\"Altstadtring, Hilpoltstein, Deutschland\"\n\t\t\t\t\taria-label=\"Altstadtring, Hilpoltstein, Deutschland\"\n\t\t\t><\/iframe>\n\t\t<\/div>\n\t\t\t\t<\/div>\n\t\t\t\t<\/div>\n\t\t\t\t\t<\/div>\n\t\t<\/div>\n\t\t\t\t<div class=\"elementor-column elementor-col-33 elementor-top-column elementor-element elementor-element-0w0urt1\" data-id=\"0w0urt1\" data-element_type=\"column\">\n\t\t\t<div class=\"elementor-widget-wrap\">\n\t\t\t\t\t\t\t<\/div>\n\t\t<\/div>\n\t\t\t\t\t<\/div>\n\t\t<\/section>\n\t\t\t\t<\/div>\n\t\t","protected":false},"excerpt":{"rendered":"<div class=\"mh-excerpt\"><p>Verkehrsunfall mit hohem Sachschaden Hilpoltstein- Am Montagmittag, den 08.10.18, war der 24-j\u00e4hrige Fahrer eines Kleintransporters auf dem Altstadtring in Richtung Rother Stra\u00dfe unterwegs, als er nach links in die Gegenfahrbahn geriet, und dort mit einem <a class=\"mh-excerpt-more\" href=\"https:\/\/www.region-schwabach.de\/wordpress\/verkehrsunfall-nach-handynutzung-in-hilpoltstein\/\" title=\"Verkehrsunfall nach Handynutzung in Hilpoltstein\">[&#8230;]<\/a><\/p>\n<\/div>","protected":false},"author":1,"featured_media":59677,"comment_status":"open","ping_status":"open","sticky":false,"template":"","format":"standard","meta":{"_cbd_carousel_blocks":"[]","footnotes":""},"categories":[15],"tags":[6134,589,1441,6325,297,549,463,981,170,401,713,334],"class_list":{"0":"post-59676","1":"post","2":"type-post","3":"status-publish","4":"format-standard","5":"has-post-thumbnail","7":"category-polizeimeldungen","8":"tag-08-10-2018","9":"tag-altstadtring","10":"tag-gegenfahrbahn","11":"tag-handynutzung","12":"tag-hilpoltstein","13":"tag-kleintransporter","14":"tag-pkw","15":"tag-polizei","16":"tag-rother-strasse","17":"tag-sachschaden","18":"tag-schaden","19":"tag-unfall"},"_links":{"self":[{"href":"https:\/\/www.region-schwabach.de\/wordpress\/wp-json\/wp\/v2\/posts\/59676","targetHints":{"allow":["GET"]}}],"collection":[{"href":"https:\/\/www.region-schwabach.de\/wordpress\/wp-json\/wp\/v2\/posts"}],"about":[{"href":"https:\/\/www.region-schwabach.de\/wordpress\/wp-json\/wp\/v2\/types\/post"}],"author":[{"embeddable":true,"href":"https:\/\/www.region-schwabach.de\/wordpress\/wp-json\/wp\/v2\/users\/1"}],"replies":[{"embeddable":true,"href":"https:\/\/www.region-schwabach.de\/wordpress\/wp-json\/wp\/v2\/comments?post=59676"}],"version-history":[{"count":0,"href":"https:\/\/www.region-schwabach.de\/wordpress\/wp-json\/wp\/v2\/posts\/59676\/revisions"}],"wp:featuredmedia":[{"embeddable":true,"href":"https:\/\/www.region-schwabach.de\/wordpress\/wp-json\/wp\/v2\/media\/59677"}],"wp:attachment":[{"href":"https:\/\/www.region-schwabach.de\/wordpress\/wp-json\/wp\/v2\/media?parent=59676"}],"wp:term":[{"taxonomy":"category","embeddable":true,"href":"https:\/\/www.region-schwabach.de\/wordpress\/wp-json\/wp\/v2\/categories?post=59676"},{"taxonomy":"post_tag","embeddable":true,"href":"https:\/\/www.region-schwabach.de\/wordpress\/wp-json\/wp\/v2\/tags?post=59676"}],"curies":[{"name":"wp","href":"https:\/\/api.w.org\/{rel}","templated":true}]}}