{"id":59721,"date":"2018-10-10T10:47:18","date_gmt":"2018-10-10T08:47:18","guid":{"rendered":"http:\/\/www.region-schwabach.de\/wordpress\/?p=59721"},"modified":"2018-10-24T23:07:54","modified_gmt":"2018-10-24T21:07:54","slug":"hochwertiger-pkw-in-thalmaessing-entwendet","status":"publish","type":"post","link":"https:\/\/www.region-schwabach.de\/wordpress\/hochwertiger-pkw-in-thalmaessing-entwendet\/","title":{"rendered":"Hochwertiger Pkw in Thalm\u00e4ssing entwendet"},"content":{"rendered":"\t\t<div data-elementor-type=\"wp-post\" data-elementor-id=\"59721\" class=\"elementor elementor-59721 elementor-bc-flex-widget\">\n\t\t\t\t\t\t<section class=\"elementor-section elementor-top-section elementor-element elementor-element-1cuv9jr elementor-section-boxed elementor-section-height-default elementor-section-height-default\" data-id=\"1cuv9jr\" data-element_type=\"section\">\n\t\t\t\t\t\t<div class=\"elementor-container elementor-column-gap-default\">\n\t\t\t\t\t<div class=\"elementor-column elementor-col-66 elementor-top-column elementor-element elementor-element-q5zak7b\" data-id=\"q5zak7b\" data-element_type=\"column\">\n\t\t\t<div class=\"elementor-widget-wrap elementor-element-populated\">\n\t\t\t\t\t\t<div class=\"elementor-element elementor-element-763ecdd elementor-widget elementor-widget-text-editor\" data-id=\"763ecdd\" data-element_type=\"widget\" data-widget_type=\"text-editor.default\">\n\t\t\t\t<div class=\"elementor-widget-container\">\n\t\t\t\t\t\t\t<h3 class=\"story-headline\">Hochwertiger Pkw in Thalm\u00e4ssing entwendet <br \/>Tatverd\u00e4chtiger in Tschechien festgenommen<\/h3><p>Hilpoltstein (ots) &#8211; In der Zeit zwischen Montagmorgen, den 08.10.2018, und Dienstagnachmittag, den 09.10.2018, hat ein bislang Unbekannter einen Am Herrenweiher in Heideck abgestellten Nissan auf der Beifahrerseite mutwillig verkratzt, und dabei einen Schaden in H\u00f6he von ca. 250 Euro verursacht.<\/p><p>In der Nacht von Sonntag auf Montag (07.\/08.10.2018) entwendete ein zun\u00e4chst unbekannter T\u00e4ter einen hochwertigen Mercedes in Thalm\u00e4ssing (Lkrs. Roth). Polizeibeamte nahmen den mutma\u00dflichen Dieb des Fahrzeugs zwischenzeitlich in Tschechien fest.<\/p><p>Der T\u00e4ter hatte den Mercedes (Modell GLE 350 d) im Zeitraum zwischen 22:00 Uhr (So) und 07:00 Uhr (Mo) von einem Privatgrundst\u00fcck in der Eckmannshofener Stra\u00dfe gestohlen. Durch \u00dcberwindung der Keyless-Go-Sicherung hatte er den hochwertigen SUV ge\u00f6ffnet und war anschlie\u00dfend vom Grundst\u00fcck des Besitzers gefahren.<\/p><p>Am gestrigen Tag (08.10.2018) wollten Polizeibeamte in Tschechien das Fahrzeug im Bereich der Gemeinde L\u00e4mberg (Bezirk B\u00f6hmisch Leipa) kontrollieren. Der Fahrer des Mercedes versuchte zwar zun\u00e4chst, sich dieser Kontrolle durch Flucht zu entziehen, verunfallte jedoch bei der anschlie\u00dfenden Verfolgungsfahrt und konnte von den Polizisten festgenommen werden. Bei der \u00dcberpr\u00fcfung des Kennzeichens stellten die Beamten fest, dass der Mercedes von der mittelfr\u00e4nkischen Polizei zur Fahndung ausgeschrieben worden war.<\/p><p>Das gestohlene Fahrzeug erlitt bei dem Unfall einen Totalschaden und ist nicht mehr fahrbereit. Bei dem festgenommenen Fahrer des gestohlenen SUV handelt es sich um einen 22-j\u00e4hrigen Mann.<\/p><p><strong>Michael Konrad \/gh<\/strong><\/p><p>Original-Content von Polizeipr\u00e4sidium Mittelfranken<\/p>\t\t\t\t\t\t<\/div>\n\t\t\t\t<\/div>\n\t\t\t\t<div class=\"elementor-element elementor-element-ace1283 elementor-widget-divider--view-line elementor-widget elementor-widget-divider\" data-id=\"ace1283\" data-element_type=\"widget\" data-widget_type=\"divider.default\">\n\t\t\t\t<div class=\"elementor-widget-container\">\n\t\t\t\t\t<div class=\"elementor-divider\">\n\t\t\t<span class=\"elementor-divider-separator\">\n\t\t\t\t\t\t<\/span>\n\t\t<\/div>\n\t\t\t\t<\/div>\n\t\t\t\t<\/div>\n\t\t\t\t<div class=\"elementor-element elementor-element-1l7zbzo elementor-widget elementor-widget-google_maps\" data-id=\"1l7zbzo\" data-element_type=\"widget\" data-widget_type=\"google_maps.default\">\n\t\t\t\t<div class=\"elementor-widget-container\">\n\t\t\t\t\t<div class=\"elementor-custom-embed\">\n\t\t\t<iframe loading=\"lazy\"\n\t\t\t\t\tsrc=\"https:\/\/maps.google.com\/maps?q=Eckmannshofener%20Stra%C3%9Fe%2C%20Thalm%C3%A4ssing%2C%20Deutschland&#038;t=m&#038;z=16&#038;output=embed&#038;iwloc=near\"\n\t\t\t\t\ttitle=\"Eckmannshofener Stra\u00dfe, Thalm\u00e4ssing, Deutschland\"\n\t\t\t\t\taria-label=\"Eckmannshofener Stra\u00dfe, Thalm\u00e4ssing, Deutschland\"\n\t\t\t><\/iframe>\n\t\t<\/div>\n\t\t\t\t<\/div>\n\t\t\t\t<\/div>\n\t\t\t\t\t<\/div>\n\t\t<\/div>\n\t\t\t\t<div class=\"elementor-column elementor-col-33 elementor-top-column elementor-element elementor-element-0w0urt1\" data-id=\"0w0urt1\" data-element_type=\"column\">\n\t\t\t<div class=\"elementor-widget-wrap\">\n\t\t\t\t\t\t\t<\/div>\n\t\t<\/div>\n\t\t\t\t\t<\/div>\n\t\t<\/section>\n\t\t\t\t<\/div>\n\t\t","protected":false},"excerpt":{"rendered":"<div class=\"mh-excerpt\"><p>Hochwertiger Pkw in Thalm\u00e4ssing entwendet Tatverd\u00e4chtiger in Tschechien festgenommen Hilpoltstein (ots) &#8211; In der Zeit zwischen Montagmorgen, den 08.10.2018, und Dienstagnachmittag, den 09.10.2018, hat ein bislang Unbekannter einen Am Herrenweiher in Heideck abgestellten Nissan auf <a class=\"mh-excerpt-more\" href=\"https:\/\/www.region-schwabach.de\/wordpress\/hochwertiger-pkw-in-thalmaessing-entwendet\/\" title=\"Hochwertiger Pkw in Thalm\u00e4ssing entwendet\">[&#8230;]<\/a><\/p>\n<\/div>","protected":false},"author":1,"featured_media":59722,"comment_status":"open","ping_status":"open","sticky":false,"template":"","format":"standard","meta":{"_cbd_carousel_blocks":"[]","footnotes":""},"categories":[15],"tags":[6023,6134,2608,297,250,6337,463,981,32,713,1789,1355],"class_list":{"0":"post-59721","1":"post","2":"type-post","3":"status-publish","4":"format-standard","5":"has-post-thumbnail","7":"category-polizeimeldungen","8":"tag-07-10-2018","9":"tag-08-10-2018","10":"tag-eckmannshofener-strasse","11":"tag-hilpoltstein","12":"tag-mercedes","13":"tag-modell-gle-350-d","14":"tag-pkw","15":"tag-polizei","16":"tag-roth","17":"tag-schaden","18":"tag-suv","19":"tag-thalmaessing"},"_links":{"self":[{"href":"https:\/\/www.region-schwabach.de\/wordpress\/wp-json\/wp\/v2\/posts\/59721","targetHints":{"allow":["GET"]}}],"collection":[{"href":"https:\/\/www.region-schwabach.de\/wordpress\/wp-json\/wp\/v2\/posts"}],"about":[{"href":"https:\/\/www.region-schwabach.de\/wordpress\/wp-json\/wp\/v2\/types\/post"}],"author":[{"embeddable":true,"href":"https:\/\/www.region-schwabach.de\/wordpress\/wp-json\/wp\/v2\/users\/1"}],"replies":[{"embeddable":true,"href":"https:\/\/www.region-schwabach.de\/wordpress\/wp-json\/wp\/v2\/comments?post=59721"}],"version-history":[{"count":0,"href":"https:\/\/www.region-schwabach.de\/wordpress\/wp-json\/wp\/v2\/posts\/59721\/revisions"}],"wp:featuredmedia":[{"embeddable":true,"href":"https:\/\/www.region-schwabach.de\/wordpress\/wp-json\/wp\/v2\/media\/59722"}],"wp:attachment":[{"href":"https:\/\/www.region-schwabach.de\/wordpress\/wp-json\/wp\/v2\/media?parent=59721"}],"wp:term":[{"taxonomy":"category","embeddable":true,"href":"https:\/\/www.region-schwabach.de\/wordpress\/wp-json\/wp\/v2\/categories?post=59721"},{"taxonomy":"post_tag","embeddable":true,"href":"https:\/\/www.region-schwabach.de\/wordpress\/wp-json\/wp\/v2\/tags?post=59721"}],"curies":[{"name":"wp","href":"https:\/\/api.w.org\/{rel}","templated":true}]}}