{"id":59779,"date":"2018-10-13T00:04:25","date_gmt":"2018-10-12T22:04:25","guid":{"rendered":"http:\/\/www.region-schwabach.de\/wordpress\/?p=59779"},"modified":"2018-10-24T22:52:57","modified_gmt":"2018-10-24T20:52:57","slug":"herbstlied-klavierkonzert-am-13-oktober-2018","status":"publish","type":"post","link":"https:\/\/www.region-schwabach.de\/wordpress\/herbstlied-klavierkonzert-am-13-oktober-2018\/","title":{"rendered":"Herbstlied &#8211; Klavierkonzert am 13. Oktober 2018"},"content":{"rendered":"\t\t<div data-elementor-type=\"wp-post\" data-elementor-id=\"59779\" class=\"elementor elementor-59779 elementor-bc-flex-widget\">\n\t\t\t\t\t\t<section class=\"elementor-section elementor-top-section elementor-element elementor-element-678181b elementor-section-boxed elementor-section-height-default elementor-section-height-default\" data-id=\"678181b\" data-element_type=\"section\">\n\t\t\t\t\t\t<div class=\"elementor-container elementor-column-gap-default\">\n\t\t\t\t\t<div class=\"elementor-column elementor-col-66 elementor-top-column elementor-element elementor-element-6b34026\" data-id=\"6b34026\" data-element_type=\"column\">\n\t\t\t<div class=\"elementor-widget-wrap elementor-element-populated\">\n\t\t\t\t\t\t<div class=\"elementor-element elementor-element-443ab98 elementor-widget elementor-widget-text-editor\" data-id=\"443ab98\" data-element_type=\"widget\" data-widget_type=\"text-editor.default\">\n\t\t\t\t<div class=\"elementor-widget-container\">\n\t\t\t\t\t\t\t<div class=\"fieldsattachment after_article\"><h3 class=\"idgroup_7 group_container\">Herbstlied &#8211; Klavierkonzert<br \/>B\u00fcrgerhaus, 13.10.2018, 19.30 Uhr<\/h3><div class=\"idgroup_7 group_container\">Schwabach &#8211; Am Samstag, den 13.10.2018, findet im B\u00fcrgerhaus um 19.30 Uhr das Klavierkonzert &#8222;Herbstlied&#8220; mit der Henselt-Preistr\u00e4gerin Clara Siegle statt.<\/div><div>\u00a0<\/div><div class=\"idgroup_7 group_container\">Vor dem Konzert h\u00e4lt Paul Mertens &#8211; Vorsitzender der Tschaikowsky-Gesellschaft &#8211; einen Einf\u00fchrungsvortrag zu den Beziehungen zwischen Henselt und\u00a0Tschaikowsky.<\/div><h3 class=\"idgroup_7 group_container\">Mit Werken von:<\/h3><ul style=\"list-style-type: disc;\"><li class=\"idgroup_7 group_container\">Adolph von Henselt<\/li><li class=\"idgroup_7 group_container\">Peter\u00a0Tschaikowsky<\/li><li class=\"idgroup_7 group_container\">Tschaikowsky &#8211; Henselt<\/li><li class=\"idgroup_7 group_container\">Franz Liszt<\/li><li class=\"idgroup_7 group_container\">Ludwig van Beethoven<\/li><li>Robert Schumann<\/li><\/ul><h3>Infos:<\/h3><ul style=\"list-style-type: disc;\"><li class=\"idgroup_7 group_container\"><strong>Termin<\/strong>: Samstag, den 13 Oktober 2018, um 19.30 Uhr<\/li><li class=\"idgroup_7 group_container\"><strong>Ort<\/strong>: B\u00fcrgerhaus, K\u00f6nigsplatz 33a, 91126 Schwabach<\/li><li class=\"idgroup_7 group_container\"><strong>Eintritt<\/strong>: 15,- Euro \/ 12 Euro<\/li><li class=\"idgroup_7 group_container\"><strong>Eintrittskarten<\/strong>: B\u00fcrgerb\u00fcro Stadt Schwabach, und an der Abendkasse im B\u00fcrgerhaus<\/li><\/ul><\/div><h3>Weiterf\u00fchrende Links:<\/h3><p><a href=\"https:\/\/www.schwabach.de\/de\/kulturamt\/infoseiten-kulturamt\/6640-herbstlied-klavierkonzert-mit-werken-von-henselt-tschaikowsky-liszt-u-a.html\" target=\"_blank\" rel=\"noopener\">Weitere Informationen gibt es hier &#8230;<\/a><\/p>\t\t\t\t\t\t<\/div>\n\t\t\t\t<\/div>\n\t\t\t\t<div class=\"elementor-element elementor-element-21c3450 elementor-widget-divider--view-line elementor-widget elementor-widget-divider\" data-id=\"21c3450\" data-element_type=\"widget\" data-widget_type=\"divider.default\">\n\t\t\t\t<div class=\"elementor-widget-container\">\n\t\t\t\t\t<div class=\"elementor-divider\">\n\t\t\t<span class=\"elementor-divider-separator\">\n\t\t\t\t\t\t<\/span>\n\t\t<\/div>\n\t\t\t\t<\/div>\n\t\t\t\t<\/div>\n\t\t\t\t<div class=\"elementor-element elementor-element-f4c690c elementor-widget elementor-widget-google_maps\" data-id=\"f4c690c\" data-element_type=\"widget\" data-widget_type=\"google_maps.default\">\n\t\t\t\t<div class=\"elementor-widget-container\">\n\t\t\t\t\t<div class=\"elementor-custom-embed\">\n\t\t\t<iframe loading=\"lazy\"\n\t\t\t\t\tsrc=\"https:\/\/maps.google.com\/maps?q=K%C3%B6nigsplatz%2033a%2C%20Schwabach%2C%20Deutschland&#038;t=m&#038;z=17&#038;output=embed&#038;iwloc=near\"\n\t\t\t\t\ttitle=\"K\u00f6nigsplatz 33a, Schwabach, Deutschland\"\n\t\t\t\t\taria-label=\"K\u00f6nigsplatz 33a, Schwabach, Deutschland\"\n\t\t\t><\/iframe>\n\t\t<\/div>\n\t\t\t\t<\/div>\n\t\t\t\t<\/div>\n\t\t\t\t\t<\/div>\n\t\t<\/div>\n\t\t\t\t<div class=\"elementor-column elementor-col-33 elementor-top-column elementor-element elementor-element-f645137\" data-id=\"f645137\" data-element_type=\"column\">\n\t\t\t<div class=\"elementor-widget-wrap\">\n\t\t\t\t\t\t\t<\/div>\n\t\t<\/div>\n\t\t\t\t\t<\/div>\n\t\t<\/section>\n\t\t\t\t<\/div>\n\t\t","protected":false},"excerpt":{"rendered":"<div class=\"mh-excerpt\"><p>Herbstlied &#8211; KlavierkonzertB\u00fcrgerhaus, 13.10.2018, 19.30 Uhr Schwabach &#8211; Am Samstag, den 13.10.2018, findet im B\u00fcrgerhaus um 19.30 Uhr das Klavierkonzert &#8222;Herbstlied&#8220; mit der Henselt-Preistr\u00e4gerin Clara Siegle statt.\u00a0Vor dem Konzert h\u00e4lt Paul Mertens &#8211; Vorsitzender der <a class=\"mh-excerpt-more\" href=\"https:\/\/www.region-schwabach.de\/wordpress\/herbstlied-klavierkonzert-am-13-oktober-2018\/\" title=\"Herbstlied &#8211; Klavierkonzert am 13. Oktober 2018\">[&#8230;]<\/a><\/p>\n<\/div>","protected":false},"author":1,"featured_media":59780,"comment_status":"open","ping_status":"open","sticky":false,"template":"","format":"standard","meta":{"_cbd_carousel_blocks":"[]","footnotes":""},"categories":[16,1,287,61,231],"tags":[6138,6355,3604,6357,6352,6358,6350,6351,522,6354,1480,6356,19,6353,6359],"class_list":{"0":"post-59779","1":"post","2":"type-post","3":"status-publish","4":"format-standard","5":"has-post-thumbnail","7":"category-aktuell","8":"category-allgemein","9":"category-jugend-und-familie","10":"category-rathaus","11":"category-veranstaltungsnews","12":"tag-13-10-2018","13":"tag-beethoven","14":"tag-buergerhaus","15":"tag-clara-siegle","16":"tag-henselt","17":"tag-henselt-preistraegerin","18":"tag-herbstlied","19":"tag-klavierkonzert","20":"tag-koenigsplatz","21":"tag-lizt","22":"tag-rathaus","23":"tag-schumann","24":"tag-schwabach","25":"tag-tschaikowsky","26":"tag-vortrag-von-paul-mertens"},"_links":{"self":[{"href":"https:\/\/www.region-schwabach.de\/wordpress\/wp-json\/wp\/v2\/posts\/59779","targetHints":{"allow":["GET"]}}],"collection":[{"href":"https:\/\/www.region-schwabach.de\/wordpress\/wp-json\/wp\/v2\/posts"}],"about":[{"href":"https:\/\/www.region-schwabach.de\/wordpress\/wp-json\/wp\/v2\/types\/post"}],"author":[{"embeddable":true,"href":"https:\/\/www.region-schwabach.de\/wordpress\/wp-json\/wp\/v2\/users\/1"}],"replies":[{"embeddable":true,"href":"https:\/\/www.region-schwabach.de\/wordpress\/wp-json\/wp\/v2\/comments?post=59779"}],"version-history":[{"count":0,"href":"https:\/\/www.region-schwabach.de\/wordpress\/wp-json\/wp\/v2\/posts\/59779\/revisions"}],"wp:featuredmedia":[{"embeddable":true,"href":"https:\/\/www.region-schwabach.de\/wordpress\/wp-json\/wp\/v2\/media\/59780"}],"wp:attachment":[{"href":"https:\/\/www.region-schwabach.de\/wordpress\/wp-json\/wp\/v2\/media?parent=59779"}],"wp:term":[{"taxonomy":"category","embeddable":true,"href":"https:\/\/www.region-schwabach.de\/wordpress\/wp-json\/wp\/v2\/categories?post=59779"},{"taxonomy":"post_tag","embeddable":true,"href":"https:\/\/www.region-schwabach.de\/wordpress\/wp-json\/wp\/v2\/tags?post=59779"}],"curies":[{"name":"wp","href":"https:\/\/api.w.org\/{rel}","templated":true}]}}