{"id":59828,"date":"2018-10-11T10:09:58","date_gmt":"2018-10-11T08:09:58","guid":{"rendered":"http:\/\/www.region-schwabach.de\/wordpress\/?p=59828"},"modified":"2018-10-24T23:00:09","modified_gmt":"2018-10-24T21:00:09","slug":"unfall-auf-der-staatsstrasse-von-eckersmuehlen-nach-hilpoltstein","status":"publish","type":"post","link":"https:\/\/www.region-schwabach.de\/wordpress\/unfall-auf-der-staatsstrasse-von-eckersmuehlen-nach-hilpoltstein\/","title":{"rendered":"Unfall auf der Staatsstra\u00dfe von Eckersm\u00fchlen nach Hilpoltstein"},"content":{"rendered":"\t\t<div data-elementor-type=\"wp-post\" data-elementor-id=\"59828\" class=\"elementor elementor-59828 elementor-bc-flex-widget\">\n\t\t\t\t\t\t<section class=\"elementor-section elementor-top-section elementor-element elementor-element-1cuv9jr elementor-section-boxed elementor-section-height-default elementor-section-height-default\" data-id=\"1cuv9jr\" data-element_type=\"section\">\n\t\t\t\t\t\t<div class=\"elementor-container elementor-column-gap-default\">\n\t\t\t\t\t<div class=\"elementor-column elementor-col-66 elementor-top-column elementor-element elementor-element-q5zak7b\" data-id=\"q5zak7b\" data-element_type=\"column\">\n\t\t\t<div class=\"elementor-widget-wrap elementor-element-populated\">\n\t\t\t\t\t\t<div class=\"elementor-element elementor-element-763ecdd elementor-widget elementor-widget-text-editor\" data-id=\"763ecdd\" data-element_type=\"widget\" data-widget_type=\"text-editor.default\">\n\t\t\t\t<div class=\"elementor-widget-container\">\n\t\t\t\t\t\t\t<h3 class=\"story-headline\"><strong>Zusammensto\u00df bei Abbiegevorgang<\/strong><\/h3><p>Hilpoltstein &#8211; Am Mittwochabend, den 10.10.2018, war eine 17-j\u00e4hrige Fahrerin eines PKW (45 km\/h) auf der Staatsstra\u00dfe von Eckersm\u00fchlen in Richtung Hilpoltstein unterwegs, als sie nach links Richtung Haimpfarrich abbiegen wollte, und eine hinter ihr fahrende 42-j\u00e4hrige Toyota-Fahrerin trotz der Ank\u00fcndigung des Abbiegevorgangs \u00fcberholte.<\/p><h3>Zeugen gesucht<\/h3><p>In Folge dessen kam beim Abbiegevorgang zum Zusammensto\u00df der beiden Fahrzeuge, wobei eine Unfallbeteiligte leicht verletzt wurde, und ein Sachschaden in H\u00f6he von ca. 6.000 Euro entstanden ist. Nachdem widerspr\u00fcchliche Aussagen zum Unfallhergang vorliegen, werden etwaige Zeugen gebeten, sich bei der Polizeiinspektion Hilpoltstein unter der Rufnummer: 09174-4789-0 zu melden.<\/p>\t\t\t\t\t\t<\/div>\n\t\t\t\t<\/div>\n\t\t\t\t<div class=\"elementor-element elementor-element-ace1283 elementor-widget-divider--view-line elementor-widget elementor-widget-divider\" data-id=\"ace1283\" data-element_type=\"widget\" data-widget_type=\"divider.default\">\n\t\t\t\t<div class=\"elementor-widget-container\">\n\t\t\t\t\t<div class=\"elementor-divider\">\n\t\t\t<span class=\"elementor-divider-separator\">\n\t\t\t\t\t\t<\/span>\n\t\t<\/div>\n\t\t\t\t<\/div>\n\t\t\t\t<\/div>\n\t\t\t\t<div class=\"elementor-element elementor-element-1l7zbzo elementor-widget elementor-widget-google_maps\" data-id=\"1l7zbzo\" data-element_type=\"widget\" data-widget_type=\"google_maps.default\">\n\t\t\t\t<div class=\"elementor-widget-container\">\n\t\t\t\t\t<div class=\"elementor-custom-embed\">\n\t\t\t<iframe loading=\"lazy\"\n\t\t\t\t\tsrc=\"https:\/\/maps.google.com\/maps?q=49.208097%2C%2011.157891&#038;t=m&#038;z=14&#038;output=embed&#038;iwloc=near\"\n\t\t\t\t\ttitle=\"49.208097, 11.157891\"\n\t\t\t\t\taria-label=\"49.208097, 11.157891\"\n\t\t\t><\/iframe>\n\t\t<\/div>\n\t\t\t\t<\/div>\n\t\t\t\t<\/div>\n\t\t\t\t\t<\/div>\n\t\t<\/div>\n\t\t\t\t<div class=\"elementor-column elementor-col-33 elementor-top-column elementor-element elementor-element-0w0urt1\" data-id=\"0w0urt1\" data-element_type=\"column\">\n\t\t\t<div class=\"elementor-widget-wrap\">\n\t\t\t\t\t\t\t<\/div>\n\t\t<\/div>\n\t\t\t\t\t<\/div>\n\t\t<\/section>\n\t\t\t\t<\/div>\n\t\t","protected":false},"excerpt":{"rendered":"<div class=\"mh-excerpt\"><p>Zusammensto\u00df bei Abbiegevorgang Hilpoltstein &#8211; Am Mittwochabend, den 10.10.2018, war eine 17-j\u00e4hrige Fahrerin eines PKW (45 km\/h) auf der Staatsstra\u00dfe von Eckersm\u00fchlen in Richtung Hilpoltstein unterwegs, als sie nach links Richtung Haimpfarrich abbiegen wollte, und <a class=\"mh-excerpt-more\" href=\"https:\/\/www.region-schwabach.de\/wordpress\/unfall-auf-der-staatsstrasse-von-eckersmuehlen-nach-hilpoltstein\/\" title=\"Unfall auf der Staatsstra\u00dfe von Eckersm\u00fchlen nach Hilpoltstein\">[&#8230;]<\/a><\/p>\n<\/div>","protected":false},"author":1,"featured_media":59832,"comment_status":"open","ping_status":"open","sticky":false,"template":"","format":"standard","meta":{"_cbd_carousel_blocks":"[]","footnotes":""},"categories":[15],"tags":[6135,6373,221,6374,297,1375,981,401,713,1093,1547,334,6375],"class_list":{"0":"post-59828","1":"post","2":"type-post","3":"status-publish","4":"format-standard","5":"has-post-thumbnail","7":"category-polizeimeldungen","8":"tag-10-10-2018","9":"tag-abbiegevorgang","10":"tag-eckersmuehlen","11":"tag-haimpfarrich","12":"tag-hilpoltstein","13":"tag-leicht-verletzt","14":"tag-polizei","15":"tag-sachschaden","16":"tag-schaden","17":"tag-staatsstrasse","18":"tag-toyota","19":"tag-unfall","20":"tag-widerspruechliche-aussagen"},"_links":{"self":[{"href":"https:\/\/www.region-schwabach.de\/wordpress\/wp-json\/wp\/v2\/posts\/59828","targetHints":{"allow":["GET"]}}],"collection":[{"href":"https:\/\/www.region-schwabach.de\/wordpress\/wp-json\/wp\/v2\/posts"}],"about":[{"href":"https:\/\/www.region-schwabach.de\/wordpress\/wp-json\/wp\/v2\/types\/post"}],"author":[{"embeddable":true,"href":"https:\/\/www.region-schwabach.de\/wordpress\/wp-json\/wp\/v2\/users\/1"}],"replies":[{"embeddable":true,"href":"https:\/\/www.region-schwabach.de\/wordpress\/wp-json\/wp\/v2\/comments?post=59828"}],"version-history":[{"count":0,"href":"https:\/\/www.region-schwabach.de\/wordpress\/wp-json\/wp\/v2\/posts\/59828\/revisions"}],"wp:featuredmedia":[{"embeddable":true,"href":"https:\/\/www.region-schwabach.de\/wordpress\/wp-json\/wp\/v2\/media\/59832"}],"wp:attachment":[{"href":"https:\/\/www.region-schwabach.de\/wordpress\/wp-json\/wp\/v2\/media?parent=59828"}],"wp:term":[{"taxonomy":"category","embeddable":true,"href":"https:\/\/www.region-schwabach.de\/wordpress\/wp-json\/wp\/v2\/categories?post=59828"},{"taxonomy":"post_tag","embeddable":true,"href":"https:\/\/www.region-schwabach.de\/wordpress\/wp-json\/wp\/v2\/tags?post=59828"}],"curies":[{"name":"wp","href":"https:\/\/api.w.org\/{rel}","templated":true}]}}