{"id":59856,"date":"2018-10-12T09:15:40","date_gmt":"2018-10-12T07:15:40","guid":{"rendered":"http:\/\/www.region-schwabach.de\/wordpress\/?p=59856"},"modified":"2018-10-24T22:54:44","modified_gmt":"2018-10-24T20:54:44","slug":"zeugen-fuer-unfallflucht-in-schwabach-gesucht","status":"publish","type":"post","link":"https:\/\/www.region-schwabach.de\/wordpress\/zeugen-fuer-unfallflucht-in-schwabach-gesucht\/","title":{"rendered":"Zeugen f\u00fcr Unfallflucht in Schwabach gesucht"},"content":{"rendered":"\t\t<div data-elementor-type=\"wp-post\" data-elementor-id=\"59856\" class=\"elementor elementor-59856 elementor-bc-flex-widget\">\n\t\t\t\t\t\t<section class=\"elementor-section elementor-top-section elementor-element elementor-element-1cuv9jr elementor-section-boxed elementor-section-height-default elementor-section-height-default\" data-id=\"1cuv9jr\" data-element_type=\"section\">\n\t\t\t\t\t\t<div class=\"elementor-container elementor-column-gap-default\">\n\t\t\t\t\t<div class=\"elementor-column elementor-col-66 elementor-top-column elementor-element elementor-element-q5zak7b\" data-id=\"q5zak7b\" data-element_type=\"column\">\n\t\t\t<div class=\"elementor-widget-wrap elementor-element-populated\">\n\t\t\t\t\t\t<div class=\"elementor-element elementor-element-763ecdd elementor-widget elementor-widget-text-editor\" data-id=\"763ecdd\" data-element_type=\"widget\" data-widget_type=\"text-editor.default\">\n\t\t\t\t<div class=\"elementor-widget-container\">\n\t\t\t\t\t\t\t<h3 class=\"story-headline\"><strong>Zeugen f\u00fcr Unfallflucht am Markgrafensaal gesucht<\/strong><\/h3><p>Schwabach &#8211;\u00a0Bereits in der Zeit zwischen Freitagnachmittag, den 28.09.2018 (17.00 Uhr), und Samstagmittag, den 29.09.2018 hat ein bisher Unbekannter auf dem Parkplatz am Markgrafensaal (zwischen der Ludwigstra\u00dfe und der Eisentrautstra\u00dfe) in Schwabach einen dort geparkten schwarzen Audi A4 an der linken Seite angefahren. Der Unfallverursacher entfernte sich im Anschlu\u00df unerlaubt vom Unfallort, ohne sich um den entstandenen Schaden in H\u00f6he von ca. 2.000 Euro zu k\u00fcmmern.<\/p><h3>Polizei bittet um Mithilfe<\/h3><p>Personen, die verd\u00e4chtige Beobachtungen gemacht haben, werden gebeten, diese der Polizei in Schwabach unter der Rufnummer 09122-927-0 mitzuteilen.<\/p>\t\t\t\t\t\t<\/div>\n\t\t\t\t<\/div>\n\t\t\t\t<div class=\"elementor-element elementor-element-ace1283 elementor-widget-divider--view-line elementor-widget elementor-widget-divider\" data-id=\"ace1283\" data-element_type=\"widget\" data-widget_type=\"divider.default\">\n\t\t\t\t<div class=\"elementor-widget-container\">\n\t\t\t\t\t<div class=\"elementor-divider\">\n\t\t\t<span class=\"elementor-divider-separator\">\n\t\t\t\t\t\t<\/span>\n\t\t<\/div>\n\t\t\t\t<\/div>\n\t\t\t\t<\/div>\n\t\t\t\t<div class=\"elementor-element elementor-element-1l7zbzo elementor-widget elementor-widget-google_maps\" data-id=\"1l7zbzo\" data-element_type=\"widget\" data-widget_type=\"google_maps.default\">\n\t\t\t\t<div class=\"elementor-widget-container\">\n\t\t\t\t\t<div class=\"elementor-custom-embed\">\n\t\t\t<iframe loading=\"lazy\"\n\t\t\t\t\tsrc=\"https:\/\/maps.google.com\/maps?q=49.328166%2C%2011.025916&#038;t=m&#038;z=17&#038;output=embed&#038;iwloc=near\"\n\t\t\t\t\ttitle=\"49.328166, 11.025916\"\n\t\t\t\t\taria-label=\"49.328166, 11.025916\"\n\t\t\t><\/iframe>\n\t\t<\/div>\n\t\t\t\t<\/div>\n\t\t\t\t<\/div>\n\t\t\t\t\t<\/div>\n\t\t<\/div>\n\t\t\t\t<div class=\"elementor-column elementor-col-33 elementor-top-column elementor-element elementor-element-0w0urt1\" data-id=\"0w0urt1\" data-element_type=\"column\">\n\t\t\t<div class=\"elementor-widget-wrap\">\n\t\t\t\t\t\t\t<\/div>\n\t\t<\/div>\n\t\t\t\t\t<\/div>\n\t\t<\/section>\n\t\t\t\t<\/div>\n\t\t","protected":false},"excerpt":{"rendered":"<div class=\"mh-excerpt\"><p>Zeugen f\u00fcr Unfallflucht am Markgrafensaal gesucht Schwabach &#8211;\u00a0Bereits in der Zeit zwischen Freitagnachmittag, den 28.09.2018 (17.00 Uhr), und Samstagmittag, den 29.09.2018 hat ein bisher Unbekannter auf dem Parkplatz am Markgrafensaal (zwischen der Ludwigstra\u00dfe und der <a class=\"mh-excerpt-more\" href=\"https:\/\/www.region-schwabach.de\/wordpress\/zeugen-fuer-unfallflucht-in-schwabach-gesucht\/\" title=\"Zeugen f\u00fcr Unfallflucht in Schwabach gesucht\">[&#8230;]<\/a><\/p>\n<\/div>","protected":false},"author":1,"featured_media":59857,"comment_status":"open","ping_status":"open","sticky":false,"template":"","format":"standard","meta":{"_cbd_carousel_blocks":"[]","footnotes":""},"categories":[15],"tags":[5735,5736,1121,1307,454,2029,2028,593,463,981,401,713,334,457],"class_list":{"0":"post-59856","1":"post","2":"type-post","3":"status-publish","4":"format-standard","5":"has-post-thumbnail","7":"category-polizeimeldungen","8":"tag-28-09-2018","9":"tag-29-09-2018","10":"tag-audi-a4","11":"tag-eisentrautstrasse","12":"tag-fahrerflucht","13":"tag-ludwigstrasse","14":"tag-markgrafensaal","15":"tag-parkplatz","16":"tag-pkw","17":"tag-polizei","18":"tag-sachschaden","19":"tag-schaden","20":"tag-unfall","21":"tag-unfallflucht"},"_links":{"self":[{"href":"https:\/\/www.region-schwabach.de\/wordpress\/wp-json\/wp\/v2\/posts\/59856","targetHints":{"allow":["GET"]}}],"collection":[{"href":"https:\/\/www.region-schwabach.de\/wordpress\/wp-json\/wp\/v2\/posts"}],"about":[{"href":"https:\/\/www.region-schwabach.de\/wordpress\/wp-json\/wp\/v2\/types\/post"}],"author":[{"embeddable":true,"href":"https:\/\/www.region-schwabach.de\/wordpress\/wp-json\/wp\/v2\/users\/1"}],"replies":[{"embeddable":true,"href":"https:\/\/www.region-schwabach.de\/wordpress\/wp-json\/wp\/v2\/comments?post=59856"}],"version-history":[{"count":0,"href":"https:\/\/www.region-schwabach.de\/wordpress\/wp-json\/wp\/v2\/posts\/59856\/revisions"}],"wp:featuredmedia":[{"embeddable":true,"href":"https:\/\/www.region-schwabach.de\/wordpress\/wp-json\/wp\/v2\/media\/59857"}],"wp:attachment":[{"href":"https:\/\/www.region-schwabach.de\/wordpress\/wp-json\/wp\/v2\/media?parent=59856"}],"wp:term":[{"taxonomy":"category","embeddable":true,"href":"https:\/\/www.region-schwabach.de\/wordpress\/wp-json\/wp\/v2\/categories?post=59856"},{"taxonomy":"post_tag","embeddable":true,"href":"https:\/\/www.region-schwabach.de\/wordpress\/wp-json\/wp\/v2\/tags?post=59856"}],"curies":[{"name":"wp","href":"https:\/\/api.w.org\/{rel}","templated":true}]}}