{"id":59865,"date":"2018-10-12T13:20:11","date_gmt":"2018-10-12T11:20:11","guid":{"rendered":"http:\/\/www.region-schwabach.de\/wordpress\/?p=59865"},"modified":"2018-10-24T22:54:06","modified_gmt":"2018-10-24T20:54:06","slug":"fahrraddiebstahl-sachbeschaedigung-und-einbruch-in-weissenburg","status":"publish","type":"post","link":"https:\/\/www.region-schwabach.de\/wordpress\/fahrraddiebstahl-sachbeschaedigung-und-einbruch-in-weissenburg\/","title":{"rendered":"Fahrraddiebstahl, Sachbesch\u00e4digung und Einbruch in Wei\u00dfenburg"},"content":{"rendered":"\t\t<div data-elementor-type=\"wp-post\" data-elementor-id=\"59865\" class=\"elementor elementor-59865 elementor-bc-flex-widget\">\n\t\t\t\t\t\t<section class=\"elementor-section elementor-top-section elementor-element elementor-element-1cuv9jr elementor-section-boxed elementor-section-height-default elementor-section-height-default\" data-id=\"1cuv9jr\" data-element_type=\"section\">\n\t\t\t\t\t\t<div class=\"elementor-container elementor-column-gap-default\">\n\t\t\t\t\t<div class=\"elementor-column elementor-col-66 elementor-top-column elementor-element elementor-element-q5zak7b\" data-id=\"q5zak7b\" data-element_type=\"column\">\n\t\t\t<div class=\"elementor-widget-wrap elementor-element-populated\">\n\t\t\t\t\t\t<div class=\"elementor-element elementor-element-763ecdd elementor-widget elementor-widget-text-editor\" data-id=\"763ecdd\" data-element_type=\"widget\" data-widget_type=\"text-editor.default\">\n\t\t\t\t<div class=\"elementor-widget-container\">\n\t\t\t\t\t\t\t<h3 class=\"story-headline\"><strong>Fahrraddiebstahl<\/strong><\/h3><p>Wei\u00dfenburg &#8211;\u00a0Am Mittwoch, den 10.10.2018, wurde vor dem Bahnhof in Wei\u00dfenburg ein schwarz-blaues Mountainbike der Marke Morrison gestohlen. \u00a0<\/p><h3>Sachbesch\u00e4digung<\/h3><p>Wei\u00dfenburg &#8211; In der Nacht von Mittwoch, den 10.10.2018, auf Donnerstag, den 11.10.2018, haben bisher Unbekannte auf dem Gel\u00e4nde der Stadtwerk zwei Kletterger\u00fcste besch\u00e4digt, indem sie diese umwarfen.<\/p><h3>Einbruch in Sportheim<\/h3><p>Ettenstatt &#8211; In der Nacht von Mittwoch, den 10.10.2018, auf Donnerstag, den 11.10.2018, sind bisher Unbekannte in das Sportheim in Ettenstatt eingebrochen, und entwendeten dabei eine geringe Menge Bargeld, und brachen au\u00dferdem einen Zigarettenautomat auf.<\/p><h3>Polizei bittet um Mithilfe<\/h3><p>Personen, die verd\u00e4chtige Beobachtungen gemacht haben, werden gebeten, diese der Polizei in Wei\u00dfenburg unter der Rufnummer 09141-8687-0 mitzuteilen.<\/p>\t\t\t\t\t\t<\/div>\n\t\t\t\t<\/div>\n\t\t\t\t<div class=\"elementor-element elementor-element-ace1283 elementor-widget-divider--view-line elementor-widget elementor-widget-divider\" data-id=\"ace1283\" data-element_type=\"widget\" data-widget_type=\"divider.default\">\n\t\t\t\t<div class=\"elementor-widget-container\">\n\t\t\t\t\t<div class=\"elementor-divider\">\n\t\t\t<span class=\"elementor-divider-separator\">\n\t\t\t\t\t\t<\/span>\n\t\t<\/div>\n\t\t\t\t<\/div>\n\t\t\t\t<\/div>\n\t\t\t\t<div class=\"elementor-element elementor-element-1l7zbzo elementor-widget elementor-widget-google_maps\" data-id=\"1l7zbzo\" data-element_type=\"widget\" data-widget_type=\"google_maps.default\">\n\t\t\t\t<div class=\"elementor-widget-container\">\n\t\t\t\t\t<div class=\"elementor-custom-embed\">\n\t\t\t<iframe loading=\"lazy\"\n\t\t\t\t\tsrc=\"https:\/\/maps.google.com\/maps?q=Wei%C3%9Fenburg%2C%20Deutschland&#038;t=m&#038;z=11&#038;output=embed&#038;iwloc=near\"\n\t\t\t\t\ttitle=\"Wei\u00dfenburg, Deutschland\"\n\t\t\t\t\taria-label=\"Wei\u00dfenburg, Deutschland\"\n\t\t\t><\/iframe>\n\t\t<\/div>\n\t\t\t\t<\/div>\n\t\t\t\t<\/div>\n\t\t\t\t\t<\/div>\n\t\t<\/div>\n\t\t\t\t<div class=\"elementor-column elementor-col-33 elementor-top-column elementor-element elementor-element-0w0urt1\" data-id=\"0w0urt1\" data-element_type=\"column\">\n\t\t\t<div class=\"elementor-widget-wrap\">\n\t\t\t\t\t\t\t<\/div>\n\t\t<\/div>\n\t\t\t\t\t<\/div>\n\t\t<\/section>\n\t\t\t\t<\/div>\n\t\t","protected":false},"excerpt":{"rendered":"<div class=\"mh-excerpt\"><p>Fahrraddiebstahl Wei\u00dfenburg &#8211;\u00a0Am Mittwoch, den 10.10.2018, wurde vor dem Bahnhof in Wei\u00dfenburg ein schwarz-blaues Mountainbike der Marke Morrison gestohlen. \u00a0 Sachbesch\u00e4digung Wei\u00dfenburg &#8211; In der Nacht von Mittwoch, den 10.10.2018, auf Donnerstag, den 11.10.2018, haben <a class=\"mh-excerpt-more\" href=\"https:\/\/www.region-schwabach.de\/wordpress\/fahrraddiebstahl-sachbeschaedigung-und-einbruch-in-weissenburg\/\" title=\"Fahrraddiebstahl, Sachbesch\u00e4digung und Einbruch in Wei\u00dfenburg\">[&#8230;]<\/a><\/p>\n<\/div>","protected":false},"author":1,"featured_media":59866,"comment_status":"open","ping_status":"open","sticky":false,"template":"","format":"standard","meta":{"_cbd_carousel_blocks":"[]","footnotes":""},"categories":[15],"tags":[6135,6136,629,30,217,885,643,6391,981,487,401,713,4419,6390,249,1107],"class_list":{"0":"post-59865","1":"post","2":"type-post","3":"status-publish","4":"format-standard","5":"has-post-thumbnail","7":"category-polizeimeldungen","8":"tag-10-10-2018","9":"tag-11-10-2018","10":"tag-bargeld","11":"tag-diebstahl","12":"tag-einbruch","13":"tag-ettenstatt","14":"tag-fahrrad","15":"tag-klettergeruest","16":"tag-polizei","17":"tag-sachbeschaedigung","18":"tag-sachschaden","19":"tag-schaden","20":"tag-sportheim","21":"tag-stadtwerksgelaende","22":"tag-weissenburg","23":"tag-zigarettenautomat"},"_links":{"self":[{"href":"https:\/\/www.region-schwabach.de\/wordpress\/wp-json\/wp\/v2\/posts\/59865","targetHints":{"allow":["GET"]}}],"collection":[{"href":"https:\/\/www.region-schwabach.de\/wordpress\/wp-json\/wp\/v2\/posts"}],"about":[{"href":"https:\/\/www.region-schwabach.de\/wordpress\/wp-json\/wp\/v2\/types\/post"}],"author":[{"embeddable":true,"href":"https:\/\/www.region-schwabach.de\/wordpress\/wp-json\/wp\/v2\/users\/1"}],"replies":[{"embeddable":true,"href":"https:\/\/www.region-schwabach.de\/wordpress\/wp-json\/wp\/v2\/comments?post=59865"}],"version-history":[{"count":0,"href":"https:\/\/www.region-schwabach.de\/wordpress\/wp-json\/wp\/v2\/posts\/59865\/revisions"}],"wp:featuredmedia":[{"embeddable":true,"href":"https:\/\/www.region-schwabach.de\/wordpress\/wp-json\/wp\/v2\/media\/59866"}],"wp:attachment":[{"href":"https:\/\/www.region-schwabach.de\/wordpress\/wp-json\/wp\/v2\/media?parent=59865"}],"wp:term":[{"taxonomy":"category","embeddable":true,"href":"https:\/\/www.region-schwabach.de\/wordpress\/wp-json\/wp\/v2\/categories?post=59865"},{"taxonomy":"post_tag","embeddable":true,"href":"https:\/\/www.region-schwabach.de\/wordpress\/wp-json\/wp\/v2\/tags?post=59865"}],"curies":[{"name":"wp","href":"https:\/\/api.w.org\/{rel}","templated":true}]}}