{"id":59869,"date":"2018-10-12T13:31:19","date_gmt":"2018-10-12T11:31:19","guid":{"rendered":"http:\/\/www.region-schwabach.de\/wordpress\/?p=59869"},"modified":"2018-10-24T22:53:41","modified_gmt":"2018-10-24T20:53:41","slug":"verkehrsunfall-bei-wachenhofen","status":"publish","type":"post","link":"https:\/\/www.region-schwabach.de\/wordpress\/verkehrsunfall-bei-wachenhofen\/","title":{"rendered":"Verkehrsunfall bei Wachenhofen"},"content":{"rendered":"\t\t<div data-elementor-type=\"wp-post\" data-elementor-id=\"59869\" class=\"elementor elementor-59869 elementor-bc-flex-widget\">\n\t\t\t\t\t\t<section class=\"elementor-section elementor-top-section elementor-element elementor-element-1cuv9jr elementor-section-boxed elementor-section-height-default elementor-section-height-default\" data-id=\"1cuv9jr\" data-element_type=\"section\">\n\t\t\t\t\t\t<div class=\"elementor-container elementor-column-gap-default\">\n\t\t\t\t\t<div class=\"elementor-column elementor-col-66 elementor-top-column elementor-element elementor-element-q5zak7b\" data-id=\"q5zak7b\" data-element_type=\"column\">\n\t\t\t<div class=\"elementor-widget-wrap elementor-element-populated\">\n\t\t\t\t\t\t<div class=\"elementor-element elementor-element-763ecdd elementor-widget elementor-widget-text-editor\" data-id=\"763ecdd\" data-element_type=\"widget\" data-widget_type=\"text-editor.default\">\n\t\t\t\t<div class=\"elementor-widget-container\">\n\t\t\t\t\t\t\t<h3 class=\"story-headline\"><strong>Verkehrsunfall auf der Kreisstra\u00dfe 1<\/strong><\/h3><p>Alesheim &#8211;\u00a0Am sp\u00e4ten Freitagvormittag, den 12.10.2018, ereignete sich auf der Kreisstra\u00dfe 1 in H\u00f6he von Wachenhofen ein Verkehrsunfall, nahcdem eine 74-j\u00e4hrige PKW-Fahrerin mit ihrem Fahrzeug von Wachenhofen kommend die Kreisstra\u00dfe WUG 1 \u00fcberqueren wollte, dabei jedoch den PKW einer 32 J\u00e4hrigen, die mit ihrem Pkw von Alesheim kommend in Richtung Gundelsheim unterwegs war, \u00fcbersah.<\/p><h3>25.000 Euro Sachschaden<\/h3><p>Bei dem folgenden Zusammensto\u00df der beiden Fahrzeuge, wurden beide Fahrerinnnen, und die im Fahrzeug der Gesch\u00e4digten sitzenden Kinder leicht verletzt . Die Fahrzeuginsassen wurden deshalb ins Krankenhaus gebracht, an den beteiligten Fahrzeugen entstand ein Gesamtschaden in\u00a0 H\u00f6he von ca. 25.000 Euro.<\/p>\t\t\t\t\t\t<\/div>\n\t\t\t\t<\/div>\n\t\t\t\t<div class=\"elementor-element elementor-element-ace1283 elementor-widget-divider--view-line elementor-widget elementor-widget-divider\" data-id=\"ace1283\" data-element_type=\"widget\" data-widget_type=\"divider.default\">\n\t\t\t\t<div class=\"elementor-widget-container\">\n\t\t\t\t\t<div class=\"elementor-divider\">\n\t\t\t<span class=\"elementor-divider-separator\">\n\t\t\t\t\t\t<\/span>\n\t\t<\/div>\n\t\t\t\t<\/div>\n\t\t\t\t<\/div>\n\t\t\t\t<div class=\"elementor-element elementor-element-1l7zbzo elementor-widget elementor-widget-google_maps\" data-id=\"1l7zbzo\" data-element_type=\"widget\" data-widget_type=\"google_maps.default\">\n\t\t\t\t<div class=\"elementor-widget-container\">\n\t\t\t\t\t<div class=\"elementor-custom-embed\">\n\t\t\t<iframe loading=\"lazy\"\n\t\t\t\t\tsrc=\"https:\/\/maps.google.com\/maps?q=49.055026%2C%2010.844650&#038;t=m&#038;z=14&#038;output=embed&#038;iwloc=near\"\n\t\t\t\t\ttitle=\"49.055026, 10.844650\"\n\t\t\t\t\taria-label=\"49.055026, 10.844650\"\n\t\t\t><\/iframe>\n\t\t<\/div>\n\t\t\t\t<\/div>\n\t\t\t\t<\/div>\n\t\t\t\t\t<\/div>\n\t\t<\/div>\n\t\t\t\t<div class=\"elementor-column elementor-col-33 elementor-top-column elementor-element elementor-element-0w0urt1\" data-id=\"0w0urt1\" data-element_type=\"column\">\n\t\t\t<div class=\"elementor-widget-wrap\">\n\t\t\t\t\t\t\t<\/div>\n\t\t<\/div>\n\t\t\t\t\t<\/div>\n\t\t<\/section>\n\t\t\t\t<\/div>\n\t\t","protected":false},"excerpt":{"rendered":"<div class=\"mh-excerpt\"><p>Verkehrsunfall auf der Kreisstra\u00dfe 1 Alesheim &#8211;\u00a0Am sp\u00e4ten Freitagvormittag, den 12.10.2018, ereignete sich auf der Kreisstra\u00dfe 1 in H\u00f6he von Wachenhofen ein Verkehrsunfall, nahcdem eine 74-j\u00e4hrige PKW-Fahrerin mit ihrem Fahrzeug von Wachenhofen kommend die Kreisstra\u00dfe <a class=\"mh-excerpt-more\" href=\"https:\/\/www.region-schwabach.de\/wordpress\/verkehrsunfall-bei-wachenhofen\/\" title=\"Verkehrsunfall bei Wachenhofen\">[&#8230;]<\/a><\/p>\n<\/div>","protected":false},"author":1,"featured_media":59871,"comment_status":"open","ping_status":"open","sticky":false,"template":"","format":"standard","meta":{"_cbd_carousel_blocks":"[]","footnotes":""},"categories":[15],"tags":[6137,2584,2633,1856,5117,3743,463,981,401,713,334,5116,249,584],"class_list":{"0":"post-59869","1":"post","2":"type-post","3":"status-publish","4":"format-standard","5":"has-post-thumbnail","7":"category-polizeimeldungen","8":"tag-12-10-2018","9":"tag-alesheim","10":"tag-gundelsheim","11":"tag-krankenhaus","12":"tag-kreisstrasse-1","13":"tag-leicht-verletzte","14":"tag-pkw","15":"tag-polizei","16":"tag-sachschaden","17":"tag-schaden","18":"tag-unfall","19":"tag-wachenhofen","20":"tag-weissenburg","21":"tag-zusammenstoss"},"_links":{"self":[{"href":"https:\/\/www.region-schwabach.de\/wordpress\/wp-json\/wp\/v2\/posts\/59869","targetHints":{"allow":["GET"]}}],"collection":[{"href":"https:\/\/www.region-schwabach.de\/wordpress\/wp-json\/wp\/v2\/posts"}],"about":[{"href":"https:\/\/www.region-schwabach.de\/wordpress\/wp-json\/wp\/v2\/types\/post"}],"author":[{"embeddable":true,"href":"https:\/\/www.region-schwabach.de\/wordpress\/wp-json\/wp\/v2\/users\/1"}],"replies":[{"embeddable":true,"href":"https:\/\/www.region-schwabach.de\/wordpress\/wp-json\/wp\/v2\/comments?post=59869"}],"version-history":[{"count":0,"href":"https:\/\/www.region-schwabach.de\/wordpress\/wp-json\/wp\/v2\/posts\/59869\/revisions"}],"wp:featuredmedia":[{"embeddable":true,"href":"https:\/\/www.region-schwabach.de\/wordpress\/wp-json\/wp\/v2\/media\/59871"}],"wp:attachment":[{"href":"https:\/\/www.region-schwabach.de\/wordpress\/wp-json\/wp\/v2\/media?parent=59869"}],"wp:term":[{"taxonomy":"category","embeddable":true,"href":"https:\/\/www.region-schwabach.de\/wordpress\/wp-json\/wp\/v2\/categories?post=59869"},{"taxonomy":"post_tag","embeddable":true,"href":"https:\/\/www.region-schwabach.de\/wordpress\/wp-json\/wp\/v2\/tags?post=59869"}],"curies":[{"name":"wp","href":"https:\/\/api.w.org\/{rel}","templated":true}]}}