{"id":59882,"date":"2018-10-13T00:05:06","date_gmt":"2018-10-12T22:05:06","guid":{"rendered":"http:\/\/www.region-schwabach.de\/wordpress\/?p=59882"},"modified":"2018-10-24T22:52:37","modified_gmt":"2018-10-24T20:52:37","slug":"sperrung-der-bundesstrasse-446-am-13-10-2018-14-10-2018","status":"publish","type":"post","link":"https:\/\/www.region-schwabach.de\/wordpress\/sperrung-der-bundesstrasse-446-am-13-10-2018-14-10-2018\/","title":{"rendered":"Sperrung der Bundesstra\u00dfe 446 am 13.10.2018\/14.10.2018"},"content":{"rendered":"\t\t<div data-elementor-type=\"wp-post\" data-elementor-id=\"59882\" class=\"elementor elementor-59882 elementor-bc-flex-widget\">\n\t\t\t\t\t\t<section class=\"elementor-section elementor-top-section elementor-element elementor-element-1dzeyuh elementor-section-boxed elementor-section-height-default elementor-section-height-default\" data-id=\"1dzeyuh\" data-element_type=\"section\">\n\t\t\t\t\t\t<div class=\"elementor-container elementor-column-gap-default\">\n\t\t\t\t\t<div class=\"elementor-column elementor-col-66 elementor-top-column elementor-element elementor-element-aam59ft\" data-id=\"aam59ft\" data-element_type=\"column\">\n\t\t\t<div class=\"elementor-widget-wrap elementor-element-populated\">\n\t\t\t\t\t\t<div class=\"elementor-element elementor-element-k9p1oyc elementor-widget elementor-widget-text-editor\" data-id=\"k9p1oyc\" data-element_type=\"widget\" data-widget_type=\"text-editor.default\">\n\t\t\t\t<div class=\"elementor-widget-container\">\n\t\t\t\t\t\t\t<h3>Sperrung der Bundesstra\u00dfe 466\u00a0\u00a0an der Anschlu\u00dfstelle Schwabach West<\/h3><p>Schwabach &#8211; Die Autobahndirektion Nordbayern sperrt am Samstag, den 13. Oktober 2018 (15.00 Uhr), bis Sonntag, den 14. Oktober 2018 (01.00 Uhr) die Bundesstra\u00dfe 466 im Bereich der Anschlussstelle Schwabach West unter der A6. Die Umleitung erfolgt f\u00fcr beide Fahrtrichtungen \u00fcber die Staatsstra\u00dfen 2224 und 2220.<\/p><h3>Weiterf\u00fchrende Links:<\/h3><p><a href=\"https:\/\/www.schwabach.de\/de\/wissenswertes\/neuigkeiten\/verkehrsinfo\/6911-a6-sperrung-der-bundesstrasse-466-13-14-oktober.html\" target=\"_blank\" rel=\"noopener\">Mehr Infos gibt es hier &#8230;<\/a><\/p>\t\t\t\t\t\t<\/div>\n\t\t\t\t<\/div>\n\t\t\t\t<div class=\"elementor-element elementor-element-982dd46 elementor-widget-divider--view-line elementor-widget elementor-widget-divider\" data-id=\"982dd46\" data-element_type=\"widget\" data-widget_type=\"divider.default\">\n\t\t\t\t<div class=\"elementor-widget-container\">\n\t\t\t\t\t<div class=\"elementor-divider\">\n\t\t\t<span class=\"elementor-divider-separator\">\n\t\t\t\t\t\t<\/span>\n\t\t<\/div>\n\t\t\t\t<\/div>\n\t\t\t\t<\/div>\n\t\t\t\t<div class=\"elementor-element elementor-element-rf47wqh elementor-widget elementor-widget-google_maps\" data-id=\"rf47wqh\" data-element_type=\"widget\" data-widget_type=\"google_maps.default\">\n\t\t\t\t<div class=\"elementor-widget-container\">\n\t\t\t\t\t<div class=\"elementor-custom-embed\">\n\t\t\t<iframe loading=\"lazy\"\n\t\t\t\t\tsrc=\"https:\/\/maps.google.com\/maps?q=49.310742%2C%2011.000167&#038;t=m&#038;z=16&#038;output=embed&#038;iwloc=near\"\n\t\t\t\t\ttitle=\"49.310742, 11.000167\"\n\t\t\t\t\taria-label=\"49.310742, 11.000167\"\n\t\t\t><\/iframe>\n\t\t<\/div>\n\t\t\t\t<\/div>\n\t\t\t\t<\/div>\n\t\t\t\t\t<\/div>\n\t\t<\/div>\n\t\t\t\t<div class=\"elementor-column elementor-col-33 elementor-top-column elementor-element elementor-element-uferl75\" data-id=\"uferl75\" data-element_type=\"column\">\n\t\t\t<div class=\"elementor-widget-wrap\">\n\t\t\t\t\t\t\t<\/div>\n\t\t<\/div>\n\t\t\t\t\t<\/div>\n\t\t<\/section>\n\t\t\t\t<\/div>\n\t\t","protected":false},"excerpt":{"rendered":"<div class=\"mh-excerpt\"><p>Sperrung der Bundesstra\u00dfe 466\u00a0\u00a0an der Anschlu\u00dfstelle Schwabach West Schwabach &#8211; Die Autobahndirektion Nordbayern sperrt am Samstag, den 13. Oktober 2018 (15.00 Uhr), bis Sonntag, den 14. Oktober 2018 (01.00 Uhr) die Bundesstra\u00dfe 466 im Bereich <a class=\"mh-excerpt-more\" href=\"https:\/\/www.region-schwabach.de\/wordpress\/sperrung-der-bundesstrasse-446-am-13-10-2018-14-10-2018\/\" title=\"Sperrung der Bundesstra\u00dfe 446 am 13.10.2018\/14.10.2018\">[&#8230;]<\/a><\/p>\n<\/div>","protected":false},"author":1,"featured_media":59883,"comment_status":"open","ping_status":"open","sticky":false,"template":"template-full.php","format":"standard","meta":{"_cbd_carousel_blocks":"[]","footnotes":""},"categories":[16,14],"tags":[6138,5903,1513,4982,3906,1162,6394,19,4098,276],"class_list":{"0":"post-59882","1":"post","2":"type-post","3":"status-publish","4":"format-standard","5":"has-post-thumbnail","7":"category-aktuell","8":"category-verkehrsinfos","9":"tag-13-10-2018","10":"tag-14-10-2018","11":"tag-anschlussstelle","12":"tag-ausbau-a6","13":"tag-autobahn-a6","14":"tag-brueckenbauarbeiten","15":"tag-bundesstrasse-446","16":"tag-schwabach","17":"tag-schwabach-west","18":"tag-sperrung"},"_links":{"self":[{"href":"https:\/\/www.region-schwabach.de\/wordpress\/wp-json\/wp\/v2\/posts\/59882","targetHints":{"allow":["GET"]}}],"collection":[{"href":"https:\/\/www.region-schwabach.de\/wordpress\/wp-json\/wp\/v2\/posts"}],"about":[{"href":"https:\/\/www.region-schwabach.de\/wordpress\/wp-json\/wp\/v2\/types\/post"}],"author":[{"embeddable":true,"href":"https:\/\/www.region-schwabach.de\/wordpress\/wp-json\/wp\/v2\/users\/1"}],"replies":[{"embeddable":true,"href":"https:\/\/www.region-schwabach.de\/wordpress\/wp-json\/wp\/v2\/comments?post=59882"}],"version-history":[{"count":0,"href":"https:\/\/www.region-schwabach.de\/wordpress\/wp-json\/wp\/v2\/posts\/59882\/revisions"}],"wp:featuredmedia":[{"embeddable":true,"href":"https:\/\/www.region-schwabach.de\/wordpress\/wp-json\/wp\/v2\/media\/59883"}],"wp:attachment":[{"href":"https:\/\/www.region-schwabach.de\/wordpress\/wp-json\/wp\/v2\/media?parent=59882"}],"wp:term":[{"taxonomy":"category","embeddable":true,"href":"https:\/\/www.region-schwabach.de\/wordpress\/wp-json\/wp\/v2\/categories?post=59882"},{"taxonomy":"post_tag","embeddable":true,"href":"https:\/\/www.region-schwabach.de\/wordpress\/wp-json\/wp\/v2\/tags?post=59882"}],"curies":[{"name":"wp","href":"https:\/\/api.w.org\/{rel}","templated":true}]}}