{"id":59905,"date":"2018-10-17T00:05:54","date_gmt":"2018-10-16T22:05:54","guid":{"rendered":"http:\/\/www.region-schwabach.de\/wordpress\/?p=59905"},"modified":"2018-10-24T15:11:32","modified_gmt":"2018-10-24T13:11:32","slug":"oeffentliche-sitzung-des-umwelt-und-verkehrsausschusses-am-17-oktober-2018","status":"publish","type":"post","link":"https:\/\/www.region-schwabach.de\/wordpress\/oeffentliche-sitzung-des-umwelt-und-verkehrsausschusses-am-17-oktober-2018\/","title":{"rendered":"\u00d6ffentliche Sitzung des Umwelt- und Verkehrsausschusses am 17. Oktober 2018"},"content":{"rendered":"\t\t<div data-elementor-type=\"wp-post\" data-elementor-id=\"59905\" class=\"elementor elementor-59905 elementor-bc-flex-widget\">\n\t\t\t\t\t\t<section class=\"elementor-section elementor-top-section elementor-element elementor-element-678181b elementor-section-boxed elementor-section-height-default elementor-section-height-default\" data-id=\"678181b\" data-element_type=\"section\">\n\t\t\t\t\t\t<div class=\"elementor-container elementor-column-gap-default\">\n\t\t\t\t\t<div class=\"elementor-column elementor-col-66 elementor-top-column elementor-element elementor-element-6b34026\" data-id=\"6b34026\" data-element_type=\"column\">\n\t\t\t<div class=\"elementor-widget-wrap elementor-element-populated\">\n\t\t\t\t\t\t<div class=\"elementor-element elementor-element-443ab98 elementor-widget elementor-widget-text-editor\" data-id=\"443ab98\" data-element_type=\"widget\" data-widget_type=\"text-editor.default\">\n\t\t\t\t<div class=\"elementor-widget-container\">\n\t\t\t\t\t\t\t<h3>\u00d6ffentliche Sitzung des Umwelt- und Verkehrsausschusses<\/h3><p>Am Mittwoch, den 17.10.2018, findet im Sitzungssaal des B\u00fcrgerhauses, K\u00f6nigsplatz 33a, in Schwabach um 16.00 Uhr die\u00a0\u00f6ffentliche Sitzung des Umwelt- und Verkehrsausschusses mit foldender\u00a0Tagesordnung statt:<\/p><ol><li>\u00a0Juraleitung s\u00fcdlich Wolkersdorf &#8211; Informationen zum Netzausbau durch den Betreiber Tennet TSO GmbH<\/li><li>Mitgliedschaft der Stadt Schwabach im Boden-B\u00fcndnis;<br \/>Jahreserkl\u00e4rung und Jahresbericht Boden-B\u00fcndnis 2017\/2018<\/li><li>Naturschutz;<br \/>Bestellung der Naturschutzw\u00e4chter<\/li><li>Naturschutz;<br \/>Ungenehmigte Ma\u00dfnahmen im Bereich des Naturdenkmals 6 (Eiche im Seminargar-ten); Antrag SPD-Fraktion<\/li><li>Anfragen und Anregungen<\/li><li>Genehmigung der letzten Niederschrift<\/li><\/ol>\t\t\t\t\t\t<\/div>\n\t\t\t\t<\/div>\n\t\t\t\t<div class=\"elementor-element elementor-element-21c3450 elementor-widget-divider--view-line elementor-widget elementor-widget-divider\" data-id=\"21c3450\" data-element_type=\"widget\" data-widget_type=\"divider.default\">\n\t\t\t\t<div class=\"elementor-widget-container\">\n\t\t\t\t\t<div class=\"elementor-divider\">\n\t\t\t<span class=\"elementor-divider-separator\">\n\t\t\t\t\t\t<\/span>\n\t\t<\/div>\n\t\t\t\t<\/div>\n\t\t\t\t<\/div>\n\t\t\t\t<div class=\"elementor-element elementor-element-f4c690c elementor-widget elementor-widget-google_maps\" data-id=\"f4c690c\" data-element_type=\"widget\" data-widget_type=\"google_maps.default\">\n\t\t\t\t<div class=\"elementor-widget-container\">\n\t\t\t\t\t<div class=\"elementor-custom-embed\">\n\t\t\t<iframe loading=\"lazy\"\n\t\t\t\t\tsrc=\"https:\/\/maps.google.com\/maps?q=K%C3%B6nigsplatz%201%2C%20Schwabach%2C%20Deutschland&#038;t=m&#038;z=17&#038;output=embed&#038;iwloc=near\"\n\t\t\t\t\ttitle=\"K\u00f6nigsplatz 1, Schwabach, Deutschland\"\n\t\t\t\t\taria-label=\"K\u00f6nigsplatz 1, Schwabach, Deutschland\"\n\t\t\t><\/iframe>\n\t\t<\/div>\n\t\t\t\t<\/div>\n\t\t\t\t<\/div>\n\t\t\t\t\t<\/div>\n\t\t<\/div>\n\t\t\t\t<div class=\"elementor-column elementor-col-33 elementor-top-column elementor-element elementor-element-f645137\" data-id=\"f645137\" data-element_type=\"column\">\n\t\t\t<div class=\"elementor-widget-wrap\">\n\t\t\t\t\t\t\t<\/div>\n\t\t<\/div>\n\t\t\t\t\t<\/div>\n\t\t<\/section>\n\t\t\t\t<\/div>\n\t\t","protected":false},"excerpt":{"rendered":"<div class=\"mh-excerpt\"><p>\u00d6ffentliche Sitzung des Umwelt- und Verkehrsausschusses Am Mittwoch, den 17.10.2018, findet im Sitzungssaal des B\u00fcrgerhauses, K\u00f6nigsplatz 33a, in Schwabach um 16.00 Uhr die\u00a0\u00f6ffentliche Sitzung des Umwelt- und Verkehrsausschusses mit foldender\u00a0Tagesordnung statt: \u00a0Juraleitung s\u00fcdlich Wolkersdorf &#8211; <a class=\"mh-excerpt-more\" href=\"https:\/\/www.region-schwabach.de\/wordpress\/oeffentliche-sitzung-des-umwelt-und-verkehrsausschusses-am-17-oktober-2018\/\" title=\"\u00d6ffentliche Sitzung des Umwelt- und Verkehrsausschusses am 17. Oktober 2018\">[&#8230;]<\/a><\/p>\n<\/div>","protected":false},"author":1,"featured_media":41345,"comment_status":"open","ping_status":"open","sticky":false,"template":"","format":"standard","meta":{"_cbd_carousel_blocks":"[]","footnotes":""},"categories":[16,1,79,61],"tags":[161,6141,3604,522,1480,19,3609,3887],"class_list":{"0":"post-59905","1":"post","2":"type-post","3":"status-publish","4":"format-standard","5":"has-post-thumbnail","7":"category-aktuell","8":"category-allgemein","9":"category-politik","10":"category-rathaus","11":"tag-09-07-2017","12":"tag-17-10-2018","13":"tag-buergerhaus","14":"tag-koenigsplatz","15":"tag-rathaus","16":"tag-schwabach","17":"tag-sitzungssaal","18":"tag-umwelt-und-verkehrsausschuss"},"_links":{"self":[{"href":"https:\/\/www.region-schwabach.de\/wordpress\/wp-json\/wp\/v2\/posts\/59905","targetHints":{"allow":["GET"]}}],"collection":[{"href":"https:\/\/www.region-schwabach.de\/wordpress\/wp-json\/wp\/v2\/posts"}],"about":[{"href":"https:\/\/www.region-schwabach.de\/wordpress\/wp-json\/wp\/v2\/types\/post"}],"author":[{"embeddable":true,"href":"https:\/\/www.region-schwabach.de\/wordpress\/wp-json\/wp\/v2\/users\/1"}],"replies":[{"embeddable":true,"href":"https:\/\/www.region-schwabach.de\/wordpress\/wp-json\/wp\/v2\/comments?post=59905"}],"version-history":[{"count":0,"href":"https:\/\/www.region-schwabach.de\/wordpress\/wp-json\/wp\/v2\/posts\/59905\/revisions"}],"wp:featuredmedia":[{"embeddable":true,"href":"https:\/\/www.region-schwabach.de\/wordpress\/wp-json\/wp\/v2\/media\/41345"}],"wp:attachment":[{"href":"https:\/\/www.region-schwabach.de\/wordpress\/wp-json\/wp\/v2\/media?parent=59905"}],"wp:term":[{"taxonomy":"category","embeddable":true,"href":"https:\/\/www.region-schwabach.de\/wordpress\/wp-json\/wp\/v2\/categories?post=59905"},{"taxonomy":"post_tag","embeddable":true,"href":"https:\/\/www.region-schwabach.de\/wordpress\/wp-json\/wp\/v2\/tags?post=59905"}],"curies":[{"name":"wp","href":"https:\/\/api.w.org\/{rel}","templated":true}]}}