{"id":60338,"date":"2018-10-14T10:46:07","date_gmt":"2018-10-14T08:46:07","guid":{"rendered":"http:\/\/www.region-schwabach.de\/wordpress\/?p=60338"},"modified":"2018-10-24T22:45:58","modified_gmt":"2018-10-24T20:45:58","slug":"festnahme-nach-diebstahl-in-weissenburg","status":"publish","type":"post","link":"https:\/\/www.region-schwabach.de\/wordpress\/festnahme-nach-diebstahl-in-weissenburg\/","title":{"rendered":"Festnahme nach Diebstahl in Wei\u00dfenburg"},"content":{"rendered":"\t\t<div data-elementor-type=\"wp-post\" data-elementor-id=\"60338\" class=\"elementor elementor-60338 elementor-bc-flex-widget\">\n\t\t\t\t\t\t<section class=\"elementor-section elementor-top-section elementor-element elementor-element-1cuv9jr elementor-section-boxed elementor-section-height-default elementor-section-height-default\" data-id=\"1cuv9jr\" data-element_type=\"section\">\n\t\t\t\t\t\t<div class=\"elementor-container elementor-column-gap-default\">\n\t\t\t\t\t<div class=\"elementor-column elementor-col-66 elementor-top-column elementor-element elementor-element-q5zak7b\" data-id=\"q5zak7b\" data-element_type=\"column\">\n\t\t\t<div class=\"elementor-widget-wrap elementor-element-populated\">\n\t\t\t\t\t\t<div class=\"elementor-element elementor-element-763ecdd elementor-widget elementor-widget-text-editor\" data-id=\"763ecdd\" data-element_type=\"widget\" data-widget_type=\"text-editor.default\">\n\t\t\t\t<div class=\"elementor-widget-container\">\n\t\t\t\t\t\t\t<h3 class=\"story-headline\"><strong>Erfolgreiche Fahndung nach Diebstahl<\/strong><\/h3><p>Wei\u00dfenburg &#8211;\u00a0Am Freitagabend, den 12.10.2018, konnten drei fl\u00fcchtige T\u00e4ter (ein 17 J\u00e4hriger und zwei 18 J\u00e4hrige &#8211;\u00a0die der Polizei bereits hinl\u00e4nglich bekannt sind) im Rahmen einer umfangreichen Fahndung festgenommen werden,\u00a0 nachdem diese einen Diebstahl aus einem stillgelegten Omnibus &#8211; der in einer Halle eines Betriebes in der Industriestra\u00dfe in Wei\u00dfenburg abgestellt war &#8211; begangen hatten.<\/p><h3>Erster T\u00e4ter schnell gefasst<\/h3><p>Nachdem der Firmeninhaber gegen 17.45 Uhr einen der Diebe aus dem Bus steigen sah, fl\u00fcchtete dieser, und der Zeuge nahm die Verfolgung auf, und konnte beobachten, wie sich der Verd\u00e4chtige in einem Gestr\u00fcpp entlang der Bahngleise versteckte, wo ihn die inzwischen verst\u00e4ndigte Polizei kurz darauf festnehmen konnte.<\/p><h3>Polizeihubschrauber im Einsatz<\/h3><p>Auch die beiden anderen fl\u00fcchtenden Mitt\u00e4ter konnten letztendlich gefasst werden, nachdem an den Suchma\u00dfnahmen inzwischen auch ein Polizeihubschrauber sowie weitere Streifenbesatzungen beteiligt waren.<\/p><h3>Viele Zeugen an Fahndung beteiligt<\/h3><p>Ma\u00dfgeblich zum Fahndungserfolg beigetragen hat das aktive Mitwirken der\u00a0 schon erw\u00e4hnten Zeugen sowie mehrere Angeh\u00f6rige benachbarter Betriebe, die immer wieder durch aktuelle Standortmitteilungen der Fl\u00fcchtigen wertvolle Suchans\u00e4tze lieferten.\u00a0<\/p>\t\t\t\t\t\t<\/div>\n\t\t\t\t<\/div>\n\t\t\t\t<div class=\"elementor-element elementor-element-ace1283 elementor-widget-divider--view-line elementor-widget elementor-widget-divider\" data-id=\"ace1283\" data-element_type=\"widget\" data-widget_type=\"divider.default\">\n\t\t\t\t<div class=\"elementor-widget-container\">\n\t\t\t\t\t<div class=\"elementor-divider\">\n\t\t\t<span class=\"elementor-divider-separator\">\n\t\t\t\t\t\t<\/span>\n\t\t<\/div>\n\t\t\t\t<\/div>\n\t\t\t\t<\/div>\n\t\t\t\t<div class=\"elementor-element elementor-element-1l7zbzo elementor-widget elementor-widget-google_maps\" data-id=\"1l7zbzo\" data-element_type=\"widget\" data-widget_type=\"google_maps.default\">\n\t\t\t\t<div class=\"elementor-widget-container\">\n\t\t\t\t\t<div class=\"elementor-custom-embed\">\n\t\t\t<iframe loading=\"lazy\"\n\t\t\t\t\tsrc=\"https:\/\/maps.google.com\/maps?q=Industriestra%C3%9Fe%2C%20Wei%C3%9Fenburg%2C%20Deutschland&#038;t=m&#038;z=15&#038;output=embed&#038;iwloc=near\"\n\t\t\t\t\ttitle=\"Industriestra\u00dfe, Wei\u00dfenburg, Deutschland\"\n\t\t\t\t\taria-label=\"Industriestra\u00dfe, Wei\u00dfenburg, Deutschland\"\n\t\t\t><\/iframe>\n\t\t<\/div>\n\t\t\t\t<\/div>\n\t\t\t\t<\/div>\n\t\t\t\t\t<\/div>\n\t\t<\/div>\n\t\t\t\t<div class=\"elementor-column elementor-col-33 elementor-top-column elementor-element elementor-element-0w0urt1\" data-id=\"0w0urt1\" data-element_type=\"column\">\n\t\t\t<div class=\"elementor-widget-wrap\">\n\t\t\t\t\t\t\t<\/div>\n\t\t<\/div>\n\t\t\t\t\t<\/div>\n\t\t<\/section>\n\t\t\t\t<\/div>\n\t\t","protected":false},"excerpt":{"rendered":"<div class=\"mh-excerpt\"><p>Erfolgreiche Fahndung nach Diebstahl Wei\u00dfenburg &#8211;\u00a0Am Freitagabend, den 12.10.2018, konnten drei fl\u00fcchtige T\u00e4ter (ein 17 J\u00e4hriger und zwei 18 J\u00e4hrige &#8211;\u00a0die der Polizei bereits hinl\u00e4nglich bekannt sind) im Rahmen einer umfangreichen Fahndung festgenommen werden,\u00a0 nachdem <a class=\"mh-excerpt-more\" href=\"https:\/\/www.region-schwabach.de\/wordpress\/festnahme-nach-diebstahl-in-weissenburg\/\" title=\"Festnahme nach Diebstahl in Wei\u00dfenburg\">[&#8230;]<\/a><\/p>\n<\/div>","protected":false},"author":1,"featured_media":60339,"comment_status":"open","ping_status":"open","sticky":false,"template":"","format":"standard","meta":{"_cbd_carousel_blocks":"[]","footnotes":""},"categories":[15],"tags":[6137,30,728,43,1027,928,1481,981,494,503,249],"class_list":{"0":"post-60338","1":"post","2":"type-post","3":"status-publish","4":"format-standard","5":"has-post-thumbnail","7":"category-polizeimeldungen","8":"tag-12-10-2018","9":"tag-diebstahl","10":"tag-fahndung","11":"tag-festnahme","12":"tag-firmengelaende","13":"tag-industriestrasse","14":"tag-omnibus","15":"tag-polizei","16":"tag-polizeihubschrauber","17":"tag-suchmassnahmen","18":"tag-weissenburg"},"_links":{"self":[{"href":"https:\/\/www.region-schwabach.de\/wordpress\/wp-json\/wp\/v2\/posts\/60338","targetHints":{"allow":["GET"]}}],"collection":[{"href":"https:\/\/www.region-schwabach.de\/wordpress\/wp-json\/wp\/v2\/posts"}],"about":[{"href":"https:\/\/www.region-schwabach.de\/wordpress\/wp-json\/wp\/v2\/types\/post"}],"author":[{"embeddable":true,"href":"https:\/\/www.region-schwabach.de\/wordpress\/wp-json\/wp\/v2\/users\/1"}],"replies":[{"embeddable":true,"href":"https:\/\/www.region-schwabach.de\/wordpress\/wp-json\/wp\/v2\/comments?post=60338"}],"version-history":[{"count":0,"href":"https:\/\/www.region-schwabach.de\/wordpress\/wp-json\/wp\/v2\/posts\/60338\/revisions"}],"wp:featuredmedia":[{"embeddable":true,"href":"https:\/\/www.region-schwabach.de\/wordpress\/wp-json\/wp\/v2\/media\/60339"}],"wp:attachment":[{"href":"https:\/\/www.region-schwabach.de\/wordpress\/wp-json\/wp\/v2\/media?parent=60338"}],"wp:term":[{"taxonomy":"category","embeddable":true,"href":"https:\/\/www.region-schwabach.de\/wordpress\/wp-json\/wp\/v2\/categories?post=60338"},{"taxonomy":"post_tag","embeddable":true,"href":"https:\/\/www.region-schwabach.de\/wordpress\/wp-json\/wp\/v2\/tags?post=60338"}],"curies":[{"name":"wp","href":"https:\/\/api.w.org\/{rel}","templated":true}]}}