{"id":60364,"date":"2018-10-14T13:20:24","date_gmt":"2018-10-14T11:20:24","guid":{"rendered":"http:\/\/www.region-schwabach.de\/wordpress\/?p=60364"},"modified":"2018-10-31T11:58:24","modified_gmt":"2018-10-31T10:58:24","slug":"lindenstrasse-vom-22-obtober-bis-26-oktober-2018-gesperrt","status":"publish","type":"post","link":"https:\/\/www.region-schwabach.de\/wordpress\/lindenstrasse-vom-22-obtober-bis-26-oktober-2018-gesperrt\/","title":{"rendered":"Lindenstra\u00dfe vom 22. Obtober bis 26. Oktober 2018 gesperrt"},"content":{"rendered":"\t\t<div data-elementor-type=\"wp-post\" data-elementor-id=\"60364\" class=\"elementor elementor-60364 elementor-bc-flex-widget\">\n\t\t\t\t\t\t<section class=\"elementor-section elementor-top-section elementor-element elementor-element-1dzeyuh elementor-section-boxed elementor-section-height-default elementor-section-height-default\" data-id=\"1dzeyuh\" data-element_type=\"section\">\n\t\t\t\t\t\t<div class=\"elementor-container elementor-column-gap-default\">\n\t\t\t\t\t<div class=\"elementor-column elementor-col-66 elementor-top-column elementor-element elementor-element-aam59ft\" data-id=\"aam59ft\" data-element_type=\"column\">\n\t\t\t<div class=\"elementor-widget-wrap elementor-element-populated\">\n\t\t\t\t\t\t<div class=\"elementor-element elementor-element-k9p1oyc elementor-widget elementor-widget-text-editor\" data-id=\"k9p1oyc\" data-element_type=\"widget\" data-widget_type=\"text-editor.default\">\n\t\t\t\t<div class=\"elementor-widget-container\">\n\t\t\t\t\t\t\t<h3>Sperrung vom 22. Oktober bis 26. Oktober 2018 n\u00f6tig<\/h3><p>Schwabach &#8211; Von Montag, den 22.10.2018, bis Freitag, den 26.10.208, kommt es in Schwabach zur Sperrung der Lindenstra\u00dfe zwischen der Angerstra\u00dfe und Konrad-Adenauer-Stra\u00dfe.<\/p><h3><strong>Asphaltdeckensanierung\u00a0<\/strong><\/h3><p>Grund der Sperrung ist die Asphaltdeckensanierung zwischen der Angerstra\u00dfe und Konrad-Adenauer-Stra\u00dfe.<\/p><h3>Anliegerverkehr bis zur Baustelle m\u00f6glich<\/h3><p>W\u00e4hrend der Sperrung ist die Zufahrt f\u00fcr Anlieger beidseitig bis zur Baustelle m\u00f6glich.\u00a0Die Umleitung erfolgt beidseitig \u00fcber Friedrich-Ebert-Stra\u00dfe \u2013 Rittersbacher Stra\u00dfe \u2013 \u00c4u\u00dfere Rittersbacher Stra\u00dfe.<\/p>\t\t\t\t\t\t<\/div>\n\t\t\t\t<\/div>\n\t\t\t\t<div class=\"elementor-element elementor-element-rf47wqh elementor-widget elementor-widget-google_maps\" data-id=\"rf47wqh\" data-element_type=\"widget\" data-widget_type=\"google_maps.default\">\n\t\t\t\t<div class=\"elementor-widget-container\">\n\t\t\t\t\t<div class=\"elementor-custom-embed\">\n\t\t\t<iframe loading=\"lazy\"\n\t\t\t\t\tsrc=\"https:\/\/maps.google.com\/maps?q=Lindenstra%C3%9Fe%2C%20Schwabach%2C%20Deutschland&#038;t=m&#038;z=15&#038;output=embed&#038;iwloc=near\"\n\t\t\t\t\ttitle=\"Lindenstra\u00dfe, Schwabach, Deutschland\"\n\t\t\t\t\taria-label=\"Lindenstra\u00dfe, Schwabach, Deutschland\"\n\t\t\t><\/iframe>\n\t\t<\/div>\n\t\t\t\t<\/div>\n\t\t\t\t<\/div>\n\t\t\t\t\t<\/div>\n\t\t<\/div>\n\t\t\t\t<div class=\"elementor-column elementor-col-33 elementor-top-column elementor-element elementor-element-uferl75\" data-id=\"uferl75\" data-element_type=\"column\">\n\t\t\t<div class=\"elementor-widget-wrap\">\n\t\t\t\t\t\t\t<\/div>\n\t\t<\/div>\n\t\t\t\t\t<\/div>\n\t\t<\/section>\n\t\t\t\t<\/div>\n\t\t","protected":false},"excerpt":{"rendered":"<div class=\"mh-excerpt\"><p>Sperrung vom 22. Oktober bis 26. Oktober 2018 n\u00f6tig Schwabach &#8211; Von Montag, den 22.10.2018, bis Freitag, den 26.10.208, kommt es in Schwabach zur Sperrung der Lindenstra\u00dfe zwischen der Angerstra\u00dfe und Konrad-Adenauer-Stra\u00dfe. Asphaltdeckensanierung\u00a0 Grund der <a class=\"mh-excerpt-more\" href=\"https:\/\/www.region-schwabach.de\/wordpress\/lindenstrasse-vom-22-obtober-bis-26-oktober-2018-gesperrt\/\" title=\"Lindenstra\u00dfe vom 22. Obtober bis 26. Oktober 2018 gesperrt\">[&#8230;]<\/a><\/p>\n<\/div>","protected":false},"author":1,"featured_media":60365,"comment_status":"open","ping_status":"open","sticky":false,"template":"template-full.php","format":"standard","meta":{"_cbd_carousel_blocks":"[]","footnotes":""},"categories":[14],"tags":[6413,941,1184,2104,1186,19,276],"class_list":{"0":"post-60364","1":"post","2":"type-post","3":"status-publish","4":"format-standard","5":"has-post-thumbnail","7":"category-verkehrsinfos","8":"tag-22-oktober-bis-26-oktober-2018","9":"tag-angerstrasse","10":"tag-asphaltdeckensanierung","11":"tag-konrad-adenauer-strasse","12":"tag-lindenstrasse","13":"tag-schwabach","14":"tag-sperrung"},"_links":{"self":[{"href":"https:\/\/www.region-schwabach.de\/wordpress\/wp-json\/wp\/v2\/posts\/60364","targetHints":{"allow":["GET"]}}],"collection":[{"href":"https:\/\/www.region-schwabach.de\/wordpress\/wp-json\/wp\/v2\/posts"}],"about":[{"href":"https:\/\/www.region-schwabach.de\/wordpress\/wp-json\/wp\/v2\/types\/post"}],"author":[{"embeddable":true,"href":"https:\/\/www.region-schwabach.de\/wordpress\/wp-json\/wp\/v2\/users\/1"}],"replies":[{"embeddable":true,"href":"https:\/\/www.region-schwabach.de\/wordpress\/wp-json\/wp\/v2\/comments?post=60364"}],"version-history":[{"count":0,"href":"https:\/\/www.region-schwabach.de\/wordpress\/wp-json\/wp\/v2\/posts\/60364\/revisions"}],"wp:featuredmedia":[{"embeddable":true,"href":"https:\/\/www.region-schwabach.de\/wordpress\/wp-json\/wp\/v2\/media\/60365"}],"wp:attachment":[{"href":"https:\/\/www.region-schwabach.de\/wordpress\/wp-json\/wp\/v2\/media?parent=60364"}],"wp:term":[{"taxonomy":"category","embeddable":true,"href":"https:\/\/www.region-schwabach.de\/wordpress\/wp-json\/wp\/v2\/categories?post=60364"},{"taxonomy":"post_tag","embeddable":true,"href":"https:\/\/www.region-schwabach.de\/wordpress\/wp-json\/wp\/v2\/tags?post=60364"}],"curies":[{"name":"wp","href":"https:\/\/api.w.org\/{rel}","templated":true}]}}