{"id":60373,"date":"2018-10-21T00:04:11","date_gmt":"2018-10-20T22:04:11","guid":{"rendered":"http:\/\/www.region-schwabach.de\/wordpress\/?p=60373"},"modified":"2018-11-14T22:17:07","modified_gmt":"2018-11-14T21:17:07","slug":"innenstadt-wegen-schwabach-trempelt-teilweise-gesperrt","status":"publish","type":"post","link":"https:\/\/www.region-schwabach.de\/wordpress\/innenstadt-wegen-schwabach-trempelt-teilweise-gesperrt\/","title":{"rendered":"Innenstadt wegen \u201eSchwabach trempelt\u201c teilweise gesperrt"},"content":{"rendered":"\t\t<div data-elementor-type=\"wp-post\" data-elementor-id=\"60373\" class=\"elementor elementor-60373 elementor-bc-flex-widget\">\n\t\t\t\t\t\t<section class=\"elementor-section elementor-top-section elementor-element elementor-element-678181b elementor-section-boxed elementor-section-height-default elementor-section-height-default\" data-id=\"678181b\" data-element_type=\"section\">\n\t\t\t\t\t\t<div class=\"elementor-container elementor-column-gap-default\">\n\t\t\t\t\t<div class=\"elementor-column elementor-col-66 elementor-top-column elementor-element elementor-element-6b34026\" data-id=\"6b34026\" data-element_type=\"column\">\n\t\t\t<div class=\"elementor-widget-wrap elementor-element-populated\">\n\t\t\t\t\t\t<div class=\"elementor-element elementor-element-443ab98 elementor-widget elementor-widget-text-editor\" data-id=\"443ab98\" data-element_type=\"widget\" data-widget_type=\"text-editor.default\">\n\t\t\t\t<div class=\"elementor-widget-container\">\n\t\t\t\t\t\t\t<div class=\"fieldsattachment after_article\"><h3 class=\"idgroup_7 group_container\">Sonntag, den 21. Oktober 2018 ist wieder\u00a0Trempelzeit in Schwabach<\/h3><p class=\"idgroup_7 group_container\">Schwabach &#8211;\u00a0Wegen der Veranstaltung \u201eSchwabach trempelt\u201c wird ein Teil der Altstadt am Sonntag, den 21.10.2018, in der Zeit zwischen 08.00 Uhr und 19.00 Uhr f\u00fcr den Verkehr gesperrt.\u00a0Anlieger werden um R\u00fccksichtnahme und Verst\u00e4ndnis gebeten.\u00a0Die Zufahrt zur Tiefgarage \u00fcber die Rathausgasse bleibt bestehen.<\/p><h3>Auch \u00f6ffentlicher Nahverkehr betroffen<\/h3><p class=\"idgroup_7 group_container\">Aufgrund der Sperrung kann auch die Haltestelle Rathaus nicht angefahren werden. Die Fahrg\u00e4ste werden gebeten, die Informationen an den Haltestellen und in den Bussen zu beachten.<\/p><p><a href=\"http:\/\/www.schwabach-mobil.de\/dateien\/bilder\/Umleitungen_2018_Stadtverkehr_Schwabach.pdf\" target=\"_blank\" rel=\"noopener\">Hier gibt es einen Flyer mit den \u00c4nderungen zum Download &#8230;<\/a><\/p><h3>Taxistand wird verlegt<\/h3><p>F\u00fcr die Dauer der Veranstaltung wird der Taxistand vom Martin-Luther-Platz in die Rathausgasse zwischen S\u00fcdliche Mauerstra\u00dfe und S\u00fcdliche Ringstra\u00dfe verlegt.<\/p><\/div>\t\t\t\t\t\t<\/div>\n\t\t\t\t<\/div>\n\t\t\t\t<div class=\"elementor-element elementor-element-21c3450 elementor-widget-divider--view-line elementor-widget elementor-widget-divider\" data-id=\"21c3450\" data-element_type=\"widget\" data-widget_type=\"divider.default\">\n\t\t\t\t<div class=\"elementor-widget-container\">\n\t\t\t\t\t<div class=\"elementor-divider\">\n\t\t\t<span class=\"elementor-divider-separator\">\n\t\t\t\t\t\t<\/span>\n\t\t<\/div>\n\t\t\t\t<\/div>\n\t\t\t\t<\/div>\n\t\t\t\t<div class=\"elementor-element elementor-element-f4c690c elementor-widget elementor-widget-google_maps\" data-id=\"f4c690c\" data-element_type=\"widget\" data-widget_type=\"google_maps.default\">\n\t\t\t\t<div class=\"elementor-widget-container\">\n\t\t\t\t\t<div class=\"elementor-custom-embed\">\n\t\t\t<iframe loading=\"lazy\"\n\t\t\t\t\tsrc=\"https:\/\/maps.google.com\/maps?q=K%C3%B6nigsplatz%201%2C%20Schwabach%2C%20Deutschland&#038;t=m&#038;z=17&#038;output=embed&#038;iwloc=near\"\n\t\t\t\t\ttitle=\"K\u00f6nigsplatz 1, Schwabach, Deutschland\"\n\t\t\t\t\taria-label=\"K\u00f6nigsplatz 1, Schwabach, Deutschland\"\n\t\t\t><\/iframe>\n\t\t<\/div>\n\t\t\t\t<\/div>\n\t\t\t\t<\/div>\n\t\t\t\t\t<\/div>\n\t\t<\/div>\n\t\t\t\t<div class=\"elementor-column elementor-col-33 elementor-top-column elementor-element elementor-element-f645137\" data-id=\"f645137\" data-element_type=\"column\">\n\t\t\t<div class=\"elementor-widget-wrap\">\n\t\t\t\t\t\t\t<\/div>\n\t\t<\/div>\n\t\t\t\t\t<\/div>\n\t\t<\/section>\n\t\t\t\t<\/div>\n\t\t","protected":false},"excerpt":{"rendered":"<div class=\"mh-excerpt\"><p>Sonntag, den 21. Oktober 2018 ist wieder\u00a0Trempelzeit in Schwabach Schwabach &#8211;\u00a0Wegen der Veranstaltung \u201eSchwabach trempelt\u201c wird ein Teil der Altstadt am Sonntag, den 21.10.2018, in der Zeit zwischen 08.00 Uhr und 19.00 Uhr f\u00fcr den <a class=\"mh-excerpt-more\" href=\"https:\/\/www.region-schwabach.de\/wordpress\/innenstadt-wegen-schwabach-trempelt-teilweise-gesperrt\/\" title=\"Innenstadt wegen \u201eSchwabach trempelt\u201c teilweise gesperrt\">[&#8230;]<\/a><\/p>\n<\/div>","protected":false},"author":1,"featured_media":60374,"comment_status":"open","ping_status":"open","sticky":false,"template":"","format":"standard","meta":{"_cbd_carousel_blocks":"[]","footnotes":""},"categories":[16,61,14],"tags":[6397,5817,343,4234,388,6401,522,1480,6398,19,5224,4603,6400,27,6399,1625],"class_list":{"0":"post-60373","1":"post","2":"type-post","3":"status-publish","4":"format-standard","5":"has-post-thumbnail","7":"category-aktuell","8":"category-rathaus","9":"category-verkehrsinfos","10":"tag-schwabach-trempelt","11":"tag-21-10-2018","12":"tag-bachgasse","13":"tag-flohmarkt","14":"tag-innenstadt","15":"tag-kappadozia","16":"tag-koenigsplatz","17":"tag-rathaus","18":"tag-schaetze","19":"tag-schwabach","20":"tag-spitalberg","21":"tag-trempelmarkt","22":"tag-trempelzone","23":"tag-verkaufsoffener-sonntag","24":"tag-zellerhof","25":"tag-zoellnertorstrasse"},"_links":{"self":[{"href":"https:\/\/www.region-schwabach.de\/wordpress\/wp-json\/wp\/v2\/posts\/60373","targetHints":{"allow":["GET"]}}],"collection":[{"href":"https:\/\/www.region-schwabach.de\/wordpress\/wp-json\/wp\/v2\/posts"}],"about":[{"href":"https:\/\/www.region-schwabach.de\/wordpress\/wp-json\/wp\/v2\/types\/post"}],"author":[{"embeddable":true,"href":"https:\/\/www.region-schwabach.de\/wordpress\/wp-json\/wp\/v2\/users\/1"}],"replies":[{"embeddable":true,"href":"https:\/\/www.region-schwabach.de\/wordpress\/wp-json\/wp\/v2\/comments?post=60373"}],"version-history":[{"count":0,"href":"https:\/\/www.region-schwabach.de\/wordpress\/wp-json\/wp\/v2\/posts\/60373\/revisions"}],"wp:featuredmedia":[{"embeddable":true,"href":"https:\/\/www.region-schwabach.de\/wordpress\/wp-json\/wp\/v2\/media\/60374"}],"wp:attachment":[{"href":"https:\/\/www.region-schwabach.de\/wordpress\/wp-json\/wp\/v2\/media?parent=60373"}],"wp:term":[{"taxonomy":"category","embeddable":true,"href":"https:\/\/www.region-schwabach.de\/wordpress\/wp-json\/wp\/v2\/categories?post=60373"},{"taxonomy":"post_tag","embeddable":true,"href":"https:\/\/www.region-schwabach.de\/wordpress\/wp-json\/wp\/v2\/tags?post=60373"}],"curies":[{"name":"wp","href":"https:\/\/api.w.org\/{rel}","templated":true}]}}