{"id":60578,"date":"2018-10-15T11:50:44","date_gmt":"2018-10-15T09:50:44","guid":{"rendered":"http:\/\/www.region-schwabach.de\/wordpress\/?p=60578"},"modified":"2018-10-24T15:16:20","modified_gmt":"2018-10-24T13:16:20","slug":"zwei-motorradfahrer-nach-sturz-bei-spalt-verletzt","status":"publish","type":"post","link":"https:\/\/www.region-schwabach.de\/wordpress\/zwei-motorradfahrer-nach-sturz-bei-spalt-verletzt\/","title":{"rendered":"Zwei Motorradfahrer nach Sturz bei Spalt verletzt"},"content":{"rendered":"\t\t<div data-elementor-type=\"wp-post\" data-elementor-id=\"60578\" class=\"elementor elementor-60578 elementor-bc-flex-widget\">\n\t\t\t\t\t\t<section class=\"elementor-section elementor-top-section elementor-element elementor-element-1cuv9jr elementor-section-boxed elementor-section-height-default elementor-section-height-default\" data-id=\"1cuv9jr\" data-element_type=\"section\">\n\t\t\t\t\t\t<div class=\"elementor-container elementor-column-gap-default\">\n\t\t\t\t\t<div class=\"elementor-column elementor-col-66 elementor-top-column elementor-element elementor-element-q5zak7b\" data-id=\"q5zak7b\" data-element_type=\"column\">\n\t\t\t<div class=\"elementor-widget-wrap elementor-element-populated\">\n\t\t\t\t\t\t<div class=\"elementor-element elementor-element-763ecdd elementor-widget elementor-widget-text-editor\" data-id=\"763ecdd\" data-element_type=\"widget\" data-widget_type=\"text-editor.default\">\n\t\t\t\t<div class=\"elementor-widget-container\">\n\t\t\t\t\t\t\t<h3><strong>Motorradunfall bei Spalt<\/strong><\/h3><p>Spalt &#8211; Am Sonntagnachmittag, den 14.10.2018, fuhren zwei Motorr\u00e4der hinter einem PKW auf der Kreisstra\u00dfe von Gro\u00dfweingarten in Richtung Hagsbronn hinterher, als sie diesen nach einer Rechtskurve \u00fcberholen wollten.<\/p><h3>Bei missgl\u00fccktem \u00dcberholman\u00f6ver kollidiert<\/h3><p>Als der PKW jedoch vor der Abzweigung nach Ottmansberg den linken Blinker setzte, brach der nachfolgende Kawasaki-Fahrer sein \u00dcberholman\u00f6ver ab, was jedoch die nachfolgende Triumph-Fahrerin zu sp\u00e4t bemerkte, weshalb die beiden Motorradfahrer kollidierten.<\/p><h3>Rettungshubschrauber im Einsatz<\/h3><p>Bei dem folgenden Sturz wurde der 57-j\u00e4hrige Kawasaki-Fahrer leich,t und die 49-j\u00e4hrigeTriumph-Fahrerin schwer verletzt, weshalb ein Notarzt mit dem Rettungshubschrauber zur Unfallstelle kam. Anschlie\u00dfend wurde die Verletzte vom Rettungsdienst ins Krankenhaus gebracht. An den beiden Motorr\u00e4dern entstand ein Gesamtschaden in H\u00f6he von ca. 11.000 Euro.\u00a0<\/p>\t\t\t\t\t\t<\/div>\n\t\t\t\t<\/div>\n\t\t\t\t<div class=\"elementor-element elementor-element-ace1283 elementor-widget-divider--view-line elementor-widget elementor-widget-divider\" data-id=\"ace1283\" data-element_type=\"widget\" data-widget_type=\"divider.default\">\n\t\t\t\t<div class=\"elementor-widget-container\">\n\t\t\t\t\t<div class=\"elementor-divider\">\n\t\t\t<span class=\"elementor-divider-separator\">\n\t\t\t\t\t\t<\/span>\n\t\t<\/div>\n\t\t\t\t<\/div>\n\t\t\t\t<\/div>\n\t\t\t\t<div class=\"elementor-element elementor-element-1l7zbzo elementor-widget elementor-widget-google_maps\" data-id=\"1l7zbzo\" data-element_type=\"widget\" data-widget_type=\"google_maps.default\">\n\t\t\t\t<div class=\"elementor-widget-container\">\n\t\t\t\t\t<div class=\"elementor-custom-embed\">\n\t\t\t<iframe loading=\"lazy\"\n\t\t\t\t\tsrc=\"https:\/\/maps.google.com\/maps?q=49.162052%2C%2010.913677&#038;t=m&#038;z=14&#038;output=embed&#038;iwloc=near\"\n\t\t\t\t\ttitle=\"49.162052, 10.913677\"\n\t\t\t\t\taria-label=\"49.162052, 10.913677\"\n\t\t\t><\/iframe>\n\t\t<\/div>\n\t\t\t\t<\/div>\n\t\t\t\t<\/div>\n\t\t\t\t\t<\/div>\n\t\t<\/div>\n\t\t\t\t<div class=\"elementor-column elementor-col-33 elementor-top-column elementor-element elementor-element-0w0urt1\" data-id=\"0w0urt1\" data-element_type=\"column\">\n\t\t\t<div class=\"elementor-widget-wrap\">\n\t\t\t\t\t\t\t<\/div>\n\t\t<\/div>\n\t\t\t\t\t<\/div>\n\t\t<\/section>\n\t\t\t\t<\/div>\n\t\t","protected":false},"excerpt":{"rendered":"<div class=\"mh-excerpt\"><p>Motorradunfall bei Spalt Spalt &#8211; Am Sonntagnachmittag, den 14.10.2018, fuhren zwei Motorr\u00e4der hinter einem PKW auf der Kreisstra\u00dfe von Gro\u00dfweingarten in Richtung Hagsbronn hinterher, als sie diesen nach einer Rechtskurve \u00fcberholen wollten. Bei missgl\u00fccktem \u00dcberholman\u00f6ver <a class=\"mh-excerpt-more\" href=\"https:\/\/www.region-schwabach.de\/wordpress\/zwei-motorradfahrer-nach-sturz-bei-spalt-verletzt\/\" title=\"Zwei Motorradfahrer nach Sturz bei Spalt verletzt\">[&#8230;]<\/a><\/p>\n<\/div>","protected":false},"author":1,"featured_media":60579,"comment_status":"open","ping_status":"open","sticky":false,"template":"","format":"standard","meta":{"_cbd_carousel_blocks":"[]","footnotes":""},"categories":[15],"tags":[5903,3077,3667,762,6438,563,6439,463,981,972,32,401,713,875,4936,334,6437],"class_list":{"0":"post-60578","1":"post","2":"type-post","3":"status-publish","4":"format-standard","5":"has-post-thumbnail","7":"category-polizeimeldungen","8":"tag-14-10-2018","9":"tag-grossweingarten","10":"tag-hagsbronn","11":"tag-kreisstrasse","12":"tag-kwasaki","13":"tag-motorrad","14":"tag-ottmansberg","15":"tag-pkw","16":"tag-polizei","17":"tag-rettungshubschrauber","18":"tag-roth","19":"tag-sachschaden","20":"tag-schaden","21":"tag-sturz","22":"tag-triumph","23":"tag-unfall","24":"tag-verletzte-motorradfahrer"},"_links":{"self":[{"href":"https:\/\/www.region-schwabach.de\/wordpress\/wp-json\/wp\/v2\/posts\/60578","targetHints":{"allow":["GET"]}}],"collection":[{"href":"https:\/\/www.region-schwabach.de\/wordpress\/wp-json\/wp\/v2\/posts"}],"about":[{"href":"https:\/\/www.region-schwabach.de\/wordpress\/wp-json\/wp\/v2\/types\/post"}],"author":[{"embeddable":true,"href":"https:\/\/www.region-schwabach.de\/wordpress\/wp-json\/wp\/v2\/users\/1"}],"replies":[{"embeddable":true,"href":"https:\/\/www.region-schwabach.de\/wordpress\/wp-json\/wp\/v2\/comments?post=60578"}],"version-history":[{"count":0,"href":"https:\/\/www.region-schwabach.de\/wordpress\/wp-json\/wp\/v2\/posts\/60578\/revisions"}],"wp:featuredmedia":[{"embeddable":true,"href":"https:\/\/www.region-schwabach.de\/wordpress\/wp-json\/wp\/v2\/media\/60579"}],"wp:attachment":[{"href":"https:\/\/www.region-schwabach.de\/wordpress\/wp-json\/wp\/v2\/media?parent=60578"}],"wp:term":[{"taxonomy":"category","embeddable":true,"href":"https:\/\/www.region-schwabach.de\/wordpress\/wp-json\/wp\/v2\/categories?post=60578"},{"taxonomy":"post_tag","embeddable":true,"href":"https:\/\/www.region-schwabach.de\/wordpress\/wp-json\/wp\/v2\/tags?post=60578"}],"curies":[{"name":"wp","href":"https:\/\/api.w.org\/{rel}","templated":true}]}}