{"id":60792,"date":"2018-10-16T10:06:42","date_gmt":"2018-10-16T08:06:42","guid":{"rendered":"http:\/\/www.region-schwabach.de\/wordpress\/?p=60792"},"modified":"2018-10-24T15:14:23","modified_gmt":"2018-10-24T13:14:23","slug":"unfall-aus-unachtsamkeit-bei-greding","status":"publish","type":"post","link":"https:\/\/www.region-schwabach.de\/wordpress\/unfall-aus-unachtsamkeit-bei-greding\/","title":{"rendered":"Unfall aus Unachtsamkeit bei Greding"},"content":{"rendered":"\t\t<div data-elementor-type=\"wp-post\" data-elementor-id=\"60792\" class=\"elementor elementor-60792 elementor-bc-flex-widget\">\n\t\t\t\t\t\t<section class=\"elementor-section elementor-top-section elementor-element elementor-element-1cuv9jr elementor-section-boxed elementor-section-height-default elementor-section-height-default\" data-id=\"1cuv9jr\" data-element_type=\"section\">\n\t\t\t\t\t\t<div class=\"elementor-container elementor-column-gap-default\">\n\t\t\t\t\t<div class=\"elementor-column elementor-col-66 elementor-top-column elementor-element elementor-element-q5zak7b\" data-id=\"q5zak7b\" data-element_type=\"column\">\n\t\t\t<div class=\"elementor-widget-wrap elementor-element-populated\">\n\t\t\t\t\t\t<div class=\"elementor-element elementor-element-86qws23 elementor-widget elementor-widget-text-editor\" data-id=\"86qws23\" data-element_type=\"widget\" data-widget_type=\"text-editor.default\">\n\t\t\t\t<div class=\"elementor-widget-container\">\n\t\t\t\t\t\t\t<h3><strong>Unfall aus Unachtsamkeit<\/strong><\/h3><p>Greding &#8211; Am Montagmorgen, den 15.10.2018 verursachte eine 63-j\u00e4hrige PKW-Fahrerin auf der Staatsstra\u00dfe 2227 bei Greding einen Unfall, als sie aus Unachtsamkeit mit den R\u00e4dern nach rechts ins geschotterte Bankett geriet, und dabei die Kontrolle \u00fcber ihr Fahrzeug verlor.<\/p><h3>Fahrerin leicht verletzt<\/h3><p>Im Anschlu\u00df schleuderte sie quer \u00fcber die Fahrbahn, und stie\u00df danach mit der Fahrzeugfront in die dortige B\u00f6schung, wobei sich der PKW \u00fcberschlug und schlie\u00dflich auf der Beifahrerseite zum Liegen kam. Die Frau verletzte sich dabei leicht, und wurde ins Krankenhaus gebracht. Der PKW &#8211; an dem ein Sachschaden in H\u00f6he von ca. 5.000 Euro entstand &#8211; war nicht mehr fahrbereit und mu\u00dfte abgeschleppt werden.<\/p>\t\t\t\t\t\t<\/div>\n\t\t\t\t<\/div>\n\t\t\t\t<div class=\"elementor-element elementor-element-ace1283 elementor-widget-divider--view-line elementor-widget elementor-widget-divider\" data-id=\"ace1283\" data-element_type=\"widget\" data-widget_type=\"divider.default\">\n\t\t\t\t<div class=\"elementor-widget-container\">\n\t\t\t\t\t<div class=\"elementor-divider\">\n\t\t\t<span class=\"elementor-divider-separator\">\n\t\t\t\t\t\t<\/span>\n\t\t<\/div>\n\t\t\t\t<\/div>\n\t\t\t\t<\/div>\n\t\t\t\t<div class=\"elementor-element elementor-element-1l7zbzo elementor-widget elementor-widget-google_maps\" data-id=\"1l7zbzo\" data-element_type=\"widget\" data-widget_type=\"google_maps.default\">\n\t\t\t\t<div class=\"elementor-widget-container\">\n\t\t\t\t\t<div class=\"elementor-custom-embed\">\n\t\t\t<iframe loading=\"lazy\"\n\t\t\t\t\tsrc=\"https:\/\/maps.google.com\/maps?q=Greding%2C%20Deutschland&#038;t=m&#038;z=11&#038;output=embed&#038;iwloc=near\"\n\t\t\t\t\ttitle=\"Greding, Deutschland\"\n\t\t\t\t\taria-label=\"Greding, Deutschland\"\n\t\t\t><\/iframe>\n\t\t<\/div>\n\t\t\t\t<\/div>\n\t\t\t\t<\/div>\n\t\t\t\t\t<\/div>\n\t\t<\/div>\n\t\t\t\t<div class=\"elementor-column elementor-col-33 elementor-top-column elementor-element elementor-element-0w0urt1\" data-id=\"0w0urt1\" data-element_type=\"column\">\n\t\t\t<div class=\"elementor-widget-wrap\">\n\t\t\t\t\t\t\t<\/div>\n\t\t<\/div>\n\t\t\t\t\t<\/div>\n\t\t<\/section>\n\t\t\t\t<\/div>\n\t\t","protected":false},"excerpt":{"rendered":"<div class=\"mh-excerpt\"><p>Unfall aus Unachtsamkeit Greding &#8211; Am Montagmorgen, den 15.10.2018 verursachte eine 63-j\u00e4hrige PKW-Fahrerin auf der Staatsstra\u00dfe 2227 bei Greding einen Unfall, als sie aus Unachtsamkeit mit den R\u00e4dern nach rechts ins geschotterte Bankett geriet, und <a class=\"mh-excerpt-more\" href=\"https:\/\/www.region-schwabach.de\/wordpress\/unfall-aus-unachtsamkeit-bei-greding\/\" title=\"Unfall aus Unachtsamkeit bei Greding\">[&#8230;]<\/a><\/p>\n<\/div>","protected":false},"author":1,"featured_media":60793,"comment_status":"open","ping_status":"open","sticky":false,"template":"","format":"standard","meta":{"_cbd_carousel_blocks":"[]","footnotes":""},"categories":[15],"tags":[6139,1555,1905,788,1598,297,1856,1375,463,981,401,713,1486,334],"class_list":{"0":"post-60792","1":"post","2":"type-post","3":"status-publish","4":"format-standard","5":"has-post-thumbnail","7":"category-polizeimeldungen","8":"tag-15-10-2018","9":"tag-abschleppdienst","10":"tag-bankett","11":"tag-beifahrerseite","12":"tag-boeschung","13":"tag-hilpoltstein","14":"tag-krankenhaus","15":"tag-leicht-verletzt","16":"tag-pkw","17":"tag-polizei","18":"tag-sachschaden","19":"tag-schaden","20":"tag-staatsstrasse-2227","21":"tag-unfall"},"_links":{"self":[{"href":"https:\/\/www.region-schwabach.de\/wordpress\/wp-json\/wp\/v2\/posts\/60792","targetHints":{"allow":["GET"]}}],"collection":[{"href":"https:\/\/www.region-schwabach.de\/wordpress\/wp-json\/wp\/v2\/posts"}],"about":[{"href":"https:\/\/www.region-schwabach.de\/wordpress\/wp-json\/wp\/v2\/types\/post"}],"author":[{"embeddable":true,"href":"https:\/\/www.region-schwabach.de\/wordpress\/wp-json\/wp\/v2\/users\/1"}],"replies":[{"embeddable":true,"href":"https:\/\/www.region-schwabach.de\/wordpress\/wp-json\/wp\/v2\/comments?post=60792"}],"version-history":[{"count":0,"href":"https:\/\/www.region-schwabach.de\/wordpress\/wp-json\/wp\/v2\/posts\/60792\/revisions"}],"wp:featuredmedia":[{"embeddable":true,"href":"https:\/\/www.region-schwabach.de\/wordpress\/wp-json\/wp\/v2\/media\/60793"}],"wp:attachment":[{"href":"https:\/\/www.region-schwabach.de\/wordpress\/wp-json\/wp\/v2\/media?parent=60792"}],"wp:term":[{"taxonomy":"category","embeddable":true,"href":"https:\/\/www.region-schwabach.de\/wordpress\/wp-json\/wp\/v2\/categories?post=60792"},{"taxonomy":"post_tag","embeddable":true,"href":"https:\/\/www.region-schwabach.de\/wordpress\/wp-json\/wp\/v2\/tags?post=60792"}],"curies":[{"name":"wp","href":"https:\/\/api.w.org\/{rel}","templated":true}]}}