{"id":60822,"date":"2018-10-16T12:54:31","date_gmt":"2018-10-16T10:54:31","guid":{"rendered":"http:\/\/www.region-schwabach.de\/wordpress\/?p=60822"},"modified":"2018-10-24T15:12:39","modified_gmt":"2018-10-24T13:12:39","slug":"verkehrsunfall-mit-verletzten-bei-grossweingarten","status":"publish","type":"post","link":"https:\/\/www.region-schwabach.de\/wordpress\/verkehrsunfall-mit-verletzten-bei-grossweingarten\/","title":{"rendered":"Verkehrsunfall mit Verletzten bei Gro\u00dfweingarten"},"content":{"rendered":"\t\t<div data-elementor-type=\"wp-post\" data-elementor-id=\"60822\" class=\"elementor elementor-60822 elementor-bc-flex-widget\">\n\t\t\t\t\t\t<section class=\"elementor-section elementor-top-section elementor-element elementor-element-1cuv9jr elementor-section-boxed elementor-section-height-default elementor-section-height-default\" data-id=\"1cuv9jr\" data-element_type=\"section\">\n\t\t\t\t\t\t<div class=\"elementor-container elementor-column-gap-default\">\n\t\t\t\t\t<div class=\"elementor-column elementor-col-66 elementor-top-column elementor-element elementor-element-q5zak7b\" data-id=\"q5zak7b\" data-element_type=\"column\">\n\t\t\t<div class=\"elementor-widget-wrap elementor-element-populated\">\n\t\t\t\t\t\t<div class=\"elementor-element elementor-element-763ecdd elementor-widget elementor-widget-text-editor\" data-id=\"763ecdd\" data-element_type=\"widget\" data-widget_type=\"text-editor.default\">\n\t\t\t\t<div class=\"elementor-widget-container\">\n\t\t\t\t\t\t\t<h3><strong>Verkehrsunfall mit zwei Verletzten<\/strong><\/h3><p>Spalt &#8211; Am Montagnachmittag, den 15.10.18, war eine 18-j\u00e4hrige Pkw-Fahrerin gegen 13.20 Uhr auf der Staatsstra\u00dfe von Spalt in Richtung Georgensgm\u00fcnd unterwegs, als sie nach der Abzweigung nach Gro\u00dfweingarten aus bislang unbekannten Gr\u00fcnden nach rechts von der Fahrbahn abkam, und sich \u00fcberschlug. Dabei wurde die Unfallverursacherin schwer, die Beifahrerin leicht verletzt, und beide wurden ins Krankenhaus eingeliefert.<\/p>\t\t\t\t\t\t<\/div>\n\t\t\t\t<\/div>\n\t\t\t\t<div class=\"elementor-element elementor-element-ace1283 elementor-widget-divider--view-line elementor-widget elementor-widget-divider\" data-id=\"ace1283\" data-element_type=\"widget\" data-widget_type=\"divider.default\">\n\t\t\t\t<div class=\"elementor-widget-container\">\n\t\t\t\t\t<div class=\"elementor-divider\">\n\t\t\t<span class=\"elementor-divider-separator\">\n\t\t\t\t\t\t<\/span>\n\t\t<\/div>\n\t\t\t\t<\/div>\n\t\t\t\t<\/div>\n\t\t\t\t<div class=\"elementor-element elementor-element-1l7zbzo elementor-widget elementor-widget-google_maps\" data-id=\"1l7zbzo\" data-element_type=\"widget\" data-widget_type=\"google_maps.default\">\n\t\t\t\t<div class=\"elementor-widget-container\">\n\t\t\t\t\t<div class=\"elementor-custom-embed\">\n\t\t\t<iframe loading=\"lazy\"\n\t\t\t\t\tsrc=\"https:\/\/maps.google.com\/maps?q=49.171393%2C%2010.963374&#038;t=m&#038;z=13&#038;output=embed&#038;iwloc=near\"\n\t\t\t\t\ttitle=\"49.171393, 10.963374\"\n\t\t\t\t\taria-label=\"49.171393, 10.963374\"\n\t\t\t><\/iframe>\n\t\t<\/div>\n\t\t\t\t<\/div>\n\t\t\t\t<\/div>\n\t\t\t\t\t<\/div>\n\t\t<\/div>\n\t\t\t\t<div class=\"elementor-column elementor-col-33 elementor-top-column elementor-element elementor-element-0w0urt1\" data-id=\"0w0urt1\" data-element_type=\"column\">\n\t\t\t<div class=\"elementor-widget-wrap\">\n\t\t\t\t\t\t\t<\/div>\n\t\t<\/div>\n\t\t\t\t\t<\/div>\n\t\t<\/section>\n\t\t\t\t<\/div>\n\t\t","protected":false},"excerpt":{"rendered":"<div class=\"mh-excerpt\"><p>Verkehrsunfall mit zwei Verletzten Spalt &#8211; Am Montagnachmittag, den 15.10.18, war eine 18-j\u00e4hrige Pkw-Fahrerin gegen 13.20 Uhr auf der Staatsstra\u00dfe von Spalt in Richtung Georgensgm\u00fcnd unterwegs, als sie nach der Abzweigung nach Gro\u00dfweingarten aus bislang <a class=\"mh-excerpt-more\" href=\"https:\/\/www.region-schwabach.de\/wordpress\/verkehrsunfall-mit-verletzten-bei-grossweingarten\/\" title=\"Verkehrsunfall mit Verletzten bei Gro\u00dfweingarten\">[&#8230;]<\/a><\/p>\n<\/div>","protected":false},"author":1,"featured_media":60823,"comment_status":"open","ping_status":"open","sticky":false,"template":"","format":"standard","meta":{"_cbd_carousel_blocks":"[]","footnotes":""},"categories":[15],"tags":[2396,527,3077,1856,1375,463,981,401,713,1327,628,1093,334],"class_list":{"0":"post-60822","1":"post","2":"type-post","3":"status-publish","4":"format-standard","5":"has-post-thumbnail","7":"category-polizeimeldungen","8":"tag-abzweigung","9":"tag-georgensgmuend","10":"tag-grossweingarten","11":"tag-krankenhaus","12":"tag-leicht-verletzt","13":"tag-pkw","14":"tag-polizei","15":"tag-sachschaden","16":"tag-schaden","17":"tag-schwer-verletzt","18":"tag-spalt","19":"tag-staatsstrasse","20":"tag-unfall"},"_links":{"self":[{"href":"https:\/\/www.region-schwabach.de\/wordpress\/wp-json\/wp\/v2\/posts\/60822","targetHints":{"allow":["GET"]}}],"collection":[{"href":"https:\/\/www.region-schwabach.de\/wordpress\/wp-json\/wp\/v2\/posts"}],"about":[{"href":"https:\/\/www.region-schwabach.de\/wordpress\/wp-json\/wp\/v2\/types\/post"}],"author":[{"embeddable":true,"href":"https:\/\/www.region-schwabach.de\/wordpress\/wp-json\/wp\/v2\/users\/1"}],"replies":[{"embeddable":true,"href":"https:\/\/www.region-schwabach.de\/wordpress\/wp-json\/wp\/v2\/comments?post=60822"}],"version-history":[{"count":0,"href":"https:\/\/www.region-schwabach.de\/wordpress\/wp-json\/wp\/v2\/posts\/60822\/revisions"}],"wp:featuredmedia":[{"embeddable":true,"href":"https:\/\/www.region-schwabach.de\/wordpress\/wp-json\/wp\/v2\/media\/60823"}],"wp:attachment":[{"href":"https:\/\/www.region-schwabach.de\/wordpress\/wp-json\/wp\/v2\/media?parent=60822"}],"wp:term":[{"taxonomy":"category","embeddable":true,"href":"https:\/\/www.region-schwabach.de\/wordpress\/wp-json\/wp\/v2\/categories?post=60822"},{"taxonomy":"post_tag","embeddable":true,"href":"https:\/\/www.region-schwabach.de\/wordpress\/wp-json\/wp\/v2\/tags?post=60822"}],"curies":[{"name":"wp","href":"https:\/\/api.w.org\/{rel}","templated":true}]}}