{"id":60836,"date":"2018-10-16T15:40:33","date_gmt":"2018-10-16T13:40:33","guid":{"rendered":"http:\/\/www.region-schwabach.de\/wordpress\/?p=60836"},"modified":"2018-10-24T15:12:18","modified_gmt":"2018-10-24T13:12:18","slug":"widerstand-gegen-polizeibeamte-in-pfaffenhofen","status":"publish","type":"post","link":"https:\/\/www.region-schwabach.de\/wordpress\/widerstand-gegen-polizeibeamte-in-pfaffenhofen\/","title":{"rendered":"Widerstand gegen Polizeibeamte in Pfaffenhofen"},"content":{"rendered":"\t\t<div data-elementor-type=\"wp-post\" data-elementor-id=\"60836\" class=\"elementor elementor-60836 elementor-bc-flex-widget\">\n\t\t\t\t\t\t<section class=\"elementor-section elementor-top-section elementor-element elementor-element-1cuv9jr elementor-section-boxed elementor-section-height-default elementor-section-height-default\" data-id=\"1cuv9jr\" data-element_type=\"section\">\n\t\t\t\t\t\t<div class=\"elementor-container elementor-column-gap-default\">\n\t\t\t\t\t<div class=\"elementor-column elementor-col-66 elementor-top-column elementor-element elementor-element-q5zak7b\" data-id=\"q5zak7b\" data-element_type=\"column\">\n\t\t\t<div class=\"elementor-widget-wrap elementor-element-populated\">\n\t\t\t\t\t\t<div class=\"elementor-element elementor-element-763ecdd elementor-widget elementor-widget-text-editor\" data-id=\"763ecdd\" data-element_type=\"widget\" data-widget_type=\"text-editor.default\">\n\t\t\t\t<div class=\"elementor-widget-container\">\n\t\t\t\t\t\t\t<h3 class=\"story-headline\">Widerstand gegen Polizeibeamte geleistet &#8211; Zeugen gesucht<\/h3><p>Roth (ots) &#8211; In Pfaffenhofen (Ortsteil der Stadt Roth) griff gestern Abend (15.10.2018) ein Mann Beamte der Polizeiinspektion Roth grundlos an und leistete Widerstand. Die Polizei bittet um Zeugenhinweise.<\/p><h3>Polizisten bedroht, geschubst und geschlagen<\/h3><p>Die beiden Polizeibeamten sicherten gegen 18:15 Uhr eine Unfallstelle in der \u00c4u\u00dferen N\u00fcrnberger Stra\u00dfe ab, als der 37-j\u00e4hrige Tatverd\u00e4chtige zuf\u00e4llig vorbeikam. Offensichtlich war er grundlos ver\u00e4rgert \u00fcber die T\u00e4tigkeit der Polizei. Er ging unvermittelt \u00e4u\u00dferst aggressiv auf die Beamten zu, bedrohte sie, schubste sie und schlug einem von ihnen mit der Faust ins Gesicht. Als die Polizisten ihn daraufhin festnehmen wollten, wehrte er sich weiterhin massiv und trat und schlug um sich. Nun wurde auch der zweite Polizist im Gesicht getroffen. Auch ein Passant, der die Beamten unterst\u00fctzen wollte, wurde durch den 37-J\u00e4hrigen geschlagen und leicht verletzt. Beide Polizeibeamte erlitten ebenfalls leichte Verletzungen. Sie sind aber weiterhin dienstf\u00e4hig.<\/p><h3>Ermittlungsverfahren gegen\u00a037-j\u00e4hrigen Tatverd\u00e4chtigen<\/h3><p>Der 37-j\u00e4hrige Tatverd\u00e4chtige muss sich nun in einem Ermittlungsverfahren &#8211; unter anderem wegen Widerstands gegen Vollstreckungsbeamte &#8211; verantworten. Er befindet sich zwischenzeitlich wieder auf freiem Fu\u00df.<\/p><p>Die Polizeiinspektion Roth bittet um Mithilfe der Bev\u00f6lkerung. Zeugen, die den Vorfall beobachtet, gefilmt oder fotografiert haben, werden gebeten, sich mit der Polizeiinspektion Roth unter der Telefonnummer 09171 9744-0 in Verbindung zu setzen.<\/p><p><strong>Alexandra Federl \/gh<\/strong><\/p><p>Original-Content von Polizeipr\u00e4sidium Mittelfranken<\/p>\t\t\t\t\t\t<\/div>\n\t\t\t\t<\/div>\n\t\t\t\t<div class=\"elementor-element elementor-element-ace1283 elementor-widget-divider--view-line elementor-widget elementor-widget-divider\" data-id=\"ace1283\" data-element_type=\"widget\" data-widget_type=\"divider.default\">\n\t\t\t\t<div class=\"elementor-widget-container\">\n\t\t\t\t\t<div class=\"elementor-divider\">\n\t\t\t<span class=\"elementor-divider-separator\">\n\t\t\t\t\t\t<\/span>\n\t\t<\/div>\n\t\t\t\t<\/div>\n\t\t\t\t<\/div>\n\t\t\t\t<div class=\"elementor-element elementor-element-1l7zbzo elementor-widget elementor-widget-google_maps\" data-id=\"1l7zbzo\" data-element_type=\"widget\" data-widget_type=\"google_maps.default\">\n\t\t\t\t<div class=\"elementor-widget-container\">\n\t\t\t\t\t<div class=\"elementor-custom-embed\">\n\t\t\t<iframe loading=\"lazy\"\n\t\t\t\t\tsrc=\"https:\/\/maps.google.com\/maps?q=%C3%84u%C3%9Fere%20N%C3%BCrnberger%20Stra%C3%9Fe%2C%20Pfaffenhofen%2C%20Deutschland&#038;t=m&#038;z=16&#038;output=embed&#038;iwloc=near\"\n\t\t\t\t\ttitle=\"\u00c4u\u00dfere N\u00fcrnberger Stra\u00dfe, Pfaffenhofen, Deutschland\"\n\t\t\t\t\taria-label=\"\u00c4u\u00dfere N\u00fcrnberger Stra\u00dfe, Pfaffenhofen, Deutschland\"\n\t\t\t><\/iframe>\n\t\t<\/div>\n\t\t\t\t<\/div>\n\t\t\t\t<\/div>\n\t\t\t\t\t<\/div>\n\t\t<\/div>\n\t\t\t\t<div class=\"elementor-column elementor-col-33 elementor-top-column elementor-element elementor-element-0w0urt1\" data-id=\"0w0urt1\" data-element_type=\"column\">\n\t\t\t<div class=\"elementor-widget-wrap\">\n\t\t\t\t\t\t\t<\/div>\n\t\t<\/div>\n\t\t\t\t\t<\/div>\n\t\t<\/section>\n\t\t\t\t<\/div>\n\t\t","protected":false},"excerpt":{"rendered":"<div class=\"mh-excerpt\"><p>Widerstand gegen Polizeibeamte geleistet &#8211; Zeugen gesucht Roth (ots) &#8211; In Pfaffenhofen (Ortsteil der Stadt Roth) griff gestern Abend (15.10.2018) ein Mann Beamte der Polizeiinspektion Roth grundlos an und leistete Widerstand. Die Polizei bittet um <a class=\"mh-excerpt-more\" href=\"https:\/\/www.region-schwabach.de\/wordpress\/widerstand-gegen-polizeibeamte-in-pfaffenhofen\/\" title=\"Widerstand gegen Polizeibeamte in Pfaffenhofen\">[&#8230;]<\/a><\/p>\n<\/div>","protected":false},"author":1,"featured_media":60837,"comment_status":"open","ping_status":"open","sticky":false,"template":"","format":"standard","meta":{"_cbd_carousel_blocks":"[]","footnotes":""},"categories":[15],"tags":[6139,4755,3295,5689,1519,515,1375,694,981,6451,32,4025,6452],"class_list":{"0":"post-60836","1":"post","2":"type-post","3":"status-publish","4":"format-standard","5":"has-post-thumbnail","7":"category-polizeimeldungen","8":"tag-15-10-2018","9":"tag-angriff","10":"tag-aeussere-nuernberger-strasse","11":"tag-bedrohung","12":"tag-ermittlungsverfahren","13":"tag-koerperverletzung","14":"tag-leicht-verletzt","15":"tag-pfaffenhofen","16":"tag-polizei","17":"tag-polizisten","18":"tag-roth","19":"tag-unfallaufnahme","20":"tag-widerstand-gegen-vollstreckungsbeamte"},"_links":{"self":[{"href":"https:\/\/www.region-schwabach.de\/wordpress\/wp-json\/wp\/v2\/posts\/60836","targetHints":{"allow":["GET"]}}],"collection":[{"href":"https:\/\/www.region-schwabach.de\/wordpress\/wp-json\/wp\/v2\/posts"}],"about":[{"href":"https:\/\/www.region-schwabach.de\/wordpress\/wp-json\/wp\/v2\/types\/post"}],"author":[{"embeddable":true,"href":"https:\/\/www.region-schwabach.de\/wordpress\/wp-json\/wp\/v2\/users\/1"}],"replies":[{"embeddable":true,"href":"https:\/\/www.region-schwabach.de\/wordpress\/wp-json\/wp\/v2\/comments?post=60836"}],"version-history":[{"count":0,"href":"https:\/\/www.region-schwabach.de\/wordpress\/wp-json\/wp\/v2\/posts\/60836\/revisions"}],"wp:featuredmedia":[{"embeddable":true,"href":"https:\/\/www.region-schwabach.de\/wordpress\/wp-json\/wp\/v2\/media\/60837"}],"wp:attachment":[{"href":"https:\/\/www.region-schwabach.de\/wordpress\/wp-json\/wp\/v2\/media?parent=60836"}],"wp:term":[{"taxonomy":"category","embeddable":true,"href":"https:\/\/www.region-schwabach.de\/wordpress\/wp-json\/wp\/v2\/categories?post=60836"},{"taxonomy":"post_tag","embeddable":true,"href":"https:\/\/www.region-schwabach.de\/wordpress\/wp-json\/wp\/v2\/tags?post=60836"}],"curies":[{"name":"wp","href":"https:\/\/api.w.org\/{rel}","templated":true}]}}