{"id":60846,"date":"2018-10-17T11:57:08","date_gmt":"2018-10-17T09:57:08","guid":{"rendered":"http:\/\/www.region-schwabach.de\/wordpress\/?p=60846"},"modified":"2018-10-24T15:10:49","modified_gmt":"2018-10-24T13:10:49","slug":"pkw-fahrer-verliert-auf-der-staatsstrasse-2237-das-bewusstsein","status":"publish","type":"post","link":"https:\/\/www.region-schwabach.de\/wordpress\/pkw-fahrer-verliert-auf-der-staatsstrasse-2237-das-bewusstsein\/","title":{"rendered":"PKW-Fahrer verliert auf der Staatsstra\u00dfe 2237 das Bewusstsein"},"content":{"rendered":"\t\t<div data-elementor-type=\"wp-post\" data-elementor-id=\"60846\" class=\"elementor elementor-60846 elementor-bc-flex-widget\">\n\t\t\t\t\t\t<section class=\"elementor-section elementor-top-section elementor-element elementor-element-1cuv9jr elementor-section-boxed elementor-section-height-default elementor-section-height-default\" data-id=\"1cuv9jr\" data-element_type=\"section\">\n\t\t\t\t\t\t<div class=\"elementor-container elementor-column-gap-default\">\n\t\t\t\t\t<div class=\"elementor-column elementor-col-66 elementor-top-column elementor-element elementor-element-q5zak7b\" data-id=\"q5zak7b\" data-element_type=\"column\">\n\t\t\t<div class=\"elementor-widget-wrap elementor-element-populated\">\n\t\t\t\t\t\t<div class=\"elementor-element elementor-element-86qws23 elementor-widget elementor-widget-text-editor\" data-id=\"86qws23\" data-element_type=\"widget\" data-widget_type=\"text-editor.default\">\n\t\t\t\t<div class=\"elementor-widget-container\">\n\t\t\t\t\t\t\t<h3><strong>Gl\u00fcck im Ungl\u00fcck<\/strong><\/h3><p>Allersberg &#8211; Mit dem Schrecken &#8211; und einem Sachschaden &#8211; davongekommen ist am Montagabend, den 15.10.2018, ein 51-j\u00e4hriger PKW-Fahrer, der auf der Staatsstra\u00dfe 2237 von Allersberg in Richtung Roth unterwegs war, und kurz vor Brunnau einen Kreislaufkollaps erlitt, und deshalb bewusstlos wurde.<\/p><h3>Fahrer unverletzt, 15.000 Euro Schaden<\/h3><p>Der PKW kam im Anschluss mit den R\u00e4dern ins Bankett, und kam von der Fahrbahn ab, wobei er eine Wiese durchfuhr und gegen einen Wasserdurchlass\u00a0prallte, bevor er schlie\u00dflich im Stra\u00dfengraben zum Stehen kam. Der Fahrer wurde durch den Unfall selbst gl\u00fccklicherweise nicht verletzt, kam aber trotzdem zur Untersuchung ins Krankenhaus. Am Fahrzeug entstand ein erheblicher Sachschaden in H\u00f6he von ca. 15.000 Euro.\u00a0<\/p>\t\t\t\t\t\t<\/div>\n\t\t\t\t<\/div>\n\t\t\t\t<div class=\"elementor-element elementor-element-ace1283 elementor-widget-divider--view-line elementor-widget elementor-widget-divider\" data-id=\"ace1283\" data-element_type=\"widget\" data-widget_type=\"divider.default\">\n\t\t\t\t<div class=\"elementor-widget-container\">\n\t\t\t\t\t<div class=\"elementor-divider\">\n\t\t\t<span class=\"elementor-divider-separator\">\n\t\t\t\t\t\t<\/span>\n\t\t<\/div>\n\t\t\t\t<\/div>\n\t\t\t\t<\/div>\n\t\t\t\t<div class=\"elementor-element elementor-element-1l7zbzo elementor-widget elementor-widget-google_maps\" data-id=\"1l7zbzo\" data-element_type=\"widget\" data-widget_type=\"google_maps.default\">\n\t\t\t\t<div class=\"elementor-widget-container\">\n\t\t\t\t\t<div class=\"elementor-custom-embed\">\n\t\t\t<iframe loading=\"lazy\"\n\t\t\t\t\tsrc=\"https:\/\/maps.google.com\/maps?q=Brunnau%2C%20Allersberg%2C%20Deutschland&#038;t=m&#038;z=14&#038;output=embed&#038;iwloc=near\"\n\t\t\t\t\ttitle=\"Brunnau, Allersberg, Deutschland\"\n\t\t\t\t\taria-label=\"Brunnau, Allersberg, Deutschland\"\n\t\t\t><\/iframe>\n\t\t<\/div>\n\t\t\t\t<\/div>\n\t\t\t\t<\/div>\n\t\t\t\t\t<\/div>\n\t\t<\/div>\n\t\t\t\t<div class=\"elementor-column elementor-col-33 elementor-top-column elementor-element elementor-element-0w0urt1\" data-id=\"0w0urt1\" data-element_type=\"column\">\n\t\t\t<div class=\"elementor-widget-wrap\">\n\t\t\t\t\t\t\t<\/div>\n\t\t<\/div>\n\t\t\t\t\t<\/div>\n\t\t<\/section>\n\t\t\t\t<\/div>\n\t\t","protected":false},"excerpt":{"rendered":"<div class=\"mh-excerpt\"><p>Gl\u00fcck im Ungl\u00fcck Allersberg &#8211; Mit dem Schrecken &#8211; und einem Sachschaden &#8211; davongekommen ist am Montagabend, den 15.10.2018, ein 51-j\u00e4hriger PKW-Fahrer, der auf der Staatsstra\u00dfe 2237 von Allersberg in Richtung Roth unterwegs war, und <a class=\"mh-excerpt-more\" href=\"https:\/\/www.region-schwabach.de\/wordpress\/pkw-fahrer-verliert-auf-der-staatsstrasse-2237-das-bewusstsein\/\" title=\"PKW-Fahrer verliert auf der Staatsstra\u00dfe 2237 das Bewusstsein\">[&#8230;]<\/a><\/p>\n<\/div>","protected":false},"author":1,"featured_media":60847,"comment_status":"open","ping_status":"open","sticky":false,"template":"","format":"standard","meta":{"_cbd_carousel_blocks":"[]","footnotes":""},"categories":[15],"tags":[6139,556,5455,3380,297,6454,6453,981,32,729,705],"class_list":{"0":"post-60846","1":"post","2":"type-post","3":"status-publish","4":"format-standard","5":"has-post-thumbnail","7":"category-polizeimeldungen","8":"tag-15-10-2018","9":"tag-allersberg","10":"tag-bewusstsein-verloren","11":"tag-brunnau","12":"tag-hilpoltstein","13":"tag-kreislaufkollaps","14":"tag-ohnmacht","15":"tag-polizei","16":"tag-roth","17":"tag-staatsstrasse-2237","18":"tag-strassengraben"},"_links":{"self":[{"href":"https:\/\/www.region-schwabach.de\/wordpress\/wp-json\/wp\/v2\/posts\/60846","targetHints":{"allow":["GET"]}}],"collection":[{"href":"https:\/\/www.region-schwabach.de\/wordpress\/wp-json\/wp\/v2\/posts"}],"about":[{"href":"https:\/\/www.region-schwabach.de\/wordpress\/wp-json\/wp\/v2\/types\/post"}],"author":[{"embeddable":true,"href":"https:\/\/www.region-schwabach.de\/wordpress\/wp-json\/wp\/v2\/users\/1"}],"replies":[{"embeddable":true,"href":"https:\/\/www.region-schwabach.de\/wordpress\/wp-json\/wp\/v2\/comments?post=60846"}],"version-history":[{"count":0,"href":"https:\/\/www.region-schwabach.de\/wordpress\/wp-json\/wp\/v2\/posts\/60846\/revisions"}],"wp:featuredmedia":[{"embeddable":true,"href":"https:\/\/www.region-schwabach.de\/wordpress\/wp-json\/wp\/v2\/media\/60847"}],"wp:attachment":[{"href":"https:\/\/www.region-schwabach.de\/wordpress\/wp-json\/wp\/v2\/media?parent=60846"}],"wp:term":[{"taxonomy":"category","embeddable":true,"href":"https:\/\/www.region-schwabach.de\/wordpress\/wp-json\/wp\/v2\/categories?post=60846"},{"taxonomy":"post_tag","embeddable":true,"href":"https:\/\/www.region-schwabach.de\/wordpress\/wp-json\/wp\/v2\/tags?post=60846"}],"curies":[{"name":"wp","href":"https:\/\/api.w.org\/{rel}","templated":true}]}}