{"id":60863,"date":"2018-10-17T13:01:07","date_gmt":"2018-10-17T11:01:07","guid":{"rendered":"http:\/\/www.region-schwabach.de\/wordpress\/?p=60863"},"modified":"2018-10-24T15:05:35","modified_gmt":"2018-10-24T13:05:35","slug":"lkw-kommt-bei-spalt-von-fahrbahn-ab","status":"publish","type":"post","link":"https:\/\/www.region-schwabach.de\/wordpress\/lkw-kommt-bei-spalt-von-fahrbahn-ab\/","title":{"rendered":"LKW kommt bei Spalt von Fahrbahn ab"},"content":{"rendered":"\t\t<div data-elementor-type=\"wp-post\" data-elementor-id=\"60863\" class=\"elementor elementor-60863 elementor-bc-flex-widget\">\n\t\t\t\t\t\t<section class=\"elementor-section elementor-top-section elementor-element elementor-element-1cuv9jr elementor-section-boxed elementor-section-height-default elementor-section-height-default\" data-id=\"1cuv9jr\" data-element_type=\"section\">\n\t\t\t\t\t\t<div class=\"elementor-container elementor-column-gap-default\">\n\t\t\t\t\t<div class=\"elementor-column elementor-col-66 elementor-top-column elementor-element elementor-element-q5zak7b\" data-id=\"q5zak7b\" data-element_type=\"column\">\n\t\t\t<div class=\"elementor-widget-wrap elementor-element-populated\">\n\t\t\t\t\t\t<div class=\"elementor-element elementor-element-763ecdd elementor-widget elementor-widget-text-editor\" data-id=\"763ecdd\" data-element_type=\"widget\" data-widget_type=\"text-editor.default\">\n\t\t\t\t<div class=\"elementor-widget-container\">\n\t\t\t\t\t\t\t<h3 class=\"story-headline\"><strong>LKW kommt von Fahrbahn ab<\/strong><\/h3><p><span style=\"font-size: 12pt;\"><span style=\"font-family: georgia, palatino, serif;\">Spalt &#8211; <\/span>Am fr\u00fchen Mittwochmorgen, den 17.10.2018, war\u00a0ein polnischer Klein-LKW &#8211; beladen mit Bauwerkzeug &#8211;\u00a0gegen 01.00 Uhr auf der Staatsstra\u00dfe von Georgensgm\u00fcnd in Richtung Spalt unterwegs, als der 21-j\u00e4hrige Fahrer vor der H\u00fcgelm\u00fchle in einer leichten Rechtskurve nach links von der Fahrbahn abkam, und gegen einen Erdwall stie\u00df.<\/span><\/p><h3>Auch Feuerwehr im Einsatz<\/h3><p><span style=\"font-size: 12pt;\">Bei dem Unfall wurden der Fahrer und sein 18-j\u00e4hriger Beifahrer verletzt, und vom Rettungsdienst ins Krankenhaus gebracht. Zur Bergung der Verletzten und zur Sicherung der Unfallstelle waren die Feuerwehren aus Spalt und Wasserzell im Einsatz. Am LKW entstand Totalschaden in H\u00f6he von ca. 15.000 Euro, der Flurschaden h\u00e4lt sich in Grenzen.<\/span><\/p>\t\t\t\t\t\t<\/div>\n\t\t\t\t<\/div>\n\t\t\t\t<div class=\"elementor-element elementor-element-ace1283 elementor-widget-divider--view-line elementor-widget elementor-widget-divider\" data-id=\"ace1283\" data-element_type=\"widget\" data-widget_type=\"divider.default\">\n\t\t\t\t<div class=\"elementor-widget-container\">\n\t\t\t\t\t<div class=\"elementor-divider\">\n\t\t\t<span class=\"elementor-divider-separator\">\n\t\t\t\t\t\t<\/span>\n\t\t<\/div>\n\t\t\t\t<\/div>\n\t\t\t\t<\/div>\n\t\t\t\t<div class=\"elementor-element elementor-element-1l7zbzo elementor-widget elementor-widget-google_maps\" data-id=\"1l7zbzo\" data-element_type=\"widget\" data-widget_type=\"google_maps.default\">\n\t\t\t\t<div class=\"elementor-widget-container\">\n\t\t\t\t\t<div class=\"elementor-custom-embed\">\n\t\t\t<iframe loading=\"lazy\"\n\t\t\t\t\tsrc=\"https:\/\/maps.google.com\/maps?q=H%C3%BCgelm%C3%BChle%2C%20Spalt%2C%20Deutschland&#038;t=m&#038;z=14&#038;output=embed&#038;iwloc=near\"\n\t\t\t\t\ttitle=\"H\u00fcgelm\u00fchle, Spalt, Deutschland\"\n\t\t\t\t\taria-label=\"H\u00fcgelm\u00fchle, Spalt, Deutschland\"\n\t\t\t><\/iframe>\n\t\t<\/div>\n\t\t\t\t<\/div>\n\t\t\t\t<\/div>\n\t\t\t\t\t<\/div>\n\t\t<\/div>\n\t\t\t\t<div class=\"elementor-column elementor-col-33 elementor-top-column elementor-element elementor-element-0w0urt1\" data-id=\"0w0urt1\" data-element_type=\"column\">\n\t\t\t<div class=\"elementor-widget-wrap\">\n\t\t\t\t\t\t\t<\/div>\n\t\t<\/div>\n\t\t\t\t\t<\/div>\n\t\t<\/section>\n\t\t\t\t<\/div>\n\t\t","protected":false},"excerpt":{"rendered":"<div class=\"mh-excerpt\"><p>LKW kommt von Fahrbahn ab Spalt &#8211; Am fr\u00fchen Mittwochmorgen, den 17.10.2018, war\u00a0ein polnischer Klein-LKW &#8211; beladen mit Bauwerkzeug &#8211;\u00a0gegen 01.00 Uhr auf der Staatsstra\u00dfe von Georgensgm\u00fcnd in Richtung Spalt unterwegs, als der 21-j\u00e4hrige Fahrer <a class=\"mh-excerpt-more\" href=\"https:\/\/www.region-schwabach.de\/wordpress\/lkw-kommt-bei-spalt-von-fahrbahn-ab\/\" title=\"LKW kommt bei Spalt von Fahrbahn ab\">[&#8230;]<\/a><\/p>\n<\/div>","protected":false},"author":1,"featured_media":60864,"comment_status":"open","ping_status":"open","sticky":false,"template":"","format":"standard","meta":{"_cbd_carousel_blocks":"[]","footnotes":""},"categories":[15],"tags":[6141,6455,527,1856,981,2103,32,401,713,628,1093,334,1157,641],"class_list":{"0":"post-60863","1":"post","2":"type-post","3":"status-publish","4":"format-standard","5":"has-post-thumbnail","7":"category-polizeimeldungen","8":"tag-17-10-2018","9":"tag-erdwall","10":"tag-georgensgmuend","11":"tag-krankenhaus","12":"tag-polizei","13":"tag-rettungsdienst","14":"tag-roth","15":"tag-sachschaden","16":"tag-schaden","17":"tag-spalt","18":"tag-staatsstrasse","19":"tag-unfall","20":"tag-verletzt","21":"tag-von-fahrbahn-abgekommen"},"_links":{"self":[{"href":"https:\/\/www.region-schwabach.de\/wordpress\/wp-json\/wp\/v2\/posts\/60863","targetHints":{"allow":["GET"]}}],"collection":[{"href":"https:\/\/www.region-schwabach.de\/wordpress\/wp-json\/wp\/v2\/posts"}],"about":[{"href":"https:\/\/www.region-schwabach.de\/wordpress\/wp-json\/wp\/v2\/types\/post"}],"author":[{"embeddable":true,"href":"https:\/\/www.region-schwabach.de\/wordpress\/wp-json\/wp\/v2\/users\/1"}],"replies":[{"embeddable":true,"href":"https:\/\/www.region-schwabach.de\/wordpress\/wp-json\/wp\/v2\/comments?post=60863"}],"version-history":[{"count":0,"href":"https:\/\/www.region-schwabach.de\/wordpress\/wp-json\/wp\/v2\/posts\/60863\/revisions"}],"wp:featuredmedia":[{"embeddable":true,"href":"https:\/\/www.region-schwabach.de\/wordpress\/wp-json\/wp\/v2\/media\/60864"}],"wp:attachment":[{"href":"https:\/\/www.region-schwabach.de\/wordpress\/wp-json\/wp\/v2\/media?parent=60863"}],"wp:term":[{"taxonomy":"category","embeddable":true,"href":"https:\/\/www.region-schwabach.de\/wordpress\/wp-json\/wp\/v2\/categories?post=60863"},{"taxonomy":"post_tag","embeddable":true,"href":"https:\/\/www.region-schwabach.de\/wordpress\/wp-json\/wp\/v2\/tags?post=60863"}],"curies":[{"name":"wp","href":"https:\/\/api.w.org\/{rel}","templated":true}]}}