{"id":60900,"date":"2018-10-20T00:03:41","date_gmt":"2018-10-19T22:03:41","guid":{"rendered":"http:\/\/www.region-schwabach.de\/wordpress\/?p=60900"},"modified":"2018-11-14T22:22:09","modified_gmt":"2018-11-14T21:22:09","slug":"jahreskonzert-des-akkordeonorchesters-nuernberg-schwabach","status":"publish","type":"post","link":"https:\/\/www.region-schwabach.de\/wordpress\/jahreskonzert-des-akkordeonorchesters-nuernberg-schwabach\/","title":{"rendered":"Jahreskonzert des Akkordeonorchesters N\u00fcrnberg-Schwabach"},"content":{"rendered":"\t\t<div data-elementor-type=\"wp-post\" data-elementor-id=\"60900\" class=\"elementor elementor-60900 elementor-bc-flex-widget\">\n\t\t\t\t\t\t<section class=\"elementor-section elementor-top-section elementor-element elementor-element-e04de7f elementor-section-boxed elementor-section-height-default elementor-section-height-default\" data-id=\"e04de7f\" data-element_type=\"section\">\n\t\t\t\t\t\t<div class=\"elementor-container elementor-column-gap-default\">\n\t\t\t\t\t<div class=\"elementor-column elementor-col-66 elementor-top-column elementor-element elementor-element-0e30e33\" data-id=\"0e30e33\" data-element_type=\"column\">\n\t\t\t<div class=\"elementor-widget-wrap elementor-element-populated\">\n\t\t\t\t\t\t<div class=\"elementor-element elementor-element-1331cc3 elementor-widget elementor-widget-text-editor\" data-id=\"1331cc3\" data-element_type=\"widget\" data-widget_type=\"text-editor.default\">\n\t\t\t\t<div class=\"elementor-widget-container\">\n\t\t\t\t\t\t\t<h3>Samstag, 20. Oktober 2018, 19.00 Uhr<br \/>Jahreskonzert des Akkordeon-Orchesters N\u00fcrnberg-Schwabach<\/h3><p>Schwabach &#8211; Am Samstag, den 20.10.18, findet um 19.00 Uhr im Markgrafensaal, Ludwigstra\u00dfe 16, Schwabach, wieder das Jahreskonzert des Akkordeon-Orchesters N\u00fcrnberg-Schwabach\u00a0statt.<\/p><p>&#8222;Musik nicht nur f\u00fcr kleine Leute&#8220; &#8211; unter diesem Motto bestreiten Kinder der Musikschule den ersten Teil des Konzerts. Nach einer kurzen Pause wird danach vom Orchester ein abwechslungsreiches Programm geboten.<\/p><p>Das Akkordeon-Orchester N\u00fcrnberg-Schwabach freut sich auf zahlreichen Besuch.<\/p><h3>Preise:<\/h3><ul style=\"list-style-type: disc;\"><li>Eintritt\u00a0<strong>12,- \u20ac\u00a0<\/strong><\/li><li>Eintritt erm\u00e4\u00dfigt: <b>9,- \u20ac<\/b><\/li><\/ul><h3>Weiterf\u00fchrende Links:<\/h3><p><a href=\"https:\/\/www.nuernberg.de\/internet\/musikschule\/\" target=\"_blank\" rel=\"noopener\">Homepage der Musikschule N\u00fcrnberg &#8230;<\/a><\/p><p><a href=\"https:\/\/www.facebook.com\/pages\/category\/Musician-Band\/Akkordeon-Orchester-N%C3%BCrnberg-Schwabach-275551042623273\/\" target=\"_blank\" rel=\"noopener\">Facebook-Seite des Akkordeon-Orchesters N\u00fcrnberg-Schwabach &#8230;<\/a><\/p>\t\t\t\t\t\t<\/div>\n\t\t\t\t<\/div>\n\t\t\t\t<div class=\"elementor-element elementor-element-9c4562b elementor-widget-divider--view-line elementor-widget elementor-widget-divider\" data-id=\"9c4562b\" data-element_type=\"widget\" data-widget_type=\"divider.default\">\n\t\t\t\t<div class=\"elementor-widget-container\">\n\t\t\t\t\t<div class=\"elementor-divider\">\n\t\t\t<span class=\"elementor-divider-separator\">\n\t\t\t\t\t\t<\/span>\n\t\t<\/div>\n\t\t\t\t<\/div>\n\t\t\t\t<\/div>\n\t\t\t\t<div class=\"elementor-element elementor-element-86e1f80 elementor-widget elementor-widget-google_maps\" data-id=\"86e1f80\" data-element_type=\"widget\" data-widget_type=\"google_maps.default\">\n\t\t\t\t<div class=\"elementor-widget-container\">\n\t\t\t\t\t<div class=\"elementor-custom-embed\">\n\t\t\t<iframe loading=\"lazy\"\n\t\t\t\t\tsrc=\"https:\/\/maps.google.com\/maps?q=Ludwigstra%C3%9Fe%2016%2C%20Schwabach%2C%20Deutschland&#038;t=m&#038;z=17&#038;output=embed&#038;iwloc=near\"\n\t\t\t\t\ttitle=\"Ludwigstra\u00dfe 16, Schwabach, Deutschland\"\n\t\t\t\t\taria-label=\"Ludwigstra\u00dfe 16, Schwabach, Deutschland\"\n\t\t\t><\/iframe>\n\t\t<\/div>\n\t\t\t\t<\/div>\n\t\t\t\t<\/div>\n\t\t\t\t\t<\/div>\n\t\t<\/div>\n\t\t\t\t<div class=\"elementor-column elementor-col-33 elementor-top-column elementor-element elementor-element-f02176f\" data-id=\"f02176f\" data-element_type=\"column\">\n\t\t\t<div class=\"elementor-widget-wrap\">\n\t\t\t\t\t\t\t<\/div>\n\t\t<\/div>\n\t\t\t\t\t<\/div>\n\t\t<\/section>\n\t\t\t\t<\/div>\n\t\t","protected":false},"excerpt":{"rendered":"<div class=\"mh-excerpt\"><p>Samstag, 20. Oktober 2018, 19.00 UhrJahreskonzert des Akkordeon-Orchesters N\u00fcrnberg-Schwabach Schwabach &#8211; Am Samstag, den 20.10.18, findet um 19.00 Uhr im Markgrafensaal, Ludwigstra\u00dfe 16, Schwabach, wieder das Jahreskonzert des Akkordeon-Orchesters N\u00fcrnberg-Schwabach\u00a0statt. &#8222;Musik nicht nur f\u00fcr kleine <a class=\"mh-excerpt-more\" href=\"https:\/\/www.region-schwabach.de\/wordpress\/jahreskonzert-des-akkordeonorchesters-nuernberg-schwabach\/\" title=\"Jahreskonzert des Akkordeonorchesters N\u00fcrnberg-Schwabach\">[&#8230;]<\/a><\/p>\n<\/div>","protected":false},"author":1,"featured_media":60901,"comment_status":"open","ping_status":"open","sticky":false,"template":"","format":"standard","meta":{"_cbd_carousel_blocks":"[]","footnotes":""},"categories":[16,287,231],"tags":[5816,6465,6464,3128,2029,2028,4051,6466,19],"class_list":{"0":"post-60900","1":"post","2":"type-post","3":"status-publish","4":"format-standard","5":"has-post-thumbnail","7":"category-aktuell","8":"category-jugend-und-familie","9":"category-veranstaltungsnews","10":"tag-20-10-2018","11":"tag-akkordeonorchester","12":"tag-jahreskonzert","13":"tag-konzert","14":"tag-ludwigstrasse","15":"tag-markgrafensaal","16":"tag-musik","17":"tag-nuernberg-schwabach","18":"tag-schwabach"},"_links":{"self":[{"href":"https:\/\/www.region-schwabach.de\/wordpress\/wp-json\/wp\/v2\/posts\/60900","targetHints":{"allow":["GET"]}}],"collection":[{"href":"https:\/\/www.region-schwabach.de\/wordpress\/wp-json\/wp\/v2\/posts"}],"about":[{"href":"https:\/\/www.region-schwabach.de\/wordpress\/wp-json\/wp\/v2\/types\/post"}],"author":[{"embeddable":true,"href":"https:\/\/www.region-schwabach.de\/wordpress\/wp-json\/wp\/v2\/users\/1"}],"replies":[{"embeddable":true,"href":"https:\/\/www.region-schwabach.de\/wordpress\/wp-json\/wp\/v2\/comments?post=60900"}],"version-history":[{"count":0,"href":"https:\/\/www.region-schwabach.de\/wordpress\/wp-json\/wp\/v2\/posts\/60900\/revisions"}],"wp:featuredmedia":[{"embeddable":true,"href":"https:\/\/www.region-schwabach.de\/wordpress\/wp-json\/wp\/v2\/media\/60901"}],"wp:attachment":[{"href":"https:\/\/www.region-schwabach.de\/wordpress\/wp-json\/wp\/v2\/media?parent=60900"}],"wp:term":[{"taxonomy":"category","embeddable":true,"href":"https:\/\/www.region-schwabach.de\/wordpress\/wp-json\/wp\/v2\/categories?post=60900"},{"taxonomy":"post_tag","embeddable":true,"href":"https:\/\/www.region-schwabach.de\/wordpress\/wp-json\/wp\/v2\/tags?post=60900"}],"curies":[{"name":"wp","href":"https:\/\/api.w.org\/{rel}","templated":true}]}}