{"id":60905,"date":"2018-10-20T00:02:34","date_gmt":"2018-10-19T22:02:34","guid":{"rendered":"http:\/\/www.region-schwabach.de\/wordpress\/?p=60905"},"modified":"2018-11-14T22:04:08","modified_gmt":"2018-11-14T21:04:08","slug":"herbstkonzert-des-schwabacher-kammerorchesters-e-v","status":"publish","type":"post","link":"https:\/\/www.region-schwabach.de\/wordpress\/herbstkonzert-des-schwabacher-kammerorchesters-e-v\/","title":{"rendered":"Herbstkonzert des Schwabacher Kammerorchesters e.V."},"content":{"rendered":"\t\t<div data-elementor-type=\"wp-post\" data-elementor-id=\"60905\" class=\"elementor elementor-60905 elementor-bc-flex-widget\">\n\t\t\t\t\t\t<section class=\"elementor-section elementor-top-section elementor-element elementor-element-e04de7f elementor-section-boxed elementor-section-height-default elementor-section-height-default\" data-id=\"e04de7f\" data-element_type=\"section\">\n\t\t\t\t\t\t<div class=\"elementor-container elementor-column-gap-default\">\n\t\t\t\t\t<div class=\"elementor-column elementor-col-66 elementor-top-column elementor-element elementor-element-0e30e33\" data-id=\"0e30e33\" data-element_type=\"column\">\n\t\t\t<div class=\"elementor-widget-wrap elementor-element-populated\">\n\t\t\t\t\t\t<div class=\"elementor-element elementor-element-1331cc3 elementor-widget elementor-widget-text-editor\" data-id=\"1331cc3\" data-element_type=\"widget\" data-widget_type=\"text-editor.default\">\n\t\t\t\t<div class=\"elementor-widget-container\">\n\t\t\t\t\t\t\t<h3>Samstag, 20. Oktober 2018, 20.00 Uhr<br \/>Herbstkonzert des Schwabacher Kammerorchesters e.V.<\/h3><p>Schwabach &#8211; Am Samstag, den 20.10.18, findet um 20.00 Uhr in der Kirche St. Sebald, Ludwigstr. 17, Schwabach das Herbstkonzert des Schwabacher Kammerorchesters e.V. statt<\/p><p>Hauptpunkt ist dabei die Simple Symphony von Benjamin Britten. Au\u00dferdem pr\u00e4sentiert das Orchester das Konzert f\u00fcr Tuba und Streichorchester von Arthur Frackenpohl, begleitet von Klangproben von Edward Elgar und Z. Fibich.<\/p><p>Das Schwabacher Kammerorchester freut sich auf zahlreichen Besuch.<\/p><h3>Preise:<\/h3><ul style=\"list-style-type: disc;\"><li><strong>Abendkasse:<\/strong><\/li><li>Eintritt\u00a0<strong>16,- \u20ac\u00a0<\/strong><\/li><li>Eintritt erm\u00e4\u00dfigt: <b>10,- \u20ac<\/b><\/li><\/ul><ul style=\"list-style-type: disc;\"><li><strong>Vorverkauf:<\/strong><\/li><li>Eintritt\u00a0<strong>14,- \u20ac\u00a0<\/strong><\/li><li>Eintritt erm\u00e4\u00dfigt: <b>8,- \u20ac<\/b><\/li><\/ul><h3>Weiterf\u00fchrende Links:<\/h3><p><a href=\"https:\/\/schwabacher-kammerorchester.de\/#_home\" target=\"_blank\" rel=\"noopener\">Homepage des Schwabacher Kammerorchesters &#8230;<\/a><\/p>\t\t\t\t\t\t<\/div>\n\t\t\t\t<\/div>\n\t\t\t\t<div class=\"elementor-element elementor-element-9c4562b elementor-widget-divider--view-line elementor-widget elementor-widget-divider\" data-id=\"9c4562b\" data-element_type=\"widget\" data-widget_type=\"divider.default\">\n\t\t\t\t<div class=\"elementor-widget-container\">\n\t\t\t\t\t<div class=\"elementor-divider\">\n\t\t\t<span class=\"elementor-divider-separator\">\n\t\t\t\t\t\t<\/span>\n\t\t<\/div>\n\t\t\t\t<\/div>\n\t\t\t\t<\/div>\n\t\t\t\t<div class=\"elementor-element elementor-element-86e1f80 elementor-widget elementor-widget-google_maps\" data-id=\"86e1f80\" data-element_type=\"widget\" data-widget_type=\"google_maps.default\">\n\t\t\t\t<div class=\"elementor-widget-container\">\n\t\t\t\t\t<div class=\"elementor-custom-embed\">\n\t\t\t<iframe loading=\"lazy\"\n\t\t\t\t\tsrc=\"https:\/\/maps.google.com\/maps?q=Ludwigstra%C3%9Fe%2017%2C%20Schwabach%2C%20Deutschland&#038;t=m&#038;z=17&#038;output=embed&#038;iwloc=near\"\n\t\t\t\t\ttitle=\"Ludwigstra\u00dfe 17, Schwabach, Deutschland\"\n\t\t\t\t\taria-label=\"Ludwigstra\u00dfe 17, Schwabach, Deutschland\"\n\t\t\t><\/iframe>\n\t\t<\/div>\n\t\t\t\t<\/div>\n\t\t\t\t<\/div>\n\t\t\t\t\t<\/div>\n\t\t<\/div>\n\t\t\t\t<div class=\"elementor-column elementor-col-33 elementor-top-column elementor-element elementor-element-f02176f\" data-id=\"f02176f\" data-element_type=\"column\">\n\t\t\t<div class=\"elementor-widget-wrap\">\n\t\t\t\t\t\t\t<\/div>\n\t\t<\/div>\n\t\t\t\t\t<\/div>\n\t\t<\/section>\n\t\t\t\t<\/div>\n\t\t","protected":false},"excerpt":{"rendered":"<div class=\"mh-excerpt\"><p>Samstag, 20. Oktober 2018, 20.00 UhrHerbstkonzert des Schwabacher Kammerorchesters e.V. Schwabach &#8211; Am Samstag, den 20.10.18, findet um 20.00 Uhr in der Kirche St. Sebald, Ludwigstr. 17, Schwabach das Herbstkonzert des Schwabacher Kammerorchesters e.V. statt <a class=\"mh-excerpt-more\" href=\"https:\/\/www.region-schwabach.de\/wordpress\/herbstkonzert-des-schwabacher-kammerorchesters-e-v\/\" title=\"Herbstkonzert des Schwabacher Kammerorchesters e.V.\">[&#8230;]<\/a><\/p>\n<\/div>","protected":false},"author":1,"featured_media":60906,"comment_status":"open","ping_status":"open","sticky":false,"template":"","format":"standard","meta":{"_cbd_carousel_blocks":"[]","footnotes":""},"categories":[16,287,231],"tags":[5816,6467,1863,3128,2029,4051,19,6468,3917],"class_list":{"0":"post-60905","1":"post","2":"type-post","3":"status-publish","4":"format-standard","5":"has-post-thumbnail","7":"category-aktuell","8":"category-jugend-und-familie","9":"category-veranstaltungsnews","10":"tag-20-10-2018","11":"tag-herbstkonzert","12":"tag-kirche","13":"tag-konzert","14":"tag-ludwigstrasse","15":"tag-musik","16":"tag-schwabach","17":"tag-schwabacher-kammerorchester","18":"tag-st-sebald"},"_links":{"self":[{"href":"https:\/\/www.region-schwabach.de\/wordpress\/wp-json\/wp\/v2\/posts\/60905","targetHints":{"allow":["GET"]}}],"collection":[{"href":"https:\/\/www.region-schwabach.de\/wordpress\/wp-json\/wp\/v2\/posts"}],"about":[{"href":"https:\/\/www.region-schwabach.de\/wordpress\/wp-json\/wp\/v2\/types\/post"}],"author":[{"embeddable":true,"href":"https:\/\/www.region-schwabach.de\/wordpress\/wp-json\/wp\/v2\/users\/1"}],"replies":[{"embeddable":true,"href":"https:\/\/www.region-schwabach.de\/wordpress\/wp-json\/wp\/v2\/comments?post=60905"}],"version-history":[{"count":0,"href":"https:\/\/www.region-schwabach.de\/wordpress\/wp-json\/wp\/v2\/posts\/60905\/revisions"}],"wp:featuredmedia":[{"embeddable":true,"href":"https:\/\/www.region-schwabach.de\/wordpress\/wp-json\/wp\/v2\/media\/60906"}],"wp:attachment":[{"href":"https:\/\/www.region-schwabach.de\/wordpress\/wp-json\/wp\/v2\/media?parent=60905"}],"wp:term":[{"taxonomy":"category","embeddable":true,"href":"https:\/\/www.region-schwabach.de\/wordpress\/wp-json\/wp\/v2\/categories?post=60905"},{"taxonomy":"post_tag","embeddable":true,"href":"https:\/\/www.region-schwabach.de\/wordpress\/wp-json\/wp\/v2\/tags?post=60905"}],"curies":[{"name":"wp","href":"https:\/\/api.w.org\/{rel}","templated":true}]}}