{"id":60922,"date":"2018-10-18T10:50:57","date_gmt":"2018-10-18T08:50:57","guid":{"rendered":"http:\/\/www.region-schwabach.de\/wordpress\/?p=60922"},"modified":"2018-10-24T15:04:00","modified_gmt":"2018-10-24T13:04:00","slug":"geschwindigkeitskontrolle-auf-der-staatsstrasse-2237-2","status":"publish","type":"post","link":"https:\/\/www.region-schwabach.de\/wordpress\/geschwindigkeitskontrolle-auf-der-staatsstrasse-2237-2\/","title":{"rendered":"Geschwindigkeitskontrolle auf der Staatsstra\u00dfe 2237"},"content":{"rendered":"\t\t<div data-elementor-type=\"wp-post\" data-elementor-id=\"60922\" class=\"elementor elementor-60922 elementor-bc-flex-widget\">\n\t\t\t\t\t\t<section class=\"elementor-section elementor-top-section elementor-element elementor-element-1cuv9jr elementor-section-boxed elementor-section-height-default elementor-section-height-default\" data-id=\"1cuv9jr\" data-element_type=\"section\">\n\t\t\t\t\t\t<div class=\"elementor-container elementor-column-gap-default\">\n\t\t\t\t\t<div class=\"elementor-column elementor-col-66 elementor-top-column elementor-element elementor-element-q5zak7b\" data-id=\"q5zak7b\" data-element_type=\"column\">\n\t\t\t<div class=\"elementor-widget-wrap elementor-element-populated\">\n\t\t\t\t\t\t<div class=\"elementor-element elementor-element-86qws23 elementor-widget elementor-widget-text-editor\" data-id=\"86qws23\" data-element_type=\"widget\" data-widget_type=\"text-editor.default\">\n\t\t\t\t<div class=\"elementor-widget-container\">\n\t\t\t\t\t\t\t<h3><strong>Geschwindigkeitsmessungen bei Reckenstetten<\/strong><\/h3><p>Allersberg &#8211; Am Dienstag, den 16.10.2018, f\u00fchrte die Verkehrspolizei eine Geschwindigkeitskontrolle auf der Staatsstra\u00dfe 2237, in Richtung Freystadt in der N\u00e4he von Reckenstetten durch. Bei einer erlaubten Geschwindigkeit von 100 km\/h waren 34 von 960 gemessenen Fahrzeugen zu schnell unterwegs, weshalb nun 28 Fahrzeugf\u00fchrer einen Verwarnungsgeld und 6 eine Anzeige erhalten. Der &#8222;Spitzenreiter&#8220; war mit 137 km\/h unterwegs.<\/p>\t\t\t\t\t\t<\/div>\n\t\t\t\t<\/div>\n\t\t\t\t<div class=\"elementor-element elementor-element-ace1283 elementor-widget-divider--view-line elementor-widget elementor-widget-divider\" data-id=\"ace1283\" data-element_type=\"widget\" data-widget_type=\"divider.default\">\n\t\t\t\t<div class=\"elementor-widget-container\">\n\t\t\t\t\t<div class=\"elementor-divider\">\n\t\t\t<span class=\"elementor-divider-separator\">\n\t\t\t\t\t\t<\/span>\n\t\t<\/div>\n\t\t\t\t<\/div>\n\t\t\t\t<\/div>\n\t\t\t\t<div class=\"elementor-element elementor-element-1l7zbzo elementor-widget elementor-widget-google_maps\" data-id=\"1l7zbzo\" data-element_type=\"widget\" data-widget_type=\"google_maps.default\">\n\t\t\t\t<div class=\"elementor-widget-container\">\n\t\t\t\t\t<div class=\"elementor-custom-embed\">\n\t\t\t<iframe loading=\"lazy\"\n\t\t\t\t\tsrc=\"https:\/\/maps.google.com\/maps?q=Reckenstetten%2C%20Allersberg%2CDeutschland&#038;t=m&#038;z=14&#038;output=embed&#038;iwloc=near\"\n\t\t\t\t\ttitle=\"Reckenstetten, Allersberg,Deutschland\"\n\t\t\t\t\taria-label=\"Reckenstetten, Allersberg,Deutschland\"\n\t\t\t><\/iframe>\n\t\t<\/div>\n\t\t\t\t<\/div>\n\t\t\t\t<\/div>\n\t\t\t\t\t<\/div>\n\t\t<\/div>\n\t\t\t\t<div class=\"elementor-column elementor-col-33 elementor-top-column elementor-element elementor-element-0w0urt1\" data-id=\"0w0urt1\" data-element_type=\"column\">\n\t\t\t<div class=\"elementor-widget-wrap\">\n\t\t\t\t\t\t\t<\/div>\n\t\t<\/div>\n\t\t\t\t\t<\/div>\n\t\t<\/section>\n\t\t\t\t<\/div>\n\t\t","protected":false},"excerpt":{"rendered":"<div class=\"mh-excerpt\"><p>Geschwindigkeitsmessungen bei Reckenstetten Allersberg &#8211; Am Dienstag, den 16.10.2018, f\u00fchrte die Verkehrspolizei eine Geschwindigkeitskontrolle auf der Staatsstra\u00dfe 2237, in Richtung Freystadt in der N\u00e4he von Reckenstetten durch. Bei einer erlaubten Geschwindigkeit von 100 km\/h waren <a class=\"mh-excerpt-more\" href=\"https:\/\/www.region-schwabach.de\/wordpress\/geschwindigkeitskontrolle-auf-der-staatsstrasse-2237-2\/\" title=\"Geschwindigkeitskontrolle auf der Staatsstra\u00dfe 2237\">[&#8230;]<\/a><\/p>\n<\/div>","protected":false},"author":1,"featured_media":60923,"comment_status":"open","ping_status":"open","sticky":false,"template":"","format":"standard","meta":{"_cbd_carousel_blocks":"[]","footnotes":""},"categories":[15],"tags":[6140,556,1301,1018,1750,635,297,981,1904,729,1388],"class_list":{"0":"post-60922","1":"post","2":"type-post","3":"status-publish","4":"format-standard","5":"has-post-thumbnail","7":"category-polizeimeldungen","8":"tag-16-10-2018","9":"tag-allersberg","10":"tag-anzeige","11":"tag-fahrverbot","12":"tag-freystadt","13":"tag-geschwindigkeitskontrolle","14":"tag-hilpoltstein","15":"tag-polizei","16":"tag-reckenstetten","17":"tag-staatsstrasse-2237","18":"tag-verwarnung"},"_links":{"self":[{"href":"https:\/\/www.region-schwabach.de\/wordpress\/wp-json\/wp\/v2\/posts\/60922","targetHints":{"allow":["GET"]}}],"collection":[{"href":"https:\/\/www.region-schwabach.de\/wordpress\/wp-json\/wp\/v2\/posts"}],"about":[{"href":"https:\/\/www.region-schwabach.de\/wordpress\/wp-json\/wp\/v2\/types\/post"}],"author":[{"embeddable":true,"href":"https:\/\/www.region-schwabach.de\/wordpress\/wp-json\/wp\/v2\/users\/1"}],"replies":[{"embeddable":true,"href":"https:\/\/www.region-schwabach.de\/wordpress\/wp-json\/wp\/v2\/comments?post=60922"}],"version-history":[{"count":0,"href":"https:\/\/www.region-schwabach.de\/wordpress\/wp-json\/wp\/v2\/posts\/60922\/revisions"}],"wp:featuredmedia":[{"embeddable":true,"href":"https:\/\/www.region-schwabach.de\/wordpress\/wp-json\/wp\/v2\/media\/60923"}],"wp:attachment":[{"href":"https:\/\/www.region-schwabach.de\/wordpress\/wp-json\/wp\/v2\/media?parent=60922"}],"wp:term":[{"taxonomy":"category","embeddable":true,"href":"https:\/\/www.region-schwabach.de\/wordpress\/wp-json\/wp\/v2\/categories?post=60922"},{"taxonomy":"post_tag","embeddable":true,"href":"https:\/\/www.region-schwabach.de\/wordpress\/wp-json\/wp\/v2\/tags?post=60922"}],"curies":[{"name":"wp","href":"https:\/\/api.w.org\/{rel}","templated":true}]}}