{"id":61031,"date":"2018-10-19T11:35:35","date_gmt":"2018-10-19T09:35:35","guid":{"rendered":"http:\/\/www.region-schwabach.de\/wordpress\/?p=61031"},"modified":"2018-10-24T14:59:13","modified_gmt":"2018-10-24T12:59:13","slug":"alkoholisiert-in-allersberg-unterwegs","status":"publish","type":"post","link":"https:\/\/www.region-schwabach.de\/wordpress\/alkoholisiert-in-allersberg-unterwegs\/","title":{"rendered":"Alkoholisiert in Allersberg unterwegs"},"content":{"rendered":"\t\t<div data-elementor-type=\"wp-post\" data-elementor-id=\"61031\" class=\"elementor elementor-61031 elementor-bc-flex-widget\">\n\t\t\t\t\t\t<section class=\"elementor-section elementor-top-section elementor-element elementor-element-1cuv9jr elementor-section-boxed elementor-section-height-default elementor-section-height-default\" data-id=\"1cuv9jr\" data-element_type=\"section\">\n\t\t\t\t\t\t<div class=\"elementor-container elementor-column-gap-default\">\n\t\t\t\t\t<div class=\"elementor-column elementor-col-66 elementor-top-column elementor-element elementor-element-q5zak7b\" data-id=\"q5zak7b\" data-element_type=\"column\">\n\t\t\t<div class=\"elementor-widget-wrap elementor-element-populated\">\n\t\t\t\t\t\t<div class=\"elementor-element elementor-element-763ecdd elementor-widget elementor-widget-text-editor\" data-id=\"763ecdd\" data-element_type=\"widget\" data-widget_type=\"text-editor.default\">\n\t\t\t\t<div class=\"elementor-widget-container\">\n\t\t\t\t\t\t\t<h3 class=\"story-headline\"><strong>Mit Alkohol unterwegs<\/strong><\/h3><p><span style=\"font-size: 12pt;\"><span style=\"font-family: georgia, palatino, serif;\">Allersberg &#8211; <\/span>Am Donnerstagmorgen, den 18.10.2018, kontrollierte die Polizei in Allersberg<\/span><span style=\"font-family: Arial, sans-serif; font-size: 12pt; text-align: justify;\">\u00a0einen 62-J\u00e4hrigen Mann aus N\u00fcrnberg, wobei er alkoholbedingte Ausfallerscheinungen zeigte, die von einem Alkoholtest &#8211; der einen Wert von 0,84 mg\/l (1,68 Promille) erbrachte &#8211; auch best\u00e4tigt wurden. <\/span><\/p><h3>Weiterfahrt untersagt<\/h3><p><span style=\"font-family: Arial, sans-serif; font-size: 12pt; text-align: justify;\">Bei dem Fahrer wurde auf der Dienststelle eine Blutentnahme durchgef\u00fchrt. Danach wurde ihm die Weiterfahrt untersagt, der F\u00fchrerschein und die Fahrzeugschl\u00fcssel wurden sichergestellt, und ihn erwartet nun ein Strafverfahren wegen Trunkenheit im Stra\u00dfenverkehr.\u00a0<\/span><\/p>\t\t\t\t\t\t<\/div>\n\t\t\t\t<\/div>\n\t\t\t\t<div class=\"elementor-element elementor-element-ace1283 elementor-widget-divider--view-line elementor-widget elementor-widget-divider\" data-id=\"ace1283\" data-element_type=\"widget\" data-widget_type=\"divider.default\">\n\t\t\t\t<div class=\"elementor-widget-container\">\n\t\t\t\t\t<div class=\"elementor-divider\">\n\t\t\t<span class=\"elementor-divider-separator\">\n\t\t\t\t\t\t<\/span>\n\t\t<\/div>\n\t\t\t\t<\/div>\n\t\t\t\t<\/div>\n\t\t\t\t<div class=\"elementor-element elementor-element-1l7zbzo elementor-widget elementor-widget-google_maps\" data-id=\"1l7zbzo\" data-element_type=\"widget\" data-widget_type=\"google_maps.default\">\n\t\t\t\t<div class=\"elementor-widget-container\">\n\t\t\t\t\t<div class=\"elementor-custom-embed\">\n\t\t\t<iframe loading=\"lazy\"\n\t\t\t\t\tsrc=\"https:\/\/maps.google.com\/maps?q=Allersberg%2C%20Deutschland&#038;t=m&#038;z=15&#038;output=embed&#038;iwloc=near\"\n\t\t\t\t\ttitle=\"Allersberg, Deutschland\"\n\t\t\t\t\taria-label=\"Allersberg, Deutschland\"\n\t\t\t><\/iframe>\n\t\t<\/div>\n\t\t\t\t<\/div>\n\t\t\t\t<\/div>\n\t\t\t\t\t<\/div>\n\t\t<\/div>\n\t\t\t\t<div class=\"elementor-column elementor-col-33 elementor-top-column elementor-element elementor-element-0w0urt1\" data-id=\"0w0urt1\" data-element_type=\"column\">\n\t\t\t<div class=\"elementor-widget-wrap\">\n\t\t\t\t\t\t\t<\/div>\n\t\t<\/div>\n\t\t\t\t\t<\/div>\n\t\t<\/section>\n\t\t\t\t<\/div>\n\t\t","protected":false},"excerpt":{"rendered":"<div class=\"mh-excerpt\"><p>Mit Alkohol unterwegs Allersberg &#8211; Am Donnerstagmorgen, den 18.10.2018, kontrollierte die Polizei in Allersberg\u00a0einen 62-J\u00e4hrigen Mann aus N\u00fcrnberg, wobei er alkoholbedingte Ausfallerscheinungen zeigte, die von einem Alkoholtest &#8211; der einen Wert von 0,84 mg\/l (1,68 <a class=\"mh-excerpt-more\" href=\"https:\/\/www.region-schwabach.de\/wordpress\/alkoholisiert-in-allersberg-unterwegs\/\" title=\"Alkoholisiert in Allersberg unterwegs\">[&#8230;]<\/a><\/p>\n<\/div>","protected":false},"author":1,"featured_media":61032,"comment_status":"open","ping_status":"open","sticky":false,"template":"","format":"standard","meta":{"_cbd_carousel_blocks":"[]","footnotes":""},"categories":[15],"tags":[6142,470,1820,556,1636,3978,297,463,981,39],"class_list":{"0":"post-61031","1":"post","2":"type-post","3":"status-publish","4":"format-standard","5":"has-post-thumbnail","7":"category-polizeimeldungen","8":"tag-18-10-2018","9":"tag-alkohol","10":"tag-alkoholtest","11":"tag-allersberg","12":"tag-blutentnahme","13":"tag-fuehrerschein-sichergestellt","14":"tag-hilpoltstein","15":"tag-pkw","16":"tag-polizei","17":"tag-verkehrskontrolle"},"_links":{"self":[{"href":"https:\/\/www.region-schwabach.de\/wordpress\/wp-json\/wp\/v2\/posts\/61031","targetHints":{"allow":["GET"]}}],"collection":[{"href":"https:\/\/www.region-schwabach.de\/wordpress\/wp-json\/wp\/v2\/posts"}],"about":[{"href":"https:\/\/www.region-schwabach.de\/wordpress\/wp-json\/wp\/v2\/types\/post"}],"author":[{"embeddable":true,"href":"https:\/\/www.region-schwabach.de\/wordpress\/wp-json\/wp\/v2\/users\/1"}],"replies":[{"embeddable":true,"href":"https:\/\/www.region-schwabach.de\/wordpress\/wp-json\/wp\/v2\/comments?post=61031"}],"version-history":[{"count":0,"href":"https:\/\/www.region-schwabach.de\/wordpress\/wp-json\/wp\/v2\/posts\/61031\/revisions"}],"wp:featuredmedia":[{"embeddable":true,"href":"https:\/\/www.region-schwabach.de\/wordpress\/wp-json\/wp\/v2\/media\/61032"}],"wp:attachment":[{"href":"https:\/\/www.region-schwabach.de\/wordpress\/wp-json\/wp\/v2\/media?parent=61031"}],"wp:term":[{"taxonomy":"category","embeddable":true,"href":"https:\/\/www.region-schwabach.de\/wordpress\/wp-json\/wp\/v2\/categories?post=61031"},{"taxonomy":"post_tag","embeddable":true,"href":"https:\/\/www.region-schwabach.de\/wordpress\/wp-json\/wp\/v2\/tags?post=61031"}],"curies":[{"name":"wp","href":"https:\/\/api.w.org\/{rel}","templated":true}]}}